{"id":17385,"global_id":"www.ufmg.br\/centrocultural?id=17385","global_id_lineage":["www.ufmg.br\/centrocultural?id=17385"],"author":"8","status":"publish","date":"2022-04-25 11:59:00","date_utc":"2022-04-25 14:59:00","modified":"2022-04-26 09:06:54","modified_utc":"2022-04-26 12:06:54","url":"https:\/\/www.ufmg.br\/centrocultural\/evento\/espetaculo-viralata-o-palhaco-ta-solto\/","rest_url":"https:\/\/www.ufmg.br\/centrocultural\/wp-json\/tribe\/events\/v1\/events\/17385","title":"Espet\u00e1culo: &#8216;Viralata: o palha\u00e7o t\u00e1 solto!&#8217;","description":"<div id=\"cmsmasters_row_80ll7bgjgj\" class=\"cmsmasters_row cmsmasters_color_scheme_default cmsmasters_row_top_default cmsmasters_row_bot_default cmsmasters_row_boxed\">\n<div class=\"cmsmasters_row_outer_parent\">\n<div class=\"cmsmasters_row_outer\">\n<div class=\"cmsmasters_row_inner\">\n<div class=\"cmsmasters_row_margin\">\n<div id=\"cmsmasters_column_y9mujrx9w\" class=\"cmsmasters_column one_first\">\n<div class=\"cmsmasters_column_inner\">\n<div class=\"cmsmasters_sharing\">\n<div class=\"share_wrap\">\n<a href=\"https:\/\/twitter.com\/intent\/tweet?text=Check+out+%27%27+on+Centro+Cultural++UFMG+website&url=\" class=\"button cmsmasters-icon-twitter\">Twitter<\/a>\n<\/div>\n<div class=\"share_wrap\">\n<a href=\"https:\/\/www.facebook.com\/sharer\/sharer.php?display=popup&u=\" class=\"button cmsmasters-icon-facebook\">Facebook<\/a>\n<\/div>\n<\/div>\n<\/div><\/div>\n<\/div>\n<\/div>\n<\/div>\n<\/div>\n<\/div>\n<div id=\"cmsmasters_row_\" class=\"cmsmasters_row cmsmasters_color_scheme_default cmsmasters_row_top_default cmsmasters_row_bot_default cmsmasters_row_boxed\">\n<div class=\"cmsmasters_row_outer_parent\">\n<div class=\"cmsmasters_row_outer\">\n<div class=\"cmsmasters_row_inner\">\n<div class=\"cmsmasters_row_margin\">\n<div id=\"cmsmasters_column_\" class=\"cmsmasters_column one_first\">\n<div class=\"cmsmasters_column_inner\"><div class=\"cmsmasters_text\">\n<p><strong>Espet\u00e1culo: &#8216;Viralata: o palha\u00e7o t\u00e1 solto!&#8217;<\/strong><br \/>\n<em>Projeto Baixo Centro En[cena] apresenta espet\u00e1culo solo para rua com Rodrigo Roble\u00f1o<\/em><\/p>\n<p>Data: 29 de abril de 2022<br \/>\nHor\u00e1rio: 18h30<br \/>\nLocal: P\u00e1tio interno ao Centro Cultural UFMG<br \/>\nDura\u00e7\u00e3o: 45 minutos<br \/>\nCria\u00e7\u00e3o, dire\u00e7\u00e3o e atua\u00e7\u00e3o: Rodrigo Roble\u00f1o<br \/>\nEntrada gratuita<br \/>\nClassifica\u00e7\u00e3o: livre<\/p>\n<p>Leia mais clicando <a href=\"https:\/\/www.ufmg.br\/centrocultural\/?p=17388\">neste link<\/a><\/p>\n<\/div>\n<\/div><\/div>\n<\/div>\n<\/div>\n<\/div>\n<\/div>\n<\/div>\n<div id=\"cmsmasters_row_yizz2tmc78\" class=\"cmsmasters_row cmsmasters_color_scheme_default cmsmasters_row_top_default cmsmasters_row_bot_default cmsmasters_row_boxed\">\n<div class=\"cmsmasters_row_outer_parent\">\n<div class=\"cmsmasters_row_outer\">\n<div class=\"cmsmasters_row_inner\">\n<div class=\"cmsmasters_row_margin\">\n<div id=\"cmsmasters_column_rorjqd9wju\" class=\"cmsmasters_column one_first\">\n<div class=\"cmsmasters_column_inner\"><div id=\"cmsmasters_notice_o1f54tzwwp\" class=\"cmsmasters_notice cmsmasters_notice_success cmsmasters-icon-check-1\">\n<a href=\"#\" class=\"notice_close cmsmasters_theme_icon_cancel\"><\/a><div class=\"notice_content\">\n<p><em>Lembre-se: \u00e9 necess\u00e1rio o uso de m\u00e1scara nos espa\u00e7os do Centro Cultural\u00a0 UFMG mesmo para imunizados<\/em><\/p>\n<\/div>\n<\/div>\n<\/div><\/div>\n<\/div>\n<\/div>\n<\/div>\n<\/div>\n<\/div>","excerpt":"","slug":"espetaculo-viralata-o-palhaco-ta-solto","image":{"url":"https:\/\/www.ufmg.br\/centrocultural\/wp-content\/uploads\/2022\/04\/Rodrigo-Robleno-por-Leyla-Leon-scaled.jpg","id":17392,"extension":"jpg","width":2560,"height":1707,"sizes":{"medium":{"width":600,"height":400,"mime-type":"image\/jpeg","url":"https:\/\/www.ufmg.br\/centrocultural\/wp-content\/uploads\/2022\/04\/Rodrigo-Robleno-por-Leyla-Leon-600x400.jpg"},"large":{"width":1024,"height":683,"mime-type":"image\/jpeg","url":"https:\/\/www.ufmg.br\/centrocultural\/wp-content\/uploads\/2022\/04\/Rodrigo-Robleno-por-Leyla-Leon-1024x683.jpg"},"thumbnail":{"width":300,"height":300,"mime-type":"image\/jpeg","url":"https:\/\/www.ufmg.br\/centrocultural\/wp-content\/uploads\/2022\/04\/Rodrigo-Robleno-por-Leyla-Leon-300x300.jpg"},"medium_large":{"width":768,"height":512,"mime-type":"image\/jpeg","url":"https:\/\/www.ufmg.br\/centrocultural\/wp-content\/uploads\/2022\/04\/Rodrigo-Robleno-por-Leyla-Leon-768x512.jpg"},"1536x1536":{"width":1536,"height":1024,"mime-type":"image\/jpeg","url":"https:\/\/www.ufmg.br\/centrocultural\/wp-content\/uploads\/2022\/04\/Rodrigo-Robleno-por-Leyla-Leon-1536x1024.jpg"},"2048x2048":{"width":2048,"height":1365,"mime-type":"image\/jpeg","url":"https:\/\/www.ufmg.br\/centrocultural\/wp-content\/uploads\/2022\/04\/Rodrigo-Robleno-por-Leyla-Leon-2048x1365.jpg"},"post-thumbnail":{"width":860,"height":575,"mime-type":"image\/jpeg","url":"https:\/\/www.ufmg.br\/centrocultural\/wp-content\/uploads\/2022\/04\/Rodrigo-Robleno-por-Leyla-Leon-860x575.jpg"},"cmsmasters-small-thumb":{"width":180,"height":180,"mime-type":"image\/jpeg","url":"https:\/\/www.ufmg.br\/centrocultural\/wp-content\/uploads\/2022\/04\/Rodrigo-Robleno-por-Leyla-Leon-180x180.jpg"},"cmsmasters-square-thumb":{"width":580,"height":580,"mime-type":"image\/jpeg","url":"https:\/\/www.ufmg.br\/centrocultural\/wp-content\/uploads\/2022\/04\/Rodrigo-Robleno-por-Leyla-Leon-580x580.jpg"},"cmsmasters-blog-masonry-thumb":{"width":360,"height":460,"mime-type":"image\/jpeg","url":"https:\/\/www.ufmg.br\/centrocultural\/wp-content\/uploads\/2022\/04\/Rodrigo-Robleno-por-Leyla-Leon-360x460.jpg"},"cmsmasters-project-thumb":{"width":580,"height":420,"mime-type":"image\/jpeg","url":"https:\/\/www.ufmg.br\/centrocultural\/wp-content\/uploads\/2022\/04\/Rodrigo-Robleno-por-Leyla-Leon-580x420.jpg"},"cmsmasters-project-masonry-thumb":{"width":580,"height":387,"mime-type":"image\/jpeg","url":"https:\/\/www.ufmg.br\/centrocultural\/wp-content\/uploads\/2022\/04\/Rodrigo-Robleno-por-Leyla-Leon-580x387.jpg"},"cmsmasters-masonry-thumb":{"width":860,"height":573,"mime-type":"image\/jpeg","url":"https:\/\/www.ufmg.br\/centrocultural\/wp-content\/uploads\/2022\/04\/Rodrigo-Robleno-por-Leyla-Leon-860x573.jpg"},"cmsmasters-full-thumb":{"width":1160,"height":775,"mime-type":"image\/jpeg","url":"https:\/\/www.ufmg.br\/centrocultural\/wp-content\/uploads\/2022\/04\/Rodrigo-Robleno-por-Leyla-Leon-1160x775.jpg"},"cmsmasters-project-full-thumb":{"width":1160,"height":561,"mime-type":"image\/jpeg","url":"https:\/\/www.ufmg.br\/centrocultural\/wp-content\/uploads\/2022\/04\/Rodrigo-Robleno-por-Leyla-Leon-1160x561.jpg"},"cmsmasters-full-masonry-thumb":{"width":1160,"height":773,"mime-type":"image\/jpeg","url":"https:\/\/www.ufmg.br\/centrocultural\/wp-content\/uploads\/2022\/04\/Rodrigo-Robleno-por-Leyla-Leon-1160x773.jpg"}},"original_image":"Rodrigo-Robleno-por-Leyla-Leon.jpg"},"all_day":false,"start_date":"2022-04-29 18:30:00","start_date_details":{"year":"2022","month":"04","day":"29","hour":"18","minutes":"30","seconds":"00"},"end_date":"2022-04-29 19:30:00","end_date_details":{"year":"2022","month":"04","day":"29","hour":"19","minutes":"30","seconds":"00"},"utc_start_date":"2022-04-29 21:30:00","utc_start_date_details":{"year":"2022","month":"04","day":"29","hour":"21","minutes":"30","seconds":"00"},"utc_end_date":"2022-04-29 22:30:00","utc_end_date_details":{"year":"2022","month":"04","day":"29","hour":"22","minutes":"30","seconds":"00"},"timezone":"America\/Sao_Paulo","timezone_abbr":"-03","cost":"","cost_details":{"currency_symbol":"","currency_code":"","currency_position":"prefix","values":[]},"website":"https:\/\/www.ufmg.br\/centrocultural\/?post_type=tribe_events","show_map":true,"show_map_link":true,"hide_from_listings":false,"sticky":false,"featured":false,"categories":[{"name":"Baixo Centro En[cena]","slug":"baixo-centro-encena","term_group":0,"term_taxonomy_id":21,"taxonomy":"tribe_events_cat","description":"","parent":0,"count":10,"filter":"raw","id":21,"urls":{"self":"https:\/\/www.ufmg.br\/centrocultural\/wp-json\/tribe\/events\/v1\/categories\/21","collection":"https:\/\/www.ufmg.br\/centrocultural\/wp-json\/tribe\/events\/v1\/categories"}},{"name":"Espet\u00e1culos","slug":"espetaculos","term_group":0,"term_taxonomy_id":52,"taxonomy":"tribe_events_cat","description":"","parent":0,"count":26,"filter":"raw","id":52,"urls":{"self":"https:\/\/www.ufmg.br\/centrocultural\/wp-json\/tribe\/events\/v1\/categories\/52","collection":"https:\/\/www.ufmg.br\/centrocultural\/wp-json\/tribe\/events\/v1\/categories"}}],"tags":[{"name":"arte","slug":"arte","term_group":0,"term_taxonomy_id":163,"taxonomy":"post_tag","description":"","parent":0,"count":62,"filter":"raw","id":163,"urls":{"self":"https:\/\/www.ufmg.br\/centrocultural\/wp-json\/tribe\/events\/v1\/tags\/163","collection":"https:\/\/www.ufmg.br\/centrocultural\/wp-json\/tribe\/events\/v1\/tags"}},{"name":"espet\u00e1culoderua","slug":"espetaculoderua","term_group":0,"term_taxonomy_id":164,"taxonomy":"post_tag","description":"","parent":0,"count":2,"filter":"raw","id":164,"urls":{"self":"https:\/\/www.ufmg.br\/centrocultural\/wp-json\/tribe\/events\/v1\/tags\/164","collection":"https:\/\/www.ufmg.br\/centrocultural\/wp-json\/tribe\/events\/v1\/tags"}}],"venue":[],"organizer":[],"custom_fields":[],"json_ld":{"@context":"http:\/\/schema.org","@type":"Event","name":"Espet\u00e1culo: &#8216;Viralata: o palha\u00e7o t\u00e1 solto!&#8217;","description":"&lt;p&gt;Espet\u00e1culo: \\'Viralata: o palha\u00e7o t\u00e1 solto!\\' Projeto Baixo Centro En apresenta espet\u00e1culo solo para rua com Rodrigo Roble\u00f1o Data: 29 de abril de 2022 Hor\u00e1rio: 18h30 Local: P\u00e1tio interno ao...&lt;\/p&gt;\\n","image":"https:\/\/www.ufmg.br\/centrocultural\/wp-content\/uploads\/2022\/04\/Rodrigo-Robleno-por-Leyla-Leon-scaled.jpg","url":"https:\/\/www.ufmg.br\/centrocultural\/evento\/espetaculo-viralata-o-palhaco-ta-solto\/","eventAttendanceMode":"https:\/\/schema.org\/OfflineEventAttendanceMode","eventStatus":"https:\/\/schema.org\/EventScheduled","startDate":"2022-04-29T18:30:00-03:00","endDate":"2022-04-29T19:30:00-03:00","performer":"Organization"}}