{"id":17501,"global_id":"www.ufmg.br\/centrocultural?id=17501","global_id_lineage":["www.ufmg.br\/centrocultural?id=17501"],"author":"8","status":"publish","date":"2022-04-28 12:34:07","date_utc":"2022-04-28 15:34:07","modified":"2022-05-25 11:40:51","modified_utc":"2022-05-25 14:40:51","url":"https:\/\/www.ufmg.br\/centrocultural\/evento\/exposicao-seres\/","rest_url":"https:\/\/www.ufmg.br\/centrocultural\/wp-json\/tribe\/events\/v1\/events\/17501","title":"Exposi\u00e7\u00e3o &#8216;Seres&#8217;","description":"<div id=\"cmsmasters_row_4xlakn79d5\" class=\"cmsmasters_row cmsmasters_color_scheme_default cmsmasters_row_top_default cmsmasters_row_bot_default cmsmasters_row_boxed\">\n<div class=\"cmsmasters_row_outer_parent\">\n<div class=\"cmsmasters_row_outer\">\n<div class=\"cmsmasters_row_inner\">\n<div class=\"cmsmasters_row_margin\">\n<div id=\"cmsmasters_column_92chlvxoj8\" class=\"cmsmasters_column one_first\">\n<div class=\"cmsmasters_column_inner\">\n<div class=\"cmsmasters_sharing\">\n<div class=\"share_wrap\">\n<a href=\"https:\/\/twitter.com\/intent\/tweet?text=Check+out+%27%27+on+Centro+Cultural++UFMG+website&url=\" class=\"button cmsmasters-icon-twitter\">Twitter<\/a>\n<\/div>\n<div class=\"share_wrap\">\n<a href=\"https:\/\/www.facebook.com\/sharer\/sharer.php?display=popup&u=\" class=\"button cmsmasters-icon-facebook\">Facebook<\/a>\n<\/div>\n<\/div>\n<\/div><\/div>\n<\/div>\n<\/div>\n<\/div>\n<\/div>\n<\/div>\n<div id=\"cmsmasters_row_\" class=\"cmsmasters_row cmsmasters_color_scheme_default cmsmasters_row_top_default cmsmasters_row_bot_default cmsmasters_row_boxed\">\n<div class=\"cmsmasters_row_outer_parent\">\n<div class=\"cmsmasters_row_outer\">\n<div class=\"cmsmasters_row_inner\">\n<div class=\"cmsmasters_row_margin\">\n<div id=\"cmsmasters_column_\" class=\"cmsmasters_column one_first\">\n<div class=\"cmsmasters_column_inner\"><div class=\"cmsmasters_text\">\n<p><strong>Exposi\u00e7\u00e3o &#8216;Seres&#8217;<\/strong><br \/>\n<strong>T\u00e2mara Sardinha Moreira<\/strong><\/p>\n<p>Abertura: 9 de novembro de 2022<br \/>\nVisita\u00e7\u00e3o: at\u00e9 o dia 11\/12\/2022<br \/>\nTer\u00e7as a sextas: 9h \u00e0s 20h<br \/>\nS\u00e1bados, domingos e feriados: 9h \u00e0s 17h<br \/>\nSala Ana Horta<br \/>\nEntrada gratuita<\/p>\n<p>Consulte <span style=\"color: #00ccff;\"><a style=\"color: #00ccff;\" href=\"https:\/\/www.google.com.br\/maps\/dir\/\/Av.+Santos+Dumont,+174+-+Centro,+Belo+Horizonte+-+MG,+30111-040\/@-19.9170546,-43.9360151,17z\/data=!4m6!4m5!1m0!1m2!1m1!1s0xa699fbd5aaae01:0xab4780c129fa0883!3e0\">rotas e meios de transporte<\/a><\/span> para chegar ao Centro Cultural UFMG<\/p>\n<p><em>Aten\u00e7\u00e3o:aguarde novas informa\u00e7\u00f5es.<\/em><\/p>\n<\/div>\n<\/div><\/div>\n<\/div>\n<\/div>\n<\/div>\n<\/div>\n<\/div>\n<div id=\"cmsmasters_row_7xwnztviwc\" class=\"cmsmasters_row cmsmasters_color_scheme_default cmsmasters_row_top_default cmsmasters_row_bot_default cmsmasters_row_boxed\">\n<div class=\"cmsmasters_row_outer_parent\">\n<div class=\"cmsmasters_row_outer\">\n<div class=\"cmsmasters_row_inner\">\n<div class=\"cmsmasters_row_margin\">\n<div id=\"cmsmasters_column_i3oqej8gwl\" class=\"cmsmasters_column three_fourth\">\n<div class=\"cmsmasters_column_inner\"><div id=\"cmsmasters_notice_5k2mj69chw\" class=\"cmsmasters_notice cmsmasters_notice_warning cmsmasters-icon-check-1\">\n<a href=\"#\" class=\"notice_close cmsmasters_theme_icon_cancel\"><\/a><div class=\"notice_content\">\n<p>Lembre-se: \u00e9 necess\u00e1rio o uso de m\u00e1scara nos espa\u00e7os do Centro Cultural UFMG mesmo para imunizados<\/p>\n<\/div>\n<\/div>\n<\/div><\/div>\n<div id=\"cmsmasters_column_7w77uc9z2p\" class=\"cmsmasters_column one_fourth\">\n<div class=\"cmsmasters_column_inner\"><\/div><\/div>\n<\/div>\n<\/div>\n<\/div>\n<\/div>\n<\/div>","excerpt":"","slug":"exposicao-seres","image":false,"all_day":false,"start_date":"2022-11-09 00:00:00","start_date_details":{"year":"2022","month":"11","day":"09","hour":"00","minutes":"00","seconds":"00"},"end_date":"2022-12-11 17:00:00","end_date_details":{"year":"2022","month":"12","day":"11","hour":"17","minutes":"00","seconds":"00"},"utc_start_date":"2022-11-09 02:00:00","utc_start_date_details":{"year":"2022","month":"11","day":"09","hour":"02","minutes":"00","seconds":"00"},"utc_end_date":"2022-12-11 19:00:00","utc_end_date_details":{"year":"2022","month":"12","day":"11","hour":"19","minutes":"00","seconds":"00"},"timezone":"America\/Sao_Paulo","timezone_abbr":"-02","cost":"","cost_details":{"currency_symbol":"","currency_code":"","currency_position":"prefix","values":[]},"website":"https:\/\/www.ufmg.br\/centrocultural\/?post_type=tribe_events","show_map":true,"show_map_link":true,"hide_from_listings":false,"sticky":false,"featured":false,"categories":[{"name":"Exposi\u00e7\u00f5es","slug":"exposicoes","term_group":0,"term_taxonomy_id":32,"taxonomy":"tribe_events_cat","description":"","parent":0,"count":76,"filter":"raw","id":32,"urls":{"self":"https:\/\/www.ufmg.br\/centrocultural\/wp-json\/tribe\/events\/v1\/categories\/32","collection":"https:\/\/www.ufmg.br\/centrocultural\/wp-json\/tribe\/events\/v1\/categories"}}],"tags":[{"name":"arte","slug":"arte","term_group":0,"term_taxonomy_id":163,"taxonomy":"post_tag","description":"","parent":0,"count":62,"filter":"raw","id":163,"urls":{"self":"https:\/\/www.ufmg.br\/centrocultural\/wp-json\/tribe\/events\/v1\/tags\/163","collection":"https:\/\/www.ufmg.br\/centrocultural\/wp-json\/tribe\/events\/v1\/tags"}},{"name":"exposicao","slug":"exposicao","term_group":0,"term_taxonomy_id":122,"taxonomy":"post_tag","description":"","parent":0,"count":90,"filter":"raw","id":122,"urls":{"self":"https:\/\/www.ufmg.br\/centrocultural\/wp-json\/tribe\/events\/v1\/tags\/122","collection":"https:\/\/www.ufmg.br\/centrocultural\/wp-json\/tribe\/events\/v1\/tags"}},{"name":"tamarasardinhamoreira","slug":"tamarasardinhamoreira","term_group":0,"term_taxonomy_id":201,"taxonomy":"post_tag","description":"","parent":0,"count":2,"filter":"raw","id":201,"urls":{"self":"https:\/\/www.ufmg.br\/centrocultural\/wp-json\/tribe\/events\/v1\/tags\/201","collection":"https:\/\/www.ufmg.br\/centrocultural\/wp-json\/tribe\/events\/v1\/tags"}}],"venue":[],"organizer":[],"custom_fields":[],"json_ld":{"@context":"http:\/\/schema.org","@type":"Event","name":"Exposi\u00e7\u00e3o &#8216;Seres&#8217;","description":"&lt;p&gt;Exposi\u00e7\u00e3o \\'Seres\\' T\u00e2mara Sardinha Moreira Abertura: 9 de novembro de 2022 Visita\u00e7\u00e3o: at\u00e9 o dia 11\/12\/2022 Ter\u00e7as a sextas: 9h \u00e0s 20h S\u00e1bados, domingos e feriados: 9h \u00e0s 17h Sala...&lt;\/p&gt;\\n","url":"https:\/\/www.ufmg.br\/centrocultural\/evento\/exposicao-seres\/","eventAttendanceMode":"https:\/\/schema.org\/OfflineEventAttendanceMode","eventStatus":"https:\/\/schema.org\/EventScheduled","startDate":"2022-11-09T00:00:00-03:00","endDate":"2022-12-11T17:00:00-03:00","performer":"Organization"}}