{"id":15435,"date":"2020-04-14T12:04:05","date_gmt":"2020-04-14T15:04:05","guid":{"rendered":"https:\/\/www.ufmg.br\/centrocultural\/?p=15435"},"modified":"2022-03-18T09:47:11","modified_gmt":"2022-03-18T12:47:11","slug":"cineclassicos-quarentena-2","status":"publish","type":"post","link":"https:\/\/www.ufmg.br\/centrocultural\/cineclassicos-quarentena-2\/","title":{"rendered":"CineCl\u00e1ssicos Quarentena #2"},"content":{"rendered":"<p>O CineCentro d\u00e1 continuidade a programa\u00e7\u00e3o do cinema propondo uma mostra de filmes cl\u00e1ssicos nacionais que podem ser assistidos em casa neste per\u00edodo de isolamento social. Na sele\u00e7\u00e3o do CineCl\u00e1ssico Quarentena ser\u00e3o indicadas pel\u00edculas consagradas pelo p\u00fablico e cr\u00edtica, que s\u00e3o encontradas na \u00edntegra pelo YouTube, conforme links fornecidos abaixo.<\/p>\n<p>Para o m\u00eas de abril foram selecionados oito cl\u00e1ssicos de diferentes diretores, \u00e9pocas e g\u00eaneros, com o objetivo de convidar o p\u00fablico para conhecer ou rever importantes filmes que marcaram o cinema brasileiro. O cinema nacional, embora n\u00e3o muito valorizado, oferece produ\u00e7\u00f5es e conte\u00fados que favorecem reflex\u00f5es sempre necess\u00e1rias, principalmente no momento que estamos vivendo.<\/p>\n<p>Sugerimos uma leitura da descri\u00e7\u00e3o dos filmes, pois alguns t\u00eam classifica\u00e7\u00e3o indicativa para maiores de 18 anos.<\/p>\n<p>Confira os filmes desta semana:<\/p>\n<p>&nbsp;<\/p>\n<p><strong>14.04 \u2013 Drama \u2013 Deus e o Diabo na Terra do Sol &#8211; (14 anos, Dire\u00e7\u00e3o: Glauber Rocha, 1964, 118\u2019).<\/strong><\/p>\n<p><img loading=\"lazy\" decoding=\"async\" class=\"alignnone size-medium wp-image-15436\" src=\"https:\/\/www.ufmg.br\/centrocultural\/wp-content\/uploads\/2020\/04\/14.04-Deus-e-o-Diabo-na-Terra-do-Sol-439x600.jpg\" alt=\"\" width=\"439\" height=\"600\" srcset=\"https:\/\/www.ufmg.br\/centrocultural\/wp-content\/uploads\/2020\/04\/14.04-Deus-e-o-Diabo-na-Terra-do-Sol-439x600.jpg 439w, https:\/\/www.ufmg.br\/centrocultural\/wp-content\/uploads\/2020\/04\/14.04-Deus-e-o-Diabo-na-Terra-do-Sol-768x1049.jpg 768w, https:\/\/www.ufmg.br\/centrocultural\/wp-content\/uploads\/2020\/04\/14.04-Deus-e-o-Diabo-na-Terra-do-Sol-749x1024.jpg 749w, https:\/\/www.ufmg.br\/centrocultural\/wp-content\/uploads\/2020\/04\/14.04-Deus-e-o-Diabo-na-Terra-do-Sol-580x792.jpg 580w, https:\/\/www.ufmg.br\/centrocultural\/wp-content\/uploads\/2020\/04\/14.04-Deus-e-o-Diabo-na-Terra-do-Sol-860x1175.jpg 860w, https:\/\/www.ufmg.br\/centrocultural\/wp-content\/uploads\/2020\/04\/14.04-Deus-e-o-Diabo-na-Terra-do-Sol-1160x1585.jpg 1160w\" sizes=\"auto, (max-width: 439px) 100vw, 439px\" \/><\/p>\n<p>O filme come\u00e7a\u00a0como um t\u00edpico &#8220;western&#8221;, opondo o vaqueiro Manuel (Geraldo Del Rey) ao patr\u00e3o\u00a0que toma seu gado. Manuel mata o patr\u00e3o numa briga e foge com a mulher, Rosa\u00a0(Yon\u00e1 Magalh\u00e3es). Os donos da terra mandam no seu encal\u00e7o o jagun\u00e7o Ant\u00f4nio das\u00a0Mortes (Maur\u00edcio do Valle).<\/p>\n<p>Link: <a href=\"https:\/\/www.youtube.com\/watch?v=OlgBrV-E0v0\" data-saferedirecturl=\"https:\/\/www.google.com\/url?q=https:\/\/www.youtube.com\/watch?v%3DOlgBrV-E0v0&amp;source=gmail&amp;ust=1587653555179000&amp;usg=AFQjCNEHo9v9RtXaLsg3z_LOB90is1GYuQ\">https:\/\/www.youtube.com\/watch?v=OlgBrV-E0v0<\/a><\/p>\n<p>&nbsp;<\/p>\n<p><strong>16.04 \u2013 Drama &#8211; Vidas secas &#8211; (Livre, Dire\u00e7\u00e3o: Nelson Pereira dos Santos, 1963, 99\u2019).<\/strong><\/p>\n<figure id=\"attachment_15437\" aria-describedby=\"caption-attachment-15437\" style=\"width: 600px\" class=\"wp-caption alignnone\"><img loading=\"lazy\" decoding=\"async\" class=\"size-medium wp-image-15437\" src=\"https:\/\/www.ufmg.br\/centrocultural\/wp-content\/uploads\/2020\/04\/16.04-Vidas-secas-600x461.jpg\" alt=\"\" width=\"600\" height=\"461\" srcset=\"https:\/\/www.ufmg.br\/centrocultural\/wp-content\/uploads\/2020\/04\/16.04-Vidas-secas-600x461.jpg 600w, https:\/\/www.ufmg.br\/centrocultural\/wp-content\/uploads\/2020\/04\/16.04-Vidas-secas-768x590.jpg 768w, https:\/\/www.ufmg.br\/centrocultural\/wp-content\/uploads\/2020\/04\/16.04-Vidas-secas-1024x787.jpg 1024w, https:\/\/www.ufmg.br\/centrocultural\/wp-content\/uploads\/2020\/04\/16.04-Vidas-secas-580x446.jpg 580w, https:\/\/www.ufmg.br\/centrocultural\/wp-content\/uploads\/2020\/04\/16.04-Vidas-secas-860x661.jpg 860w, https:\/\/www.ufmg.br\/centrocultural\/wp-content\/uploads\/2020\/04\/16.04-Vidas-secas-1160x891.jpg 1160w, https:\/\/www.ufmg.br\/centrocultural\/wp-content\/uploads\/2020\/04\/16.04-Vidas-secas.jpg 1406w\" sizes=\"auto, (max-width: 600px) 100vw, 600px\" \/><figcaption id=\"caption-attachment-15437\" class=\"wp-caption-text\">Digital Fusion Image Library TIFF File<\/figcaption><\/figure>\n<p>Uma fam\u00edlia miser\u00e1vel tenta escapar da seca no sert\u00e3o nordestino. Fabiano (\u00c1tila I\u00f3rio), Sinh\u00e1 Vit\u00f3ria (Maria Ribeiro), seus dois filhos e a cachorra Baleia vagam sem destino e j\u00e1 quase sem esperan\u00e7as pelos confins do interior, sobrevivendo \u00e0s for\u00e7as da natureza e \u00e0 crueldade dos homens.<\/p>\n<p>Link: <a href=\"https:\/\/www.youtube.com\/watch?v=m5fsDcFOdwQ\" data-saferedirecturl=\"https:\/\/www.google.com\/url?q=https:\/\/www.youtube.com\/watch?v%3Dm5fsDcFOdwQ&amp;source=gmail&amp;ust=1587653555179000&amp;usg=AFQjCNGIBBpPyttESgPY0WCJAU-SzNUs_g\">https:\/\/www.youtube.com\/watch?v=m5fsDcFOdwQ<\/a><\/p>\n<p>&nbsp;<\/p>\n<p><strong>Projeto CineCentro | CineCl\u00e1ssico Quarentena<br \/>\n<\/strong>Ter\u00e7as e quintas-feiras<\/p>\n","protected":false},"excerpt":{"rendered":"<p>O CineCentro d\u00e1 continuidade a programa\u00e7\u00e3o do cinema propondo uma mostra de filmes cl\u00e1ssicos nacionais que podem ser assistidos em casa neste per\u00edodo de isolamento social. Na sele\u00e7\u00e3o do CineCl\u00e1ssico&#8230;<\/p>\n","protected":false},"author":7,"featured_media":15436,"comment_status":"closed","ping_status":"closed","sticky":false,"template":"","format":"standard","meta":{"footnotes":""},"categories":[55,91],"tags":[57,58,59],"class_list":["post-15435","post","type-post","status-publish","format-standard","has-post-thumbnail","hentry","category-cinecentro","category-noticias","tag-cinecentro","tag-cineclassicos","tag-quarentena"],"_links":{"self":[{"href":"https:\/\/www.ufmg.br\/centrocultural\/wp-json\/wp\/v2\/posts\/15435","targetHints":{"allow":["GET"]}}],"collection":[{"href":"https:\/\/www.ufmg.br\/centrocultural\/wp-json\/wp\/v2\/posts"}],"about":[{"href":"https:\/\/www.ufmg.br\/centrocultural\/wp-json\/wp\/v2\/types\/post"}],"author":[{"embeddable":true,"href":"https:\/\/www.ufmg.br\/centrocultural\/wp-json\/wp\/v2\/users\/7"}],"replies":[{"embeddable":true,"href":"https:\/\/www.ufmg.br\/centrocultural\/wp-json\/wp\/v2\/comments?post=15435"}],"version-history":[{"count":3,"href":"https:\/\/www.ufmg.br\/centrocultural\/wp-json\/wp\/v2\/posts\/15435\/revisions"}],"predecessor-version":[{"id":15627,"href":"https:\/\/www.ufmg.br\/centrocultural\/wp-json\/wp\/v2\/posts\/15435\/revisions\/15627"}],"wp:featuredmedia":[{"embeddable":true,"href":"https:\/\/www.ufmg.br\/centrocultural\/wp-json\/wp\/v2\/media\/15436"}],"wp:attachment":[{"href":"https:\/\/www.ufmg.br\/centrocultural\/wp-json\/wp\/v2\/media?parent=15435"}],"wp:term":[{"taxonomy":"category","embeddable":true,"href":"https:\/\/www.ufmg.br\/centrocultural\/wp-json\/wp\/v2\/categories?post=15435"},{"taxonomy":"post_tag","embeddable":true,"href":"https:\/\/www.ufmg.br\/centrocultural\/wp-json\/wp\/v2\/tags?post=15435"}],"curies":[{"name":"wp","href":"https:\/\/api.w.org\/{rel}","templated":true}]}}