{"id":15548,"date":"2020-05-16T12:12:15","date_gmt":"2020-05-16T15:12:15","guid":{"rendered":"https:\/\/www.ufmg.br\/centrocultural\/?p=15548"},"modified":"2020-05-16T12:12:15","modified_gmt":"2020-05-16T15:12:15","slug":"oficina-vivencia-circense","status":"publish","type":"post","link":"https:\/\/www.ufmg.br\/centrocultural\/oficina-vivencia-circense\/","title":{"rendered":"Oficina &#8220;Viv\u00eancia Circense&#8221;"},"content":{"rendered":"<p><iframe loading=\"lazy\" width=\"1160\" height=\"653\" src=\"https:\/\/www.youtube.com\/embed\/v4d-Y5jqhaQ?feature=oembed\" frameborder=\"0\" allow=\"accelerometer; autoplay; encrypted-media; gyroscope; picture-in-picture\" allowfullscreen><\/iframe><\/p>\n<p>Oficina de jogos de improvisa\u00e7\u00e3o c\u00eanica, est\u00edmulos musicais espont\u00e2neos e de pr\u00e1ticas corporais coletivas realizada em 2017 no Centro Cultural UFMG.<\/p>\n<p>Revisite essa viv\u00eancia onde os participantes tiveram contato com a est\u00e9tica de composi\u00e7\u00e3o sonora e corporal do processo criativo da performance circense com o Coletivo de Circo Contempor\u00e2neo Somos7.<\/p>\n","protected":false},"excerpt":{"rendered":"<p>Oficina de jogos de improvisa\u00e7\u00e3o c\u00eanica, est\u00edmulos musicais espont\u00e2neos e de pr\u00e1ticas corporais coletivas realizada em 2017 no Centro Cultural UFMG. Revisite essa viv\u00eancia onde os participantes tiveram contato com&#8230;<\/p>\n","protected":false},"author":7,"featured_media":15550,"comment_status":"closed","ping_status":"closed","sticky":false,"template":"","format":"video","meta":{"footnotes":""},"categories":[60],"tags":[62],"class_list":["post-15548","post","type-post","status-publish","format-video","has-post-thumbnail","hentry","category-arte-revista","tag-projetoarterevista","post_format-post-format-video"],"_links":{"self":[{"href":"https:\/\/www.ufmg.br\/centrocultural\/wp-json\/wp\/v2\/posts\/15548","targetHints":{"allow":["GET"]}}],"collection":[{"href":"https:\/\/www.ufmg.br\/centrocultural\/wp-json\/wp\/v2\/posts"}],"about":[{"href":"https:\/\/www.ufmg.br\/centrocultural\/wp-json\/wp\/v2\/types\/post"}],"author":[{"embeddable":true,"href":"https:\/\/www.ufmg.br\/centrocultural\/wp-json\/wp\/v2\/users\/7"}],"replies":[{"embeddable":true,"href":"https:\/\/www.ufmg.br\/centrocultural\/wp-json\/wp\/v2\/comments?post=15548"}],"version-history":[{"count":1,"href":"https:\/\/www.ufmg.br\/centrocultural\/wp-json\/wp\/v2\/posts\/15548\/revisions"}],"predecessor-version":[{"id":15551,"href":"https:\/\/www.ufmg.br\/centrocultural\/wp-json\/wp\/v2\/posts\/15548\/revisions\/15551"}],"wp:featuredmedia":[{"embeddable":true,"href":"https:\/\/www.ufmg.br\/centrocultural\/wp-json\/wp\/v2\/media\/15550"}],"wp:attachment":[{"href":"https:\/\/www.ufmg.br\/centrocultural\/wp-json\/wp\/v2\/media?parent=15548"}],"wp:term":[{"taxonomy":"category","embeddable":true,"href":"https:\/\/www.ufmg.br\/centrocultural\/wp-json\/wp\/v2\/categories?post=15548"},{"taxonomy":"post_tag","embeddable":true,"href":"https:\/\/www.ufmg.br\/centrocultural\/wp-json\/wp\/v2\/tags?post=15548"}],"curies":[{"name":"wp","href":"https:\/\/api.w.org\/{rel}","templated":true}]}}