{"id":15553,"date":"2020-05-19T15:02:25","date_gmt":"2020-05-19T18:02:25","guid":{"rendered":"https:\/\/www.ufmg.br\/centrocultural\/?p=15553"},"modified":"2022-03-18T09:44:13","modified_gmt":"2022-03-18T12:44:13","slug":"cineclassicos-quarentena-7","status":"publish","type":"post","link":"https:\/\/www.ufmg.br\/centrocultural\/cineclassicos-quarentena-7\/","title":{"rendered":"CineCl\u00e1ssicos Quarentena #7"},"content":{"rendered":"<p>O CineCentro de maio traz uma sele\u00e7\u00e3o de filmes que foram adaptados ou inspirados em textos de alguns dos maiores escritores e escritoras de todos os tempos, independente do g\u00eanero (romances, contos, novelas, pe\u00e7as de teatro, etc). Os filmes podem ser encontrados na \u00edntegra pelo Youtube e os livros pelos links fornecidos abaixo.<\/p>\n<p>Essa programa\u00e7\u00e3o do CineCl\u00e1ssico Quarentena tem como objetivo estimular a leitura atrav\u00e9s do cinema e o acesso \u00e0 narrativa cinematogr\u00e1fica atrav\u00e9s dos livros, sugerindo \u201cver o filme\u201d e \u201cler o livro\u201d ou vice-versa.<\/p>\n<p>Foram selecionados nove longas-metragens de diferentes diretores, pa\u00edses, \u00e9pocas e g\u00eaneros, sem preocupa\u00e7\u00e3o cronol\u00f3gica. O recorte da programa\u00e7\u00e3o abrange obras dos seguintes autores: Emily Bront\u00eb, Charles Dickens, Alexandre Dumas, Fi\u00f3dor Dostoi\u00e9vski, Nikolai Gogol, Charlotte Bront\u00eb, Arthur Conan Doyle, Edgar Allan Poe e William Shakespeare.<\/p>\n<p>Confira as indica\u00e7\u00f5es desta semana:<\/p>\n<p>&nbsp;<\/p>\n<p><strong>19.05<\/strong>\u00a0&#8211; Com\u00e9dia, Musical &#8211;<strong> O inspetor geral<\/strong>\u00a0&#8211; (EUA, Livre, Dire\u00e7\u00e3o: Henry Koster, 1949, 102\u2019). Adaptado da com\u00e9dia musical \u201cO inspetor geral\u201d, de Nikolai Gogol.<\/p>\n<p><img loading=\"lazy\" decoding=\"async\" src=\"https:\/\/www.ufmg.br\/centrocultural\/wp-content\/uploads\/2020\/05\/19.05-Com\u00e9dia-Musical-O-inspetor-geral-600x428.jpg\" alt=\"\" width=\"600\" height=\"428\" \/><\/p>\n<p>Georgi (Danny Kaye) \u00e9 um caixeiro viajante que sobrevive vendendo um suposto rem\u00e9dio milagroso nos pequenos povoados da R\u00fassia, em meados do s\u00e9culo 19. N\u00e3o contente em apenas vender seu elixir, ele se passa por importante burocrata, criando muitas confus\u00f5es.<\/p>\n<p>Link filme: <a href=\"https:\/\/www.youtube.com\/watch?v=soqNXlMMJP4&amp;t=525s\" target=\"_blank\" rel=\"noopener noreferrer\" data-saferedirecturl=\"https:\/\/www.google.com\/url?q=https:\/\/www.youtube.com\/watch?v%3DsoqNXlMMJP4%26t%3D525s&amp;source=gmail&amp;ust=1589997433811000&amp;usg=AFQjCNEivmVVJl2b_gsEEdEFssGhAjBXLg\">https:\/\/www.youtube.com\/watch?<wbr \/>v=soqNXlMMJP4&amp;t=525s<\/a><br \/>\nLink livro: <a href=\"https:\/\/www.ufmg.br\/centrocultural\/wp-content\/uploads\/2020\/05\/5-O-Inspetor-Geral-Nicolai-G\u00f3gol.pdf\">https:\/\/www.ufmg.br\/centrocultural\/wp-content\/uploads\/2020\/05\/5-O-Inspetor-Geral-Nicolai-G\u00f3gol.pdf<\/a><\/p>\n<p>&nbsp;<\/p>\n<p><strong>21.05<\/strong>\u00a0&#8211; Drama, Romance &#8211; <strong>Jane Eyre<\/strong>\u00a0&#8211; (EUA, livre, Dire\u00e7\u00e3o: Robert Stevenson, 1946, 97\u2019). Adaptado do livro \u201cJane Eyre\u201d, de Charlotte Bront\u00eb.<\/p>\n<p><img loading=\"lazy\" decoding=\"async\" src=\"https:\/\/www.ufmg.br\/centrocultural\/wp-content\/uploads\/2020\/05\/21.05-Drama-Romance-Jane-Eyre-600x485.jpg\" alt=\"\" width=\"600\" height=\"485\" \/><\/p>\n<p>Depois de uma inf\u00e2ncia como orf\u00e3, Jane Eyre (Joan Fontaine) consegue um emprego como preceptora da filha do perturbado Edward Rochester (Orson Welles), um aristocrata ingl\u00eas. Com o passar do tempo Jane e seu patr\u00e3o se apaixonam e decidem se casar, mas o casamento deles \u00e9 abalado com a chegada de um visitante.<\/p>\n<p>Link filme: <a href=\"https:\/\/www.youtube.com\/watch?v=M52O_7hJUkQ\" target=\"_blank\" rel=\"noopener noreferrer\" data-saferedirecturl=\"https:\/\/www.google.com\/url?q=https:\/\/www.youtube.com\/watch?v%3DM52O_7hJUkQ&amp;source=gmail&amp;ust=1589997433811000&amp;usg=AFQjCNEXpfuKa0qwyvK31nlUwmO8Na5WeA\">https:\/\/www.youtube.com\/watch?<wbr \/>v=M52O_7hJUkQ<\/a><br \/>\nLink livro: <a href=\"https:\/\/www.ufmg.br\/centrocultural\/wp-content\/uploads\/2020\/05\/6-Jane-Eyre-Charlotte-Bront\u00eb.pdf\">https:\/\/www.ufmg.br\/centrocultural\/wp-content\/uploads\/2020\/05\/6-Jane-Eyre-Charlotte-Bront\u00eb.pdf<\/a><\/p>\n<p>&nbsp;<\/p>\n<p><strong>Projeto CineCentro | CineCl\u00e1ssico Quarentena<\/strong><br \/>\nTer\u00e7as e quintas-feiras<\/p>\n","protected":false},"excerpt":{"rendered":"<p>O CineCentro de maio traz uma sele\u00e7\u00e3o de filmes que foram adaptados ou inspirados em textos de alguns dos maiores escritores e escritoras de todos os tempos, independente do g\u00eanero&#8230;<\/p>\n","protected":false},"author":7,"featured_media":15555,"comment_status":"closed","ping_status":"closed","sticky":false,"template":"","format":"standard","meta":{"footnotes":""},"categories":[55,91],"tags":[57,58,59],"class_list":["post-15553","post","type-post","status-publish","format-standard","has-post-thumbnail","hentry","category-cinecentro","category-noticias","tag-cinecentro","tag-cineclassicos","tag-quarentena"],"_links":{"self":[{"href":"https:\/\/www.ufmg.br\/centrocultural\/wp-json\/wp\/v2\/posts\/15553","targetHints":{"allow":["GET"]}}],"collection":[{"href":"https:\/\/www.ufmg.br\/centrocultural\/wp-json\/wp\/v2\/posts"}],"about":[{"href":"https:\/\/www.ufmg.br\/centrocultural\/wp-json\/wp\/v2\/types\/post"}],"author":[{"embeddable":true,"href":"https:\/\/www.ufmg.br\/centrocultural\/wp-json\/wp\/v2\/users\/7"}],"replies":[{"embeddable":true,"href":"https:\/\/www.ufmg.br\/centrocultural\/wp-json\/wp\/v2\/comments?post=15553"}],"version-history":[{"count":6,"href":"https:\/\/www.ufmg.br\/centrocultural\/wp-json\/wp\/v2\/posts\/15553\/revisions"}],"predecessor-version":[{"id":16758,"href":"https:\/\/www.ufmg.br\/centrocultural\/wp-json\/wp\/v2\/posts\/15553\/revisions\/16758"}],"wp:featuredmedia":[{"embeddable":true,"href":"https:\/\/www.ufmg.br\/centrocultural\/wp-json\/wp\/v2\/media\/15555"}],"wp:attachment":[{"href":"https:\/\/www.ufmg.br\/centrocultural\/wp-json\/wp\/v2\/media?parent=15553"}],"wp:term":[{"taxonomy":"category","embeddable":true,"href":"https:\/\/www.ufmg.br\/centrocultural\/wp-json\/wp\/v2\/categories?post=15553"},{"taxonomy":"post_tag","embeddable":true,"href":"https:\/\/www.ufmg.br\/centrocultural\/wp-json\/wp\/v2\/tags?post=15553"}],"curies":[{"name":"wp","href":"https:\/\/api.w.org\/{rel}","templated":true}]}}