{"id":16094,"date":"2021-01-27T13:08:26","date_gmt":"2021-01-27T15:08:26","guid":{"rendered":"https:\/\/www.ufmg.br\/centrocultural\/?p=16094"},"modified":"2022-06-24T12:55:44","modified_gmt":"2022-06-24T15:55:44","slug":"ailton-krenak-inaugura-novo-ciclo-do-projeto-aulas-abertas-que-tem-como-tematica-a-escrita-a-poesia-e-a-memoria","status":"publish","type":"post","link":"https:\/\/www.ufmg.br\/centrocultural\/ailton-krenak-inaugura-novo-ciclo-do-projeto-aulas-abertas-que-tem-como-tematica-a-escrita-a-poesia-e-a-memoria\/","title":{"rendered":"Ailton Krenak inaugura novo ciclo do projeto Aulas Abertas, que tem como tem\u00e1tica a escrita, a poesia e a mem\u00f3ria"},"content":{"rendered":"<div id=\"cmsmasters_row_2sp0mkzor\" class=\"cmsmasters_row cmsmasters_color_scheme_default cmsmasters_row_top_default cmsmasters_row_bot_default cmsmasters_row_boxed\">\n<div class=\"cmsmasters_row_outer_parent\">\n<div class=\"cmsmasters_row_outer\">\n<div class=\"cmsmasters_row_inner\">\n<div class=\"cmsmasters_row_margin\">\n<div id=\"cmsmasters_column_txq3ib212n\" class=\"cmsmasters_column one_first\">\n<div class=\"cmsmasters_column_inner\">\n<div class=\"cmsmasters_sharing\">\n<div class=\"share_wrap\">\n<a href=\"https:\/\/twitter.com\/intent\/tweet?text=Check+out+%27Ailton+Krenak+inaugura+novo+ciclo+do+projeto+Aulas+Abertas%2C+que+tem+como+tem%C3%A1tica+a+escrita%2C+a+poesia+e+a+mem%C3%B3ria%27+on+Centro+Cultural++UFMG+website&url=https%3A%2F%2Fwww.ufmg.br%2Fcentrocultural%2Failton-krenak-inaugura-novo-ciclo-do-projeto-aulas-abertas-que-tem-como-tematica-a-escrita-a-poesia-e-a-memoria%2F\" class=\"button cmsmasters-icon-twitter\">Twitter<\/a>\n<\/div>\n<div class=\"share_wrap\">\n<a href=\"https:\/\/www.facebook.com\/sharer\/sharer.php?display=popup&u=https%3A%2F%2Fwww.ufmg.br%2Fcentrocultural%2Failton-krenak-inaugura-novo-ciclo-do-projeto-aulas-abertas-que-tem-como-tematica-a-escrita-a-poesia-e-a-memoria%2F\" class=\"button cmsmasters-icon-facebook\">Facebook<\/a>\n<\/div>\n<\/div>\n<\/div><\/div>\n<\/div>\n<\/div>\n<\/div>\n<\/div>\n<\/div>\n<div id=\"cmsmasters_row_\" class=\"cmsmasters_row cmsmasters_color_scheme_default cmsmasters_row_top_default cmsmasters_row_bot_default cmsmasters_row_boxed\">\n<div class=\"cmsmasters_row_outer_parent\">\n<div class=\"cmsmasters_row_outer\">\n<div class=\"cmsmasters_row_inner\">\n<div class=\"cmsmasters_row_margin\">\n<div id=\"cmsmasters_column_\" class=\"cmsmasters_column one_first\">\n<div class=\"cmsmasters_column_inner\"><div class=\"cmsmasters_text\">\n<p>Os pr\u00f3ximos v\u00eddeos do projeto Aulas Abertas trazem falas de especialistas sobre \u201c<strong>Escrita, poesia e mem\u00f3ria<\/strong>\u201d. Os convidados deste ciclo apresentam leituras comentadas de trechos de textos ou poesias autorais, tendo como horizonte a base de seus processos criativos, suas obras e suas considera\u00e7\u00f5es po\u00e9ticas.<\/p>\n<p>O escritor, ambientalista e l\u00edder ind\u00edgena Ailton Krenak inaugura o assunto e fala sobre a experi\u00eancia da escrita do seu livro \u201cO lugar onde a terra descansa\u201d, publicado h\u00e1 cerca de 20 anos, o qual disparou nele uma disposi\u00e7\u00e3o para narrar e comentar per\u00edodos ou mem\u00f3rias que o afetam profundamente e que d\u00e3o sentindo a sua vida pessoal.<\/p>\n<p>Segundo Krenak, os processos que envolvem sua experi\u00eancia na literatura s\u00e3o ricos em implica\u00e7\u00f5es afetivas e, de alguma maneira, uma extens\u00e3o da pessoa que ele vai se constituindo e que consegue verbalizar. Em seu relato, o escritor menciona seus poemas \u201cTradi\u00e7\u00e3o\u201d e \u201cUm outro c\u00e9u\u201d, bem como a obra \u201cIdeias para adiar o fim do mundo\u201d.<\/p>\n<iframe loading=\"lazy\" title=\"YouTube video player\" src=\"https:\/\/www.youtube.com\/embed\/boYzKk-4N7o\" width=\"560\" height=\"315\" frameborder=\"0\" allowfullscreen=\"allowfullscreen\"><\/iframe>\n<p><strong>Ailton Krenak<\/strong><br \/>\nAilton Krenak nasceu em 1953, \u00e0s margens do Rio Doce, em Minas Gerais, onde est\u00e1 localizado o territ\u00f3rio do povo ind\u00edgena Krenak, um dos povos mais atingidos pelo desastre ambiental de Mariana, em 2015. Jornalista, escritor e artista gr\u00e1fico, \u00e9 doutor honoris causa pela Universidade Federal de Juiz de Fora e uma das vozes mais importantes no mundo em defesa do meio ambiente. Em 2020 foi eleito intelectual do ano com o Pr\u00eamio Juca Pato.<\/p>\n<p>O projeto Aulas Abertas foi elaborado para oferecer um espa\u00e7o de compartilhamento de ideias, conceitos e experi\u00eancias, buscando a constru\u00e7\u00e3o do conhecimento reflexivo e cr\u00edtico pelo p\u00fablico, que ter\u00e1 acesso \u00e0 fala de professores, pesquisadores e artistas convidados, n\u00e3o sendo assim aulas propriamente ditas, mas discuss\u00f5es contextualizadas pelo olhar cient\u00edfico e humano, essenciais neste momento de crise.<\/p>\n<p>A cada semana ser\u00e1 publicada uma nova aula atrav\u00e9s do Facebook, Instagram, YouTube e Site da Institui\u00e7\u00e3o.<\/p>\n<p>Confira os v\u00eddeos anteriores em nossas Redes Sociais!<\/p>\n<p><strong>Projeto Aulas Abertas<\/strong><br \/>\nQuartas-feiras nas Redes Sociais e Site do Centro Cultural UFMG<br \/>\nFacebook: <a href=\"https:\/\/www.facebook.com\/centroculturalufmg\">https:\/\/www.facebook.com\/centroculturalufmg<\/a><br \/>\nInstagram: <a href=\"https:\/\/www.instagram.com\/centroculturalufmg\">https:\/\/www.instagram.com\/centroculturalufmg<\/a><br \/>\nYouTube: <a href=\"https:\/\/www.youtube.com\/c\/CentroCulturalUFMG\">https:\/\/www.youtube.com\/c\/CentroCulturalUFMG<\/a><\/p>\n<\/div>\n<\/div><\/div>\n<\/div>\n<\/div>\n<\/div>\n<\/div>\n<\/div>\n\n","protected":false},"excerpt":{"rendered":"","protected":false},"author":7,"featured_media":16096,"comment_status":"closed","ping_status":"closed","sticky":false,"template":"","format":"standard","meta":{"footnotes":""},"categories":[67,91],"tags":[],"class_list":["post-16094","post","type-post","status-publish","format-standard","has-post-thumbnail","hentry","category-aulas-abertas","category-noticias"],"_links":{"self":[{"href":"https:\/\/www.ufmg.br\/centrocultural\/wp-json\/wp\/v2\/posts\/16094","targetHints":{"allow":["GET"]}}],"collection":[{"href":"https:\/\/www.ufmg.br\/centrocultural\/wp-json\/wp\/v2\/posts"}],"about":[{"href":"https:\/\/www.ufmg.br\/centrocultural\/wp-json\/wp\/v2\/types\/post"}],"author":[{"embeddable":true,"href":"https:\/\/www.ufmg.br\/centrocultural\/wp-json\/wp\/v2\/users\/7"}],"replies":[{"embeddable":true,"href":"https:\/\/www.ufmg.br\/centrocultural\/wp-json\/wp\/v2\/comments?post=16094"}],"version-history":[{"count":5,"href":"https:\/\/www.ufmg.br\/centrocultural\/wp-json\/wp\/v2\/posts\/16094\/revisions"}],"predecessor-version":[{"id":18687,"href":"https:\/\/www.ufmg.br\/centrocultural\/wp-json\/wp\/v2\/posts\/16094\/revisions\/18687"}],"wp:featuredmedia":[{"embeddable":true,"href":"https:\/\/www.ufmg.br\/centrocultural\/wp-json\/wp\/v2\/media\/16096"}],"wp:attachment":[{"href":"https:\/\/www.ufmg.br\/centrocultural\/wp-json\/wp\/v2\/media?parent=16094"}],"wp:term":[{"taxonomy":"category","embeddable":true,"href":"https:\/\/www.ufmg.br\/centrocultural\/wp-json\/wp\/v2\/categories?post=16094"},{"taxonomy":"post_tag","embeddable":true,"href":"https:\/\/www.ufmg.br\/centrocultural\/wp-json\/wp\/v2\/tags?post=16094"}],"curies":[{"name":"wp","href":"https:\/\/api.w.org\/{rel}","templated":true}]}}