{"id":16263,"date":"2021-04-26T15:51:31","date_gmt":"2021-04-26T18:51:31","guid":{"rendered":"https:\/\/www.ufmg.br\/centrocultural\/?p=16263"},"modified":"2022-06-24T12:42:49","modified_gmt":"2022-06-24T15:42:49","slug":"centro-cultural-ufmg-retoma-projeto-baixo-centro-encena-em-formato-virtual-com-bate-papo-com-a-atriz-teuda-bara","status":"publish","type":"post","link":"https:\/\/www.ufmg.br\/centrocultural\/centro-cultural-ufmg-retoma-projeto-baixo-centro-encena-em-formato-virtual-com-bate-papo-com-a-atriz-teuda-bara\/","title":{"rendered":"Centro Cultural UFMG retoma projeto \u201cBaixo Centro En[cena]\u201d em formato virtual com bate papo com a atriz Teuda Bara"},"content":{"rendered":"<p><span style=\"font-family: Arial; font-size: medium;\">Na sexta-feira, dia 30 de abril de 2021, \u00e0s 18h30, o Centro Cultural UFMG transmite em seu canal do <\/span><a href=\"http:\/\/www.youtube.com\/c\/CentroCulturalUFMG\" target=\"_blank\" rel=\"noopener noreferrer\" data-saferedirecturl=\"https:\/\/www.google.com\/url?q=http:\/\/www.youtube.com\/c\/CentroCulturalUFMG&amp;source=gmail&amp;ust=1619548311353000&amp;usg=AFQjCNHA9oeT68NTHtDCXqOU5qlupuUlsQ\"><span style=\"font-family: Arial; font-size: medium;\">YouTube<\/span><\/a><span style=\"font-family: Arial; font-size: medium;\">\u00a0um bate papo ao vivo com os artistas Teuda Bara e Ernani Maletta: <\/span><span style=\"font-family: Arial; font-size: medium;\"><b><i>Se o tempo n\u00e3o para, muito menos Teuda Bara<\/i><\/b><\/span><span style=\"font-family: Arial; font-size: medium;\">. A live \u00e9 aberta ao p\u00fablico e integra o projeto Baixo Centro En[cena], como parte da programa\u00e7\u00e3o do Circuito Cultural UFMG. Classifica\u00e7\u00e3o: 12 anos.<\/span><\/p>\n<p><span style=\"font-family: Arial; font-size: medium;\">O tema principal da conversa ser\u00e1 a longevidade e a intensidade da vida profissional de Teuda Bara que, aos 80 anos de idade, continua cada vez mais ativa, independentemente das adversidades que se apresentam. No bate papo ser\u00e3o abordados momentos diversos da vida e carreira da artista, desde as peculiaridades da sua cria\u00e7\u00e3o e forma\u00e7\u00e3o, passando pela sua chegada ao mundo das Artes C\u00eanicas, sua presen\u00e7a na funda\u00e7\u00e3o do Grupo Galp\u00e3o, os in\u00fameros trabalhos realizados fora do grupo, incluindo a participa\u00e7\u00e3o especial como integrante do <\/span><span style=\"font-family: Arial; font-size: medium;\"><i>Cirque du Soleil<\/i><\/span><span style=\"font-family: Arial; font-size: medium;\">, bem como os atuais solos e sua intensa participa\u00e7\u00e3o no Teatro Digital, que se tornou protagonista neste momento de pandemia.<\/span><\/p>\n<p><span style=\"font-family: Arial; font-size: medium;\"><b>Teuda Bara<\/b><\/span><span style=\"font-family: Arial; font-size: medium;\">\u00a0<\/span><span style=\"font-family: Arial; font-size: medium;\">\u00e9 uma das mais importantes atrizes do teatro brasileiro. Participou da funda\u00e7\u00e3o do Grupo Galp\u00e3o, trabalhou com grandes diretores e atuou em pe\u00e7as hist\u00f3ricas como <\/span><span style=\"font-family: Arial; font-size: medium;\"><i>Romeu e Julieta<\/i><\/span><span style=\"font-family: Arial; font-size: medium;\">, <\/span><span style=\"font-family: Arial; font-size: medium;\"><i>A Rua da Amargura<\/i><\/span><span style=\"font-family: Arial; font-size: medium;\">, <\/span><span style=\"font-family: Arial; font-size: medium;\"><i>Um Moli\u00e8re Imagin\u00e1rio<\/i><\/span><span style=\"font-family: Arial; font-size: medium;\">\u00a0e <\/span><span style=\"font-family: Arial; font-size: medium;\"><i>N\u00f3s<\/i><\/span><span style=\"font-family: Arial; font-size: medium;\">. Integrou o espet\u00e1culo K\u00c0, do <\/span><span style=\"font-family: Arial; font-size: medium;\"><i>Cirque du Soleil,<\/i><\/span><span style=\"font-family: Arial; font-size: medium;\">\u00a0e atuou em filmes como <\/span><span style=\"font-family: Arial; font-size: medium;\"><i>O Palha\u00e7o<\/i><\/span><span style=\"font-family: Arial; font-size: medium;\">, de Selton Mello, <\/span><span style=\"font-family: Arial; font-size: medium;\"><i>La Playa D.C<\/i><\/span><span style=\"font-family: Arial; font-size: medium;\">, de Patr\u00edcia Moran e <\/span><span style=\"font-family: Arial; font-size: medium;\"><i>O Menino Maluquinho<\/i><\/span><span style=\"font-family: Arial; font-size: medium;\">, de Helv\u00e9cio Ratton. Em 2019 ganhou o pr\u00eamio Candango, no Festival de Bras\u00edlia, pelo curta <\/span><span style=\"font-family: Arial; font-size: medium;\"><i>\u00c2ngela<\/i><\/span><span style=\"font-family: Arial; font-size: medium;\">, de Mar\u00edlia Nogueira. Na TV, destacam-se seus pap\u00e9is na novela <\/span><span style=\"font-family: Arial; font-size: medium;\"><i>Meu pedacinho de Ch\u00e3o<\/i><\/span><span style=\"font-family: Arial; font-size: medium;\">, de Benedito Ruy Barbosa (TV Globo) e na s\u00e9rie <\/span><span style=\"font-family: Arial; font-size: medium;\"><i>A Vila<\/i><\/span><span style=\"font-family: Arial; font-size: medium;\">, de Paulo Gustavo (Multishow). Al\u00e9m dos espet\u00e1culos do Galp\u00e3o, Teuda possui em seu repert\u00f3rio pessoal dois espet\u00e1culos: <\/span><span style=\"font-family: Arial; font-size: medium;\"><i>Doida<\/i><\/span><span style=\"font-family: Arial; font-size: medium;\">, na qual atua ao lado do filho Admar Fernandes, sob dire\u00e7\u00e3o de In\u00eas Peixoto, e <\/span><span style=\"font-family: Arial; font-size: medium;\"><i>Luta<\/i><\/span><span style=\"font-family: Arial; font-size: medium;\">, trabalho que visita suas mem\u00f3rias e anseios. Tem um livro biogr\u00e1fico publicado pela Editora Javali, de autoria do escritor Jo\u00e3o Santos. Neste ano de 2021 Teuda Bara completou 80 anos de idade.<\/span><\/p>\n<p><span style=\"font-family: Arial; font-size: medium;\"><b>Ernani Maletta<\/b><\/span><span style=\"font-family: Arial; font-size: medium;\">\u00a0\u00e9 artista e professor da UFMG, doutor em Educa\u00e7\u00e3o e refer\u00eancia no que diz respeito \u00e0 polifonia musical e c\u00eanica. \u00c9 autor de uma peculiar metodologia criada para a pr\u00e1tica musical na cena teatral, por ele registrada no livro <\/span><span style=\"font-family: Arial; font-size: medium;\"><i>Atua\u00e7\u00e3o Polif\u00f4nica: princ\u00edpios e pr\u00e1ticas<\/i><\/span><span style=\"font-family: Arial; font-size: medium;\">. Vem atuando ativamente na It\u00e1lia desde 2010 e \u00e9 reconhecido pela intensa participa\u00e7\u00e3o na cria\u00e7\u00e3o de diversos espet\u00e1culos de Teatro em \u00e2mbito nacional e internacional.<\/span><\/p>\n<p><span style=\"font-family: Arial; font-size: medium;\">O Baixo Centro En[cena] faz parte do Circuito Cultural UFMG, um projeto da Diretoria de A\u00e7\u00e3o Cultural da UFMG, por meio do qual artistas locais, regionais e de relev\u00e2ncia nacional e internacional se apresentam para a comunidade. Adaptado para o ambiente virtual desde mar\u00e7o de 2020, o projeto tem contribu\u00eddo para a circula\u00e7\u00e3o de produtos art\u00edstico-culturais durante a pandemia. O objetivo principal \u00e9 promover a articula\u00e7\u00e3o, intera\u00e7\u00e3o e interlocu\u00e7\u00e3o entre todos os espa\u00e7os culturais vinculados \u00e0 DAC, potencializando a integra\u00e7\u00e3o das a\u00e7\u00f5es art\u00edstico-culturais da UFMG. Todas as atividades s\u00e3o gratuitas e abertas para a comunidade externa.<\/span><\/p>\n<p><span style=\"font-family: Arial; font-size: medium;\"><b><i>Se o tempo n\u00e3o para, muito menos Teuda Bara<\/i><\/b><\/span><br \/>\n<span style=\"font-family: Arial; font-size: medium;\">Bate papo ao vivo com os artistas Teuda Bara e Ernani Maletta<\/span><br \/>\n<span style=\"font-family: Arial; font-size: medium;\">Data: 30\/04\/2021<\/span><br \/>\n<span style=\"font-family: Arial; font-size: medium;\">Hor\u00e1rio: 18h30<\/span><br \/>\n<span style=\"font-family: Arial; font-size: medium;\">Local: <\/span><a href=\"https:\/\/www.youtube.com\/c\/CentroCulturalUFMG\" target=\"_blank\" rel=\"noopener noreferrer\" data-saferedirecturl=\"https:\/\/www.google.com\/url?q=https:\/\/www.youtube.com\/c\/CentroCulturalUFMG&amp;source=gmail&amp;ust=1619548311353000&amp;usg=AFQjCNGdtx-SdYYSmzSYOcy6gOtnyvAzbQ\"><span style=\"color: #0082bf; font-family: Arial; font-size: medium;\"><u>https:\/\/www.youtube.com\/c\/<wbr \/>CentroCulturalUFMG<\/u><\/span><\/a><br \/>\n<span style=\"font-family: Arial; font-size: medium;\">Aberta ao p\u00fablico | Classifica\u00e7\u00e3o: 12 anos<\/span><\/p>\n<p><span style=\"font-family: Arial; font-size: medium;\"><b>Projeto Baixo Centro En[cena]<\/b><\/span><br \/>\n<span style=\"font-family: Arial; font-size: medium;\">\u00daltima sexta-feira do m\u00eas no canal do YouTube do Centro Cultural UFMG<\/span><br \/>\n<span style=\"font-family: Arial; font-size: medium;\">YouTube: <\/span><a href=\"https:\/\/www.youtube.com\/c\/CentroCulturalUFMG\" target=\"_blank\" rel=\"noopener noreferrer\" data-saferedirecturl=\"https:\/\/www.google.com\/url?q=https:\/\/www.youtube.com\/c\/CentroCulturalUFMG&amp;source=gmail&amp;ust=1619548311353000&amp;usg=AFQjCNGdtx-SdYYSmzSYOcy6gOtnyvAzbQ\"><span style=\"color: #0082bf; font-family: Arial; font-size: medium;\"><u>https:\/\/www.youtube.com\/c\/<wbr \/>CentroCulturalUFMG<\/u><\/span><\/a><\/p>\n<p><span style=\"font-family: Arial; font-size: medium;\">Siga o Centro Cultural UFMG nas Redes Sociais:<\/span><br \/>\n<span style=\"font-family: Arial; font-size: medium;\">Facebook: <\/span><a href=\"https:\/\/www.facebook.com\/centroculturalufmg\" target=\"_blank\" rel=\"noopener noreferrer\" data-saferedirecturl=\"https:\/\/www.google.com\/url?q=https:\/\/www.facebook.com\/centroculturalufmg&amp;source=gmail&amp;ust=1619548311354000&amp;usg=AFQjCNGhYINg3odE8yzcuFRpHOUP6unypg\"><span style=\"color: #0082bf; font-family: Arial; font-size: medium;\"><u>https:\/\/www.facebook.com\/<wbr \/>centroculturalufmg<\/u><\/span><\/a><br \/>\n<span style=\"font-family: Arial; font-size: medium;\">Instagram: <\/span><a href=\"https:\/\/www.instagram.com\/centroculturalufmg\" target=\"_blank\" rel=\"noopener noreferrer\" data-saferedirecturl=\"https:\/\/www.google.com\/url?q=https:\/\/www.instagram.com\/centroculturalufmg&amp;source=gmail&amp;ust=1619548311354000&amp;usg=AFQjCNF8VqX0JLQpJnzKpMaraH0IB-s94w\"><span style=\"color: #0082bf; font-family: Arial; font-size: medium;\"><u>https:\/\/www.instagram.com\/<wbr \/>centroculturalufmg<\/u><\/span><\/a><br \/>\n<span style=\"font-family: Arial; font-size: medium;\">Twitter: <\/span><a href=\"https:\/\/twitter.com\/ccultufmg\" target=\"_blank\" rel=\"noopener noreferrer\" data-saferedirecturl=\"https:\/\/www.google.com\/url?q=https:\/\/twitter.com\/ccultufmg&amp;source=gmail&amp;ust=1619548311354000&amp;usg=AFQjCNE7DikK6ZqsTamNggOlnD8_uqzyEA\"><span style=\"color: #0082bf; font-family: Arial; font-size: medium;\"><u>https:\/\/twitter.com\/ccultufmg<\/u><\/span><\/a><span style=\"color: #0082bf; font-family: Arial; font-size: medium;\">\u00a0<\/span><br \/>\n<span style=\"font-family: Arial; font-size: medium;\">Spotify:<\/span><span style=\"color: #2f2f2f; font-family: Arial; font-size: medium;\">\u00a0<\/span><a href=\"https:\/\/spoti.fi\/37VZnRa\" target=\"_blank\" rel=\"noopener noreferrer\" data-saferedirecturl=\"https:\/\/www.google.com\/url?q=https:\/\/spoti.fi\/37VZnRa&amp;source=gmail&amp;ust=1619548311354000&amp;usg=AFQjCNExcPGJrAL8Jrv8u8fzzomBUxF7TA\"><span style=\"color: #0082bf; font-family: Arial; font-size: medium;\"><u>https:\/\/spoti.fi\/<wbr \/>37VZnRa<\/u><\/span><\/a><\/p>\n","protected":false},"excerpt":{"rendered":"<p>Na sexta-feira, dia 30 de abril de 2021, \u00e0s 18h30, o Centro Cultural UFMG transmite em seu canal do YouTube\u00a0um bate papo ao vivo com os artistas Teuda Bara e&#8230;<\/p>\n","protected":false},"author":7,"featured_media":16264,"comment_status":"closed","ping_status":"closed","sticky":false,"template":"","format":"standard","meta":{"footnotes":""},"categories":[91,166],"tags":[],"class_list":["post-16263","post","type-post","status-publish","format-standard","has-post-thumbnail","hentry","category-noticias","category-teatro"],"_links":{"self":[{"href":"https:\/\/www.ufmg.br\/centrocultural\/wp-json\/wp\/v2\/posts\/16263","targetHints":{"allow":["GET"]}}],"collection":[{"href":"https:\/\/www.ufmg.br\/centrocultural\/wp-json\/wp\/v2\/posts"}],"about":[{"href":"https:\/\/www.ufmg.br\/centrocultural\/wp-json\/wp\/v2\/types\/post"}],"author":[{"embeddable":true,"href":"https:\/\/www.ufmg.br\/centrocultural\/wp-json\/wp\/v2\/users\/7"}],"replies":[{"embeddable":true,"href":"https:\/\/www.ufmg.br\/centrocultural\/wp-json\/wp\/v2\/comments?post=16263"}],"version-history":[{"count":1,"href":"https:\/\/www.ufmg.br\/centrocultural\/wp-json\/wp\/v2\/posts\/16263\/revisions"}],"predecessor-version":[{"id":16265,"href":"https:\/\/www.ufmg.br\/centrocultural\/wp-json\/wp\/v2\/posts\/16263\/revisions\/16265"}],"wp:featuredmedia":[{"embeddable":true,"href":"https:\/\/www.ufmg.br\/centrocultural\/wp-json\/wp\/v2\/media\/16264"}],"wp:attachment":[{"href":"https:\/\/www.ufmg.br\/centrocultural\/wp-json\/wp\/v2\/media?parent=16263"}],"wp:term":[{"taxonomy":"category","embeddable":true,"href":"https:\/\/www.ufmg.br\/centrocultural\/wp-json\/wp\/v2\/categories?post=16263"},{"taxonomy":"post_tag","embeddable":true,"href":"https:\/\/www.ufmg.br\/centrocultural\/wp-json\/wp\/v2\/tags?post=16263"}],"curies":[{"name":"wp","href":"https:\/\/api.w.org\/{rel}","templated":true}]}}