{"id":16402,"date":"2021-08-02T12:49:51","date_gmt":"2021-08-02T15:49:51","guid":{"rendered":"https:\/\/www.ufmg.br\/centrocultural\/?p=16402"},"modified":"2023-05-29T12:39:14","modified_gmt":"2023-05-29T15:39:14","slug":"quem-sera-o-artista-02-08-2021","status":"publish","type":"post","link":"https:\/\/www.ufmg.br\/centrocultural\/quem-sera-o-artista-02-08-2021\/","title":{"rendered":"Quem ser\u00e1 o artista? &#8211; 02.08.2021"},"content":{"rendered":"<div id=\"cmsmasters_row_\" class=\"cmsmasters_row cmsmasters_color_scheme_default cmsmasters_row_top_default cmsmasters_row_bot_default cmsmasters_row_boxed\">\n<div class=\"cmsmasters_row_outer_parent\">\n<div class=\"cmsmasters_row_outer\">\n<div class=\"cmsmasters_row_inner\">\n<div class=\"cmsmasters_row_margin\">\n<div id=\"cmsmasters_column_\" class=\"cmsmasters_column one_first\">\n<div class=\"cmsmasters_column_inner\"><div class=\"cmsmasters_text\">\n<p><span style=\"font-family: arial, sans-serif;\">\u00cdcone feminino nas artes, essa artista encontrou na pintura um modo de expressar os seus sentimentos e retratou em seus quadros as trag\u00e9dias de sua vida e seus amores. Usou a si mesma como tema de sua obra e transformou seu sofrimento pessoal em arte, sempre com cores fortes e tra\u00e7os marcantes. J\u00e1 descobriu de quem estamos falando? Venha conhecer a artista de hoje!<\/span><\/p>\n<div style=\"width: 1080px;\" class=\"wp-video\"><video class=\"wp-video-shortcode\" id=\"video-16402-1\" width=\"1080\" height=\"1080\" preload=\"metadata\" controls=\"controls\"><source type=\"video\/mp4\" src=\"https:\/\/www.ufmg.br\/centrocultural\/wp-content\/uploads\/2021\/08\/Video-Frida-1x1-Site_2.mp4?_=1\" \/><a href=\"https:\/\/www.ufmg.br\/centrocultural\/wp-content\/uploads\/2021\/08\/Video-Frida-1x1-Site_2.mp4\">https:\/\/www.ufmg.br\/centrocultural\/wp-content\/uploads\/2021\/08\/Video-Frida-1x1-Site_2.mp4<\/a><\/video><\/div>\n<p>\u201cQuem ser\u00e1 o artista\u201d \u00e9 um projeto do Educativo do Centro Cultural UFMG que trar\u00e1 quinzenalmente, em formato audiovisual, a obra e um breve hist\u00f3rico da trajet\u00f3ria de um artista.<\/p>\n<p>A proposta \u00e9 levar trabalhos de artistas consagrados, bem como artistas locais para o p\u00fablico infantil e infantojuvenil tomarem conhecimento acerca dessas produ\u00e7\u00f5es art\u00edsticas e ficarem por dentro do mundo da arte.<\/p>\n<p>&nbsp;<\/p>\n<p>&nbsp;<\/p>\n<p>&nbsp;<\/p>\n<\/div>\n<\/div><\/div>\n<\/div>\n<\/div>\n<\/div>\n<\/div>\n<\/div>\n\n","protected":false},"excerpt":{"rendered":"","protected":false},"author":7,"featured_media":16302,"comment_status":"closed","ping_status":"closed","sticky":false,"template":"","format":"standard","meta":{"footnotes":""},"categories":[374,91,73,84],"tags":[],"class_list":["post-16402","post","type-post","status-publish","format-standard","has-post-thumbnail","hentry","category-educativo","category-noticias","category-pingo-de-tinta","category-quem-sera-o-artista"],"_links":{"self":[{"href":"https:\/\/www.ufmg.br\/centrocultural\/wp-json\/wp\/v2\/posts\/16402","targetHints":{"allow":["GET"]}}],"collection":[{"href":"https:\/\/www.ufmg.br\/centrocultural\/wp-json\/wp\/v2\/posts"}],"about":[{"href":"https:\/\/www.ufmg.br\/centrocultural\/wp-json\/wp\/v2\/types\/post"}],"author":[{"embeddable":true,"href":"https:\/\/www.ufmg.br\/centrocultural\/wp-json\/wp\/v2\/users\/7"}],"replies":[{"embeddable":true,"href":"https:\/\/www.ufmg.br\/centrocultural\/wp-json\/wp\/v2\/comments?post=16402"}],"version-history":[{"count":2,"href":"https:\/\/www.ufmg.br\/centrocultural\/wp-json\/wp\/v2\/posts\/16402\/revisions"}],"predecessor-version":[{"id":16405,"href":"https:\/\/www.ufmg.br\/centrocultural\/wp-json\/wp\/v2\/posts\/16402\/revisions\/16405"}],"wp:featuredmedia":[{"embeddable":true,"href":"https:\/\/www.ufmg.br\/centrocultural\/wp-json\/wp\/v2\/media\/16302"}],"wp:attachment":[{"href":"https:\/\/www.ufmg.br\/centrocultural\/wp-json\/wp\/v2\/media?parent=16402"}],"wp:term":[{"taxonomy":"category","embeddable":true,"href":"https:\/\/www.ufmg.br\/centrocultural\/wp-json\/wp\/v2\/categories?post=16402"},{"taxonomy":"post_tag","embeddable":true,"href":"https:\/\/www.ufmg.br\/centrocultural\/wp-json\/wp\/v2\/tags?post=16402"}],"curies":[{"name":"wp","href":"https:\/\/api.w.org\/{rel}","templated":true}]}}