{"id":16409,"date":"2021-08-16T16:24:00","date_gmt":"2021-08-16T19:24:00","guid":{"rendered":"https:\/\/www.ufmg.br\/centrocultural\/?p=16409"},"modified":"2023-05-29T12:38:44","modified_gmt":"2023-05-29T15:38:44","slug":"quem-sera-o-artista-16-08-2021","status":"publish","type":"post","link":"https:\/\/www.ufmg.br\/centrocultural\/quem-sera-o-artista-16-08-2021\/","title":{"rendered":"Quem ser\u00e1 o artista? &#8211; 16.08.2021"},"content":{"rendered":"<div id=\"cmsmasters_row_\" class=\"cmsmasters_row cmsmasters_color_scheme_default cmsmasters_row_top_default cmsmasters_row_bot_default cmsmasters_row_boxed\">\n<div class=\"cmsmasters_row_outer_parent\">\n<div class=\"cmsmasters_row_outer\">\n<div class=\"cmsmasters_row_inner\">\n<div class=\"cmsmasters_row_margin\">\n<div id=\"cmsmasters_column_\" class=\"cmsmasters_column one_first\">\n<div class=\"cmsmasters_column_inner\"><div class=\"cmsmasters_text\">\n<p><span style=\"font-family: arial, sans-serif;\">Multiartista de forma\u00e7\u00e3o livre e autodidata, sempre esteve em contato com a mat\u00e9ria prima t\u00eaxtil, a qual explora bastante em seus trabalhos. Tece, principalmente, reflex\u00f5es acerca do corpo feminimo e as intera\u00e7\u00f5es deste com com os espa\u00e7os que habita. Atrav\u00e9s de linhas, tecidos, elementos da natureza, da fotoperformance e da poesia visual, transborda com singularidade o ser e sentir mulher no mundo. Sabe de quem estamos falando? Venha conhecer a artista de hoje e o seu trabalho!<\/span><\/p>\n<div style=\"width: 720px;\" class=\"wp-video\"><video class=\"wp-video-shortcode\" id=\"video-16409-1\" width=\"720\" height=\"720\" preload=\"metadata\" controls=\"controls\"><source type=\"video\/mp4\" src=\"https:\/\/www.ufmg.br\/centrocultural\/wp-content\/uploads\/2021\/08\/Isadora-Falcao-oficial-2.mp4?_=1\" \/><a href=\"https:\/\/www.ufmg.br\/centrocultural\/wp-content\/uploads\/2021\/08\/Isadora-Falcao-oficial-2.mp4\">https:\/\/www.ufmg.br\/centrocultural\/wp-content\/uploads\/2021\/08\/Isadora-Falcao-oficial-2.mp4<\/a><\/video><\/div>\n<p>\u201cQuem ser\u00e1 o artista\u201d \u00e9 um projeto do Educativo do Centro Cultural UFMG que trar\u00e1 quinzenalmente, em formato audiovisual, a obra e um breve hist\u00f3rico da trajet\u00f3ria de um artista.<\/p>\n<p>A proposta \u00e9 levar trabalhos de artistas consagrados, bem como artistas locais para o p\u00fablico infantil e infantojuvenil conhecerem essas diversas produ\u00e7\u00f5es e ficarem por dentro do mundo da arte.<\/p>\n<p>&nbsp;<\/p>\n<p>&nbsp;<\/p>\n<p>&nbsp;<\/p>\n<p>&nbsp;<\/p>\n<\/div>\n<\/div><\/div>\n<\/div>\n<\/div>\n<\/div>\n<\/div>\n<\/div>\n\n","protected":false},"excerpt":{"rendered":"","protected":false},"author":7,"featured_media":16302,"comment_status":"closed","ping_status":"closed","sticky":false,"template":"","format":"standard","meta":{"footnotes":""},"categories":[374,91,73,84],"tags":[],"class_list":["post-16409","post","type-post","status-publish","format-standard","has-post-thumbnail","hentry","category-educativo","category-noticias","category-pingo-de-tinta","category-quem-sera-o-artista"],"_links":{"self":[{"href":"https:\/\/www.ufmg.br\/centrocultural\/wp-json\/wp\/v2\/posts\/16409","targetHints":{"allow":["GET"]}}],"collection":[{"href":"https:\/\/www.ufmg.br\/centrocultural\/wp-json\/wp\/v2\/posts"}],"about":[{"href":"https:\/\/www.ufmg.br\/centrocultural\/wp-json\/wp\/v2\/types\/post"}],"author":[{"embeddable":true,"href":"https:\/\/www.ufmg.br\/centrocultural\/wp-json\/wp\/v2\/users\/7"}],"replies":[{"embeddable":true,"href":"https:\/\/www.ufmg.br\/centrocultural\/wp-json\/wp\/v2\/comments?post=16409"}],"version-history":[{"count":2,"href":"https:\/\/www.ufmg.br\/centrocultural\/wp-json\/wp\/v2\/posts\/16409\/revisions"}],"predecessor-version":[{"id":16412,"href":"https:\/\/www.ufmg.br\/centrocultural\/wp-json\/wp\/v2\/posts\/16409\/revisions\/16412"}],"wp:featuredmedia":[{"embeddable":true,"href":"https:\/\/www.ufmg.br\/centrocultural\/wp-json\/wp\/v2\/media\/16302"}],"wp:attachment":[{"href":"https:\/\/www.ufmg.br\/centrocultural\/wp-json\/wp\/v2\/media?parent=16409"}],"wp:term":[{"taxonomy":"category","embeddable":true,"href":"https:\/\/www.ufmg.br\/centrocultural\/wp-json\/wp\/v2\/categories?post=16409"},{"taxonomy":"post_tag","embeddable":true,"href":"https:\/\/www.ufmg.br\/centrocultural\/wp-json\/wp\/v2\/tags?post=16409"}],"curies":[{"name":"wp","href":"https:\/\/api.w.org\/{rel}","templated":true}]}}