{"id":16885,"date":"2022-04-12T10:11:27","date_gmt":"2022-04-12T13:11:27","guid":{"rendered":"https:\/\/www.ufmg.br\/centrocultural\/?p=16885"},"modified":"2023-06-20T09:43:44","modified_gmt":"2023-06-20T12:43:44","slug":"patrimonio-historico-e-arquitetonico-de-sao-joao-del-rei-e-foco-de-exposicao-fotografica","status":"publish","type":"post","link":"https:\/\/www.ufmg.br\/centrocultural\/patrimonio-historico-e-arquitetonico-de-sao-joao-del-rei-e-foco-de-exposicao-fotografica\/","title":{"rendered":"Patrim\u00f4nio hist\u00f3rico e arquitet\u00f4nico de S\u00e3o Jo\u00e3o del-Rei \u00e9 foco de exposi\u00e7\u00e3o fotogr\u00e1fica"},"content":{"rendered":"<div id=\"cmsmasters_row_mv2duwkf8\" class=\"cmsmasters_row cmsmasters_color_scheme_default cmsmasters_row_top_default cmsmasters_row_bot_default cmsmasters_row_boxed\">\n<div class=\"cmsmasters_row_outer_parent\">\n<div class=\"cmsmasters_row_outer\">\n<div class=\"cmsmasters_row_inner\">\n<div class=\"cmsmasters_row_margin\">\n<div id=\"cmsmasters_column_4p4vz5crqd\" class=\"cmsmasters_column one_first\">\n<div class=\"cmsmasters_column_inner\">\n<div class=\"cmsmasters_sharing\">\n<div class=\"share_wrap\">\n<a href=\"https:\/\/twitter.com\/intent\/tweet?text=Check+out+%27Patrim%C3%B4nio+hist%C3%B3rico+e+arquitet%C3%B4nico+de+S%C3%A3o+Jo%C3%A3o+del-Rei+%C3%A9+foco+de+exposi%C3%A7%C3%A3o+fotogr%C3%A1fica%27+on+Centro+Cultural++UFMG+website&url=https%3A%2F%2Fwww.ufmg.br%2Fcentrocultural%2Fpatrimonio-historico-e-arquitetonico-de-sao-joao-del-rei-e-foco-de-exposicao-fotografica%2F\" class=\"button cmsmasters-icon-twitter\">Twitter<\/a>\n<\/div>\n<div class=\"share_wrap\">\n<a href=\"https:\/\/www.facebook.com\/sharer\/sharer.php?display=popup&u=https%3A%2F%2Fwww.ufmg.br%2Fcentrocultural%2Fpatrimonio-historico-e-arquitetonico-de-sao-joao-del-rei-e-foco-de-exposicao-fotografica%2F\" class=\"button cmsmasters-icon-facebook\">Facebook<\/a>\n<\/div>\n<\/div>\n<\/div><\/div>\n<\/div>\n<\/div>\n<\/div>\n<\/div>\n<\/div>\n<div id=\"cmsmasters_row_\" class=\"cmsmasters_row cmsmasters_color_scheme_default cmsmasters_row_top_default cmsmasters_row_bot_default cmsmasters_row_boxed\">\n<div class=\"cmsmasters_row_outer_parent\">\n<div class=\"cmsmasters_row_outer\">\n<div class=\"cmsmasters_row_inner\">\n<div class=\"cmsmasters_row_margin\">\n<div id=\"cmsmasters_column_\" class=\"cmsmasters_column one_first\">\n<div class=\"cmsmasters_column_inner\"><div class=\"cmsmasters_text\">\n<p>&#8216;Cidade Refletida&#8217; \u00e9 o tema de exposi\u00e7\u00e3o da fot\u00f3grafa Thais Andressa que o Centro Cultural UFMG abre na quinta-feira, 14 de abril. \u00e0s 19h. A mostra re\u00fane registros do cotidiano de S\u00e3o Jo\u00e3o del-Rei. As fotografias poder\u00e3o ser vistas at\u00e9 o dia 24 de maio de 2022. A entrada \u00e9 gratuita.<\/p>\n<p>Registros do cotidiano de S\u00e3o Jo\u00e3o del-Rei ganham espa\u00e7o na s\u00e9rie &#8216;Cidade Refletida&#8217;, da fot\u00f3grafa Thais Andressa. Um dos intuitos da mostra \u00e9 chamar a aten\u00e7\u00e3o para o patrim\u00f4nio hist\u00f3rico e para a preserva\u00e7\u00e3o da mem\u00f3ria da cidade tricenten\u00e1ria. Nesse trabalho, Thais buscou um olhar mais contemplativo e po\u00e9tico sobre a paisagem urbana.<\/p>\n<p>\u201cSempre tive interesse por arquitetura e hist\u00f3ria. Fotografar a cidade me permite narrar visualmente um pouco dos aspectos hist\u00f3ricos da localidade e as transforma\u00e7\u00f5es que acontecem no espa\u00e7o\u201d, ressalta a fot\u00f3grafa. Situada a aproximadamente 200 km da capital mineira, S\u00e3o Jo\u00e3o del-Rei (MG) \u00e9 atrativa para turistas de diversas regi\u00f5es do Brasil e do mundo.<\/p>\n<p><strong>A s\u00e9rie<\/strong><br \/>\nA s\u00e9rie &#8216;Cidade Refletida&#8217; tem como destaque registros feitos atrav\u00e9s de reflexos formados em po\u00e7as d\u2019\u00e1gua e em outras superf\u00edcies espelhadas.<\/p>\n<p>\u201cAs imagens que se formam, lembram-me aquarelas e, mostram um cen\u00e1rio que mexe com a imagina\u00e7\u00e3o\u201d, declara Thais. Para o professor e historiador Augusto Leonel Ribeiro, em suas imagens, a fot\u00f3grafa consegue captar a alma, a ess\u00eancia, dessa cidade riqu\u00edssima em cultura, arte e religiosidade.<\/p>\n<p>\u201cSeus reflexos revelam o cotidiano de uma cidade que preserva tradi\u00e7\u00f5es e o estilo interiorano de vida, ao mesmo tempo em que avan\u00e7a e se dinamiza\u201d, afirma o historiador. Ser\u00e3o exibidas cerca de 40 fotografias realizadas entre 2016 e 2020.<\/p>\n<p><strong>Sobre a fot\u00f3grafa<\/strong><br \/>\nThais Andressa \u00e9 formada em Jornalismo pela Universidade Federal de S\u00e3o Jo\u00e3o del-Rei (UFSJ). A fot\u00f3grafa realizou exposi\u00e7\u00f5es individuais no Centro Cultural UFSJ, no Museu Regional de S\u00e3o Jo\u00e3o del-Rei e no Centro Cultural Sesi Minas Ouro Preto. Entre suas principais refer\u00eancias na \u00e1rea da fotografia est\u00e3o: Henri Cartier-Bresson, Vivian Maier e Francesca Woodman. Al\u00e9m da fotografia, Thais atua na \u00e1rea de produ\u00e7\u00e3o cultural, na cobertura de eventos art\u00edsticos e culturais, na regi\u00e3o do Campo das Vertentes. Tamb\u00e9m se dedica \u00e0 pesquisa sobre fotografia com foco no protagonismo feminino. Tem trabalhos fotogr\u00e1ficos publicados nas revistas \u201cMais Sa\u00fade &amp; Bem-Estar\u201d e \u201cMais Vertentes\u201d.<\/p>\n<\/div>\n<\/div><\/div>\n<\/div>\n<\/div>\n<\/div>\n<\/div>\n<\/div>\n<div id=\"cmsmasters_row_e74siu90e\" class=\"cmsmasters_row cmsmasters_color_scheme_default cmsmasters_row_top_default cmsmasters_row_bot_default cmsmasters_row_boxed\">\n<div class=\"cmsmasters_row_outer_parent\">\n<div class=\"cmsmasters_row_outer\">\n<div class=\"cmsmasters_row_inner\">\n<div class=\"cmsmasters_row_margin\">\n<div id=\"cmsmasters_column_eynfosic6b\" class=\"cmsmasters_column one_first\">\n<div class=\"cmsmasters_column_inner\">\n<div id=\"cmsmasters_divider_subk0b643e\" class=\"cmsmasters_divider cmsmasters_divider_width_long cmsmasters_divider_pos_center\"><\/div>\n<\/div><\/div>\n<\/div>\n<\/div>\n<\/div>\n<\/div>\n<\/div>\n<div id=\"cmsmasters_row_o1ttbsunxo\" class=\"cmsmasters_row cmsmasters_color_scheme_default cmsmasters_row_top_default cmsmasters_row_bot_default cmsmasters_row_boxed\">\n<div class=\"cmsmasters_row_outer_parent\">\n<div class=\"cmsmasters_row_outer\">\n<div class=\"cmsmasters_row_inner\">\n<div class=\"cmsmasters_row_margin\">\n<div id=\"cmsmasters_column_yehhor400g\" class=\"cmsmasters_column one_first\">\n<div class=\"cmsmasters_column_inner\"><div class=\"cmsmasters_text\">\n<p><a href=\"https:\/\/www.ufmg.br\/centrocultural\/?tribe_events=exposicao-cidade-refletida\">Exposi\u00e7\u00e3o &#8216;Cidade refletida&#8217; &#8211; Thais Andressa<\/a><br \/>\nAbertura: 14 de abril de 2022 | \u00e0s 19 horas<br \/>\nVisita\u00e7\u00e3o: at\u00e9 o dia 24\/05\/2022<br \/>\nTer\u00e7as a sextas: 9h \u00e0s 20h<br \/>\nS\u00e1bados, domingos e feriados: 9h \u00e0s 17h<br \/>\nSala Ana Horta<br \/>\nEntrada gratuita<\/p>\n<\/div>\n<\/div><\/div>\n<\/div>\n<\/div>\n<\/div>\n<\/div>\n<\/div>\n<div id=\"cmsmasters_row_5zwfgf7tpt\" class=\"cmsmasters_row cmsmasters_color_scheme_default cmsmasters_row_top_default cmsmasters_row_bot_default cmsmasters_row_boxed\">\n<div class=\"cmsmasters_row_outer_parent\">\n<div class=\"cmsmasters_row_outer\">\n<div class=\"cmsmasters_row_inner\">\n<div class=\"cmsmasters_row_margin\">\n<div id=\"cmsmasters_column_bs3orf01r1\" class=\"cmsmasters_column one_first\">\n<div class=\"cmsmasters_column_inner\"><div id=\"cmsmasters_notice_8z3zbfprkl\" class=\"cmsmasters_notice cmsmasters_notice_success cmsmasters-icon-check-1\">\n<a href=\"#\" class=\"notice_close cmsmasters_theme_icon_cancel\"><\/a><div class=\"notice_content\">\n<p>Lembre-se: \u00e9 necess\u00e1rio o uso de m\u00e1scara nos espa\u00e7os do Centro Cultural\u00a0 UFMG mesmo para imunizados<\/p>\n<\/div>\n<\/div>\n<\/div><\/div>\n<\/div>\n<\/div>\n<\/div>\n<\/div>\n<\/div>\n\n","protected":false},"excerpt":{"rendered":"","protected":false},"author":5,"featured_media":16877,"comment_status":"closed","ping_status":"closed","sticky":false,"template":"","format":"standard","meta":{"footnotes":""},"categories":[121,91],"tags":[122],"class_list":["post-16885","post","type-post","status-publish","format-standard","has-post-thumbnail","hentry","category-exposicoes","category-noticias","tag-exposicao"],"_links":{"self":[{"href":"https:\/\/www.ufmg.br\/centrocultural\/wp-json\/wp\/v2\/posts\/16885","targetHints":{"allow":["GET"]}}],"collection":[{"href":"https:\/\/www.ufmg.br\/centrocultural\/wp-json\/wp\/v2\/posts"}],"about":[{"href":"https:\/\/www.ufmg.br\/centrocultural\/wp-json\/wp\/v2\/types\/post"}],"author":[{"embeddable":true,"href":"https:\/\/www.ufmg.br\/centrocultural\/wp-json\/wp\/v2\/users\/5"}],"replies":[{"embeddable":true,"href":"https:\/\/www.ufmg.br\/centrocultural\/wp-json\/wp\/v2\/comments?post=16885"}],"version-history":[{"count":4,"href":"https:\/\/www.ufmg.br\/centrocultural\/wp-json\/wp\/v2\/posts\/16885\/revisions"}],"predecessor-version":[{"id":16948,"href":"https:\/\/www.ufmg.br\/centrocultural\/wp-json\/wp\/v2\/posts\/16885\/revisions\/16948"}],"wp:featuredmedia":[{"embeddable":true,"href":"https:\/\/www.ufmg.br\/centrocultural\/wp-json\/wp\/v2\/media\/16877"}],"wp:attachment":[{"href":"https:\/\/www.ufmg.br\/centrocultural\/wp-json\/wp\/v2\/media?parent=16885"}],"wp:term":[{"taxonomy":"category","embeddable":true,"href":"https:\/\/www.ufmg.br\/centrocultural\/wp-json\/wp\/v2\/categories?post=16885"},{"taxonomy":"post_tag","embeddable":true,"href":"https:\/\/www.ufmg.br\/centrocultural\/wp-json\/wp\/v2\/tags?post=16885"}],"curies":[{"name":"wp","href":"https:\/\/api.w.org\/{rel}","templated":true}]}}