{"id":16899,"date":"2022-04-01T10:06:08","date_gmt":"2022-04-01T13:06:08","guid":{"rendered":"https:\/\/www.ufmg.br\/centrocultural\/?p=16899"},"modified":"2023-06-20T09:44:53","modified_gmt":"2023-06-20T12:44:53","slug":"mostra-de-mantos-e-estandartes-religiosos-feitos-por-marcelo-brant-pode-ser-vista-ate-maio","status":"publish","type":"post","link":"https:\/\/www.ufmg.br\/centrocultural\/mostra-de-mantos-e-estandartes-religiosos-feitos-por-marcelo-brant-pode-ser-vista-ate-maio\/","title":{"rendered":"Mostra de mantos e estandartes religiosos feitos por Marcelo Brant pode ser vista at\u00e9 maio"},"content":{"rendered":"<div id=\"cmsmasters_row_xjok5x10r\" class=\"cmsmasters_row cmsmasters_color_scheme_default cmsmasters_row_top_default cmsmasters_row_bot_default cmsmasters_row_boxed\">\n<div class=\"cmsmasters_row_outer_parent\">\n<div class=\"cmsmasters_row_outer\">\n<div class=\"cmsmasters_row_inner\">\n<div class=\"cmsmasters_row_margin\">\n<div id=\"cmsmasters_column_o4v2rrvkon\" class=\"cmsmasters_column one_first\">\n<div class=\"cmsmasters_column_inner\">\n<div class=\"cmsmasters_sharing\">\n<div class=\"share_wrap\">\n<a href=\"https:\/\/twitter.com\/intent\/tweet?text=Check+out+%27Mostra+de+mantos+e+estandartes+religiosos+feitos+por+Marcelo+Brant+pode+ser+vista+at%C3%A9+maio%27+on+Centro+Cultural++UFMG+website&url=https%3A%2F%2Fwww.ufmg.br%2Fcentrocultural%2Fmostra-de-mantos-e-estandartes-religiosos-feitos-por-marcelo-brant-pode-ser-vista-ate-maio%2F\" class=\"button cmsmasters-icon-twitter\">Twitter<\/a>\n<\/div>\n<div class=\"share_wrap\">\n<a href=\"https:\/\/www.facebook.com\/sharer\/sharer.php?display=popup&u=https%3A%2F%2Fwww.ufmg.br%2Fcentrocultural%2Fmostra-de-mantos-e-estandartes-religiosos-feitos-por-marcelo-brant-pode-ser-vista-ate-maio%2F\" class=\"button cmsmasters-icon-facebook\">Facebook<\/a>\n<\/div>\n<\/div>\n<\/div><\/div>\n<\/div>\n<\/div>\n<\/div>\n<\/div>\n<\/div>\n<div id=\"cmsmasters_row_\" class=\"cmsmasters_row cmsmasters_color_scheme_default cmsmasters_row_top_default cmsmasters_row_bot_default cmsmasters_row_boxed\">\n<div class=\"cmsmasters_row_outer_parent\">\n<div class=\"cmsmasters_row_outer\">\n<div class=\"cmsmasters_row_inner\">\n<div class=\"cmsmasters_row_margin\">\n<div id=\"cmsmasters_column_\" class=\"cmsmasters_column one_first\">\n<div class=\"cmsmasters_column_inner\"><div class=\"cmsmasters_text\">\n<p>O Centro Cultural UFMG convida para a abertura da exposi\u00e7\u00e3o \u201cMantos Virgens\u201d, do artista mineiro Marcelo Brant, na sexta-feira, dia 8 de abril de 2022, \u00e0s 19 horas. A mostra re\u00fane mantos e estandartes produzidos por ele que percorreram as ruas de Diamantina e arredores em cortejos de festas religiosas e populares e poder\u00e1 ser vista at\u00e9 o dia 8 de maio de 2022. A entrada \u00e9 gratuita.<\/p>\n<p>Marcelo Brant comunga sua arte atrav\u00e9s de mantos e estandartes inspirados em sua trajet\u00f3ria: a inf\u00e2ncia, os amigos, as prociss\u00f5es, os santos, a religiosidade e as viv\u00eancias em sua terra natal Diamantina. As obras expressam o interesse do artista pela cultura popular, as manifesta\u00e7\u00f5es art\u00edsticas, as cores, as fitas, o movimento, a performance e a moda.<\/p>\n<p>Autodidata, Brant confecciona estandartes h\u00e1 27 anos e n\u00e3o faz ideia de quantos foram produzidos nesse tempo, mas assegura que jamais repetiu uma obra.<\/p>\n<p>Seu entusiasmo pelas festas do Ros\u00e1rio e do Divino, assim como outras manifesta\u00e7\u00f5es religiosas e populares que condizem com a sua f\u00e9 e os seus princ\u00edpios, \u00e9 o que motiva a cria\u00e7\u00e3o desses adornos. Para o artista, o estandarte \u00e9 sagrado e vem para aben\u00e7oar, trazer f\u00e9 e alegria para o povo.<\/p>\n<p><strong>Influ\u00eancias<\/strong><br \/>\nA arte faz parte do seu cotidiano desde muito cedo e vem da conviv\u00eancia com artistas da fam\u00edlia e amigos, principalmente por influ\u00eancia de sua m\u00e3e, que sempre despertou o seu olhar para esse universo.<\/p>\n<p>Da fam\u00edlia herdou o gosto pela folia e a confec\u00e7\u00e3o de adere\u00e7os, figurinos e fantasias carnavalescas, entretanto, em seu portf\u00f3lio o estandarte \u00e9 a sua identidade, a sua marca e foi atrav\u00e9s dessas cria\u00e7\u00f5es que ficou conhecido e se tornou uma das refer\u00eancias no ramo.<\/p>\n<p>Marcelo Brant tem 54 anos e nasceu em Diamantina, Minas Gerais. Desde 1995 realiza exposi\u00e7\u00f5es pelo pa\u00eds, figurinos para festas religiosas, espet\u00e1culos variados, produ\u00e7\u00f5es em TV, cinema, curtas-metragens, document\u00e1rios, publica\u00e7\u00f5es em revistas, livros e cat\u00e1logos.<\/p>\n<p>Participou de importantes festivais, como o Festival de Cultura Popular do Vale do Jequitinhonha e o Festival de Inverno UFMG. Seu lema, \u201cTome um estandarte em tuas m\u00e3os e vamos juntos percorrer caminhos\u201d, prop\u00f5e atravessar cidades com sua arte e reverenciar a cultura popular.<\/p>\n<\/div>\n<\/div><\/div>\n<\/div>\n<\/div>\n<\/div>\n<\/div>\n<\/div>\n<div id=\"cmsmasters_row_ca8bvy6eij\" class=\"cmsmasters_row cmsmasters_color_scheme_default cmsmasters_row_top_default cmsmasters_row_bot_default cmsmasters_row_boxed\">\n<div class=\"cmsmasters_row_outer_parent\">\n<div class=\"cmsmasters_row_outer\">\n<div class=\"cmsmasters_row_inner\">\n<div class=\"cmsmasters_row_margin\">\n<div id=\"cmsmasters_column_67tcvhg7a\" class=\"cmsmasters_column one_first\">\n<div class=\"cmsmasters_column_inner\">\n<div id=\"cmsmasters_divider_kr7if72mxt\" class=\"cmsmasters_divider cmsmasters_divider_width_long cmsmasters_divider_pos_center\"><\/div>\n<\/div><\/div>\n<\/div>\n<\/div>\n<\/div>\n<\/div>\n<\/div>\n<div id=\"cmsmasters_row_x2jwr7pl8q\" class=\"cmsmasters_row cmsmasters_color_scheme_default cmsmasters_row_top_default cmsmasters_row_bot_default cmsmasters_row_boxed\">\n<div class=\"cmsmasters_row_outer_parent\">\n<div class=\"cmsmasters_row_outer\">\n<div class=\"cmsmasters_row_inner\">\n<div class=\"cmsmasters_row_margin\">\n<div id=\"cmsmasters_column_nt41mj32c\" class=\"cmsmasters_column one_first\">\n<div class=\"cmsmasters_column_inner\"><div class=\"cmsmasters_text\">\n<p><a href=\"https:\/\/www.ufmg.br\/centrocultural\/?tribe_events=exposicao-mantos-virgens\">Exposi\u00e7\u00e3o \u201cMantos Virgens\u201d &#8211; Marcelo Brant<\/a><br \/>\nAbertura: 8 de abril de 2022 | \u00e0s 19 horas<br \/>\nVisita\u00e7\u00e3o: at\u00e9 o dia 08\/05\/2022<br \/>\nTer\u00e7as a sextas: 9h \u00e0s 20h<br \/>\nS\u00e1bados, domingos e feriados: 9h \u00e0s 17h<br \/>\nEspa\u00e7o Experimenta\u00e7\u00e3o da Imagem<br \/>\nEntrada gratuita<\/p>\n<\/div>\n<\/div><\/div>\n<\/div>\n<\/div>\n<\/div>\n<\/div>\n<\/div>\n<div id=\"cmsmasters_row_4h4yyfp1i\" class=\"cmsmasters_row cmsmasters_color_scheme_default cmsmasters_row_top_default cmsmasters_row_bot_default cmsmasters_row_boxed\">\n<div class=\"cmsmasters_row_outer_parent\">\n<div class=\"cmsmasters_row_outer\">\n<div class=\"cmsmasters_row_inner\">\n<div class=\"cmsmasters_row_margin\">\n<div id=\"cmsmasters_column_z35t9jcltr\" class=\"cmsmasters_column one_first\">\n<div class=\"cmsmasters_column_inner\"><div id=\"cmsmasters_notice_o55vn36bye\" class=\"cmsmasters_notice cmsmasters_notice_success cmsmasters-icon-check-1\">\n<a href=\"#\" class=\"notice_close cmsmasters_theme_icon_cancel\"><\/a><div class=\"notice_content\">\n<address>Lembre-se: \u00e9 necess\u00e1rio o uso de m\u00e1scara nos espa\u00e7os do Centro Cultural\u00a0 UFMG mesmo para imunizados<\/address>\n<\/div>\n<\/div>\n<\/div><\/div>\n<\/div>\n<\/div>\n<\/div>\n<\/div>\n<\/div>\n\n","protected":false},"excerpt":{"rendered":"","protected":false},"author":5,"featured_media":16881,"comment_status":"closed","ping_status":"closed","sticky":false,"template":"","format":"standard","meta":{"footnotes":""},"categories":[121,91],"tags":[],"class_list":["post-16899","post","type-post","status-publish","format-standard","has-post-thumbnail","hentry","category-exposicoes","category-noticias"],"_links":{"self":[{"href":"https:\/\/www.ufmg.br\/centrocultural\/wp-json\/wp\/v2\/posts\/16899","targetHints":{"allow":["GET"]}}],"collection":[{"href":"https:\/\/www.ufmg.br\/centrocultural\/wp-json\/wp\/v2\/posts"}],"about":[{"href":"https:\/\/www.ufmg.br\/centrocultural\/wp-json\/wp\/v2\/types\/post"}],"author":[{"embeddable":true,"href":"https:\/\/www.ufmg.br\/centrocultural\/wp-json\/wp\/v2\/users\/5"}],"replies":[{"embeddable":true,"href":"https:\/\/www.ufmg.br\/centrocultural\/wp-json\/wp\/v2\/comments?post=16899"}],"version-history":[{"count":5,"href":"https:\/\/www.ufmg.br\/centrocultural\/wp-json\/wp\/v2\/posts\/16899\/revisions"}],"predecessor-version":[{"id":16943,"href":"https:\/\/www.ufmg.br\/centrocultural\/wp-json\/wp\/v2\/posts\/16899\/revisions\/16943"}],"wp:featuredmedia":[{"embeddable":true,"href":"https:\/\/www.ufmg.br\/centrocultural\/wp-json\/wp\/v2\/media\/16881"}],"wp:attachment":[{"href":"https:\/\/www.ufmg.br\/centrocultural\/wp-json\/wp\/v2\/media?parent=16899"}],"wp:term":[{"taxonomy":"category","embeddable":true,"href":"https:\/\/www.ufmg.br\/centrocultural\/wp-json\/wp\/v2\/categories?post=16899"},{"taxonomy":"post_tag","embeddable":true,"href":"https:\/\/www.ufmg.br\/centrocultural\/wp-json\/wp\/v2\/tags?post=16899"}],"curies":[{"name":"wp","href":"https:\/\/api.w.org\/{rel}","templated":true}]}}