{"id":17059,"date":"2021-04-05T11:36:31","date_gmt":"2021-04-05T14:36:31","guid":{"rendered":"https:\/\/www.ufmg.br\/centrocultural\/?p=17059"},"modified":"2023-06-20T10:21:40","modified_gmt":"2023-06-20T13:21:40","slug":"grupo-de-teatro-mulheres-miticas-participa-do-podcast-sobre-a-residencia-artistica","status":"publish","type":"post","link":"https:\/\/www.ufmg.br\/centrocultural\/grupo-de-teatro-mulheres-miticas-participa-do-podcast-sobre-a-residencia-artistica\/","title":{"rendered":"Grupo de teatro Mulheres M\u00edticas participa do podcast sobre a resid\u00eancia art\u00edstica"},"content":{"rendered":"<div id=\"cmsmasters_row_8wsqfmoyc\" class=\"cmsmasters_row cmsmasters_color_scheme_default cmsmasters_row_top_default cmsmasters_row_bot_default cmsmasters_row_boxed\">\n<div class=\"cmsmasters_row_outer_parent\">\n<div class=\"cmsmasters_row_outer\">\n<div class=\"cmsmasters_row_inner\">\n<div class=\"cmsmasters_row_margin\">\n<div id=\"cmsmasters_column_evue6bgnhp\" class=\"cmsmasters_column one_first\">\n<div class=\"cmsmasters_column_inner\"><div class=\"cmsmasters_sharing\">\n<div class=\"share_wrap\">\n<a href=\"https:\/\/twitter.com\/intent\/tweet?text=Check+out+%27Grupo+de+teatro+Mulheres+M%C3%ADticas+participa+do+podcast+sobre+a+resid%C3%AAncia+art%C3%ADstica%27+on+Centro+Cultural++UFMG+website&url=https%3A%2F%2Fwww.ufmg.br%2Fcentrocultural%2Fgrupo-de-teatro-mulheres-miticas-participa-do-podcast-sobre-a-residencia-artistica%2F\" class=\"button cmsmasters-icon-twitter\">Twitter<\/a>\n<\/div>\n<div class=\"share_wrap\">\n<a href=\"https:\/\/www.facebook.com\/sharer\/sharer.php?display=popup&u=https%3A%2F%2Fwww.ufmg.br%2Fcentrocultural%2Fgrupo-de-teatro-mulheres-miticas-participa-do-podcast-sobre-a-residencia-artistica%2F\" class=\"button cmsmasters-icon-facebook\">Facebook<\/a>\n<\/div>\n<\/div>\n<\/div><\/div>\n<\/div>\n<\/div>\n<\/div>\n<\/div>\n<\/div>\n<div id=\"cmsmasters_row_\" class=\"cmsmasters_row cmsmasters_color_scheme_default cmsmasters_row_top_default cmsmasters_row_bot_default cmsmasters_row_boxed\">\n<div class=\"cmsmasters_row_outer_parent\">\n<div class=\"cmsmasters_row_outer\">\n<div class=\"cmsmasters_row_inner\">\n<div class=\"cmsmasters_row_margin\">\n<div id=\"cmsmasters_column_\" class=\"cmsmasters_column one_first\">\n<div class=\"cmsmasters_column_inner\"><div class=\"cmsmasters_text\">\n<p>No segundo epis\u00f3dio do Podcast Resid\u00eancia Art\u00edstica tivemos um bate-papo com alguns dos integrantes do grupo de teatro Mulheres M\u00edticas.<\/p>\n<p>O grupo de teatro Mulheres M\u00edticas surgiu em 2014, no \u00e2mbito da conclus\u00e3o do Curso de Gradua\u00e7\u00e3o em Teatro da UFMG. Seu primeiro espet\u00e1culo, Clamour + E se Eva n\u00e3o tivesse dentes?, foi indicado ao Pr\u00eamio Sinparc de Artes C\u00eanicas (2017), na categoria Melhor Trilha Sonora. A pe\u00e7a cumpriu cinco temporadas em Belo Horizonte e tamb\u00e9m excursionou por Blumenau (SC) e Sete Lagoas (MG).<\/p>\n<p><strong>Mem\u00f3rias<\/strong><br \/>\nO grupo investiga mem\u00f3rias latino-americanas para propor di\u00e1logos po\u00e9ticos com o presente, construindo imagens dramat\u00fargicas a partir de cria\u00e7\u00f5es autorais e tamb\u00e9m de tradu\u00e7\u00f5es culturais.<\/p>\n<p>Atualmente, \u00e9 formado por \u00c9rica Hoffmann, Felipe Cordeiro, Gabriela Figueiredo, J\u00e9ssica Ribas, Lu\u00edsa Lagoeiro e Sara Rojo. O coletivo participou de duas resid\u00eancias no Centro Cultural UFMG: em 2016, para montagem do espet\u00e1culo O Deszerto, e em 2018, para montagem do espet\u00e1culo Classe.<\/p>\n<p>Ou\u00e7a o podcast:<br \/>\n<iframe loading=\"lazy\" style=\"border-radius: 12px;\" src=\"https:\/\/open.spotify.com\/embed\/episode\/5TBtTvacp2dqUHIBkfX4IF?utm_source=generator\" width=\"100%\" height=\"232\" frameborder=\"0\" allowfullscreen=\"allowfullscreen\"><\/iframe>\n<p><strong>Podcast Resid\u00eancia Art\u00edstica<\/strong><br \/>\nO Podcast Resid\u00eancia Art\u00edstica \u00e9 um projeto que disponibiliza mensalmente no Spotify conte\u00fados em \u00e1udio relacionados ao desenvolvimento da pesquisa e experimenta\u00e7\u00e3o das artes visuais, dan\u00e7a, performance, teatro, m\u00fasica e literatura.<\/p>\n<p>A proposta surgiu para ampliar a programa\u00e7\u00e3o online do espa\u00e7o, oferecer ao p\u00fablico da internet uma discuss\u00e3o sobre o estudo das artes, al\u00e9m de dar visibilidade aos residentes da casa, que foram lan\u00e7ados em novas rotinas de pesquisa.<\/p>\n<p>Os convidados contam com espa\u00e7o para dialogarem sobre essa imers\u00e3o, seus processos criativos, suas experi\u00eancias, trajet\u00f3rias, produ\u00e7\u00f5es art\u00edsticas e resultados.<\/p>\n<p><strong>Onde acessar:<\/strong><br \/>\nUma vez por m\u00eas no <a href=\"https:\/\/spoti.fi\/37VZnRa\">Spotify do Centro Cultural UFMG<\/a>.<\/p>\n<\/div>\n<\/div><\/div>\n<\/div>\n<\/div>\n<\/div>\n<\/div>\n<\/div>\n\n","protected":false},"excerpt":{"rendered":"","protected":false},"author":5,"featured_media":17061,"comment_status":"closed","ping_status":"closed","sticky":false,"template":"","format":"standard","meta":{"footnotes":""},"categories":[91,245,80,79],"tags":[144,112,113],"class_list":["post-17059","post","type-post","status-publish","format-standard","has-post-thumbnail","hentry","category-noticias","category-podcast-residencia-artistica","category-podcast","category-residencia-artistica","tag-grupomulheresmiticas","tag-podcast","tag-residenciaartistica"],"_links":{"self":[{"href":"https:\/\/www.ufmg.br\/centrocultural\/wp-json\/wp\/v2\/posts\/17059","targetHints":{"allow":["GET"]}}],"collection":[{"href":"https:\/\/www.ufmg.br\/centrocultural\/wp-json\/wp\/v2\/posts"}],"about":[{"href":"https:\/\/www.ufmg.br\/centrocultural\/wp-json\/wp\/v2\/types\/post"}],"author":[{"embeddable":true,"href":"https:\/\/www.ufmg.br\/centrocultural\/wp-json\/wp\/v2\/users\/5"}],"replies":[{"embeddable":true,"href":"https:\/\/www.ufmg.br\/centrocultural\/wp-json\/wp\/v2\/comments?post=17059"}],"version-history":[{"count":2,"href":"https:\/\/www.ufmg.br\/centrocultural\/wp-json\/wp\/v2\/posts\/17059\/revisions"}],"predecessor-version":[{"id":17062,"href":"https:\/\/www.ufmg.br\/centrocultural\/wp-json\/wp\/v2\/posts\/17059\/revisions\/17062"}],"wp:featuredmedia":[{"embeddable":true,"href":"https:\/\/www.ufmg.br\/centrocultural\/wp-json\/wp\/v2\/media\/17061"}],"wp:attachment":[{"href":"https:\/\/www.ufmg.br\/centrocultural\/wp-json\/wp\/v2\/media?parent=17059"}],"wp:term":[{"taxonomy":"category","embeddable":true,"href":"https:\/\/www.ufmg.br\/centrocultural\/wp-json\/wp\/v2\/categories?post=17059"},{"taxonomy":"post_tag","embeddable":true,"href":"https:\/\/www.ufmg.br\/centrocultural\/wp-json\/wp\/v2\/tags?post=17059"}],"curies":[{"name":"wp","href":"https:\/\/api.w.org\/{rel}","templated":true}]}}