{"id":17065,"date":"2021-05-14T11:51:22","date_gmt":"2021-05-14T14:51:22","guid":{"rendered":"https:\/\/www.ufmg.br\/centrocultural\/?p=17065"},"modified":"2023-06-20T10:14:13","modified_gmt":"2023-06-20T13:14:13","slug":"pesquisador-sobre-memorias-lgbtqia-de-bh-participa-do-podcast-sobre-literatura","status":"publish","type":"post","link":"https:\/\/www.ufmg.br\/centrocultural\/pesquisador-sobre-memorias-lgbtqia-de-bh-participa-do-podcast-sobre-literatura\/","title":{"rendered":"Pesquisador sobre mem\u00f3rias LGBTQIA+ de BH participa do podcast sobre literatura"},"content":{"rendered":"<div id=\"cmsmasters_row_dw4vq670n\" class=\"cmsmasters_row cmsmasters_color_scheme_default cmsmasters_row_top_default cmsmasters_row_bot_default cmsmasters_row_boxed\">\n<div class=\"cmsmasters_row_outer_parent\">\n<div class=\"cmsmasters_row_outer\">\n<div class=\"cmsmasters_row_inner\">\n<div class=\"cmsmasters_row_margin\">\n<div id=\"cmsmasters_column_r1bpwgb4q\" class=\"cmsmasters_column one_first\">\n<div class=\"cmsmasters_column_inner\">\n<div class=\"cmsmasters_sharing\">\n<div class=\"share_wrap\">\n<a href=\"https:\/\/twitter.com\/intent\/tweet?text=Check+out+%27Pesquisador+sobre+mem%C3%B3rias+LGBTQIA%2B+de+BH+participa+do+podcast+sobre+literatura%27+on+Centro+Cultural++UFMG+website&url=https%3A%2F%2Fwww.ufmg.br%2Fcentrocultural%2Fpesquisador-sobre-memorias-lgbtqia-de-bh-participa-do-podcast-sobre-literatura%2F\" class=\"button cmsmasters-icon-twitter\">Twitter<\/a>\n<\/div>\n<div class=\"share_wrap\">\n<a href=\"https:\/\/www.facebook.com\/sharer\/sharer.php?display=popup&u=https%3A%2F%2Fwww.ufmg.br%2Fcentrocultural%2Fpesquisador-sobre-memorias-lgbtqia-de-bh-participa-do-podcast-sobre-literatura%2F\" class=\"button cmsmasters-icon-facebook\">Facebook<\/a>\n<\/div>\n<\/div>\n<\/div><\/div>\n<\/div>\n<\/div>\n<\/div>\n<\/div>\n<\/div>\n<div id=\"cmsmasters_row_\" class=\"cmsmasters_row cmsmasters_color_scheme_default cmsmasters_row_top_default cmsmasters_row_bot_default cmsmasters_row_boxed\">\n<div class=\"cmsmasters_row_outer_parent\">\n<div class=\"cmsmasters_row_outer\">\n<div class=\"cmsmasters_row_inner\">\n<div class=\"cmsmasters_row_margin\">\n<div id=\"cmsmasters_column_\" class=\"cmsmasters_column one_first\">\n<div class=\"cmsmasters_column_inner\"><div class=\"cmsmasters_text\">\n<p>No terceiro epis\u00f3dio do Podcast Leituras tivemos um bate-papo com Luiz Morando, autor dos livros Para\u00edso das Maravilhas: uma hist\u00f3ria do Crime do Parque (2008) e Enverga, mas n\u00e3o quebra: Cintura Fina em Belo Horizonte (2020), pesquisador independente sobre a mem\u00f3ria das identidades LGBTQIA+ de Belo Horizonte.<\/p>\n<p>Luiz Morando se define como cria da UFMG e a sua forma\u00e7\u00e3o foi na Faculdade de Letras. Sua trajet\u00f3ria se d\u00e1 entremeando a atividade profissional como professor, revisor de texto e pelo ativismo no resgate da mem\u00f3ria LGBTQIA+.<\/p>\n<p>O trabalho com a mem\u00f3ria, segundo ele, \u00e9 necess\u00e1rio para a afirma\u00e7\u00e3o da identidade, o que torna fundamental o conhecimento das a\u00e7\u00f5es do passado. \u00c9 importante conhecer como era a vida social de pessoas LGBTQIA+ em qualquer cidade e em qualquer campo de atua\u00e7\u00e3o para se pensar uma certa tradi\u00e7\u00e3o, um tipo de sociabilidade, o que contribui para fortalecer a ideia de comunidade.<\/p>\n<p><strong>Visibilidade<\/strong><br \/>\nO autor trouxe \u00e0 luz os percal\u00e7os de pessoas dissidentes de sexo e de g\u00eanero da cidade, revendo valores, cultura, lugares e posicionamentos onde esses indiv\u00edduos s\u00e3o colocados de maneira indevida, sem que haja um di\u00e1logo, um esclarecimento, ou uma escuta.<\/p>\n<p>O escritor se considera orgulhoso em escrever sobre esse segmento social, principalmente em um momento de retrocesso de v\u00e1rias conquistas estabelecidas, impulsionado pelo crescimento de uma pauta conservadora da moral e dos costumes.<\/p>\n<p><strong>Pesquisas<\/strong><br \/>\nNos livros \u201cPara\u00edso das Maravilhas: uma hist\u00f3ria do Crime do Parque\u201d e \u201cEnverga, mas n\u00e3o quebra: Cintura Fina em Belo Horizonte\u201d, Morando realizou um trabalho com base em pesquisas jornal\u00edsticas e inqu\u00e9ritos policiais para reconstruir as narrativas a partir de recortes documentais.<\/p>\n<p>No primeiro livro, Para\u00edso das Maravilhas: uma hist\u00f3ria do Crime do Parque, o autor considera que mais importante que trazer informa\u00e7\u00f5es sobre o crime \u00e9 revelar, que j\u00e1 em 1946, existia um territ\u00f3rio de conviv\u00eancia homossexual e bissexual no Parque Municipal, em pleno Centro de Belo Horizonte, apelidado pelos pr\u00f3prios frequentadores como \u201cPara\u00edso das Maravilhas\u201d.<\/p>\n<p><strong>Consci\u00eancia de identidade<\/strong><br \/>\nNo livro \u201cEnverga, mas n\u00e3o quebra: Cintura Fina em Belo Horizonte\u201d o autor conta que Cintura Fina sempre foi tratada pelo pronome masculino, porque a imprensa, a pol\u00edcia e o judici\u00e1rio n\u00e3o a consideravam como mulher.<\/p>\n<p>Em um depoimento de 1957, ela se declara para o delegado: \u201cEu sou mulher. Eu nasci para os homens\u201d. Como uma forma de homenagem e reconhecimento dessa consci\u00eancia de identidade negada pela imprensa e pelo meio jur\u00eddico, Luiz Morando a trata no feminino.<\/p>\n<p>Al\u00e9m disso, ela foi uma travesti pioneira, levantou muitas bandeiras, principalmente a bandeira da ajuda, da solidariedade e prote\u00e7\u00e3o \u00e0s mulheres, homossexuais e pessoas mais vulner\u00e1veis que sofriam viol\u00eancia na zona bo\u00eamia de Belo Horizonte.<\/p>\n<p><strong>Morando<\/strong><br \/>\nLuiz Morando \u00e9 licenciado em Letras (1989) pela UFMG. Mestre em Literatura Brasileira (1992) e Doutor em Literatura Comparada (1997), tamb\u00e9m pela UFMG. Atuou no magist\u00e9rio no Ensino Superior por 21 anos, ministrando aulas de Literatura Brasileira e Teoria da Literatura. Atualmente, trabalha com revis\u00e3o de textos.<\/p>\n<p>Entre 1992 e 2014, desempenhou trabalho volunt\u00e1rio no Grupo de Apoio e Preven\u00e7\u00e3o \u00e0 AIDS de Minas Gerais (GAPA-MG), onde realizou a\u00e7\u00f5es e coordenou projetos de preven\u00e7\u00e3o ao HIV\/AIDS voltados ao p\u00fablico homossexual masculino. A partir de 1989, come\u00e7ou a reunir um acervo de natureza diversificada relacionado \u00e0 cultura LGBTQIA+.<\/p>\n<p>A partir de 2002, iniciou trabalho sistem\u00e1tico, aut\u00f4nomo e independente de resgate da mem\u00f3ria das identidades LGBTQIA+ de Belo Horizonte. \u00c9 autor dos livros Para\u00edso das Maravilhas: uma hist\u00f3ria do Crime do Parque (2008), Enverga, mas n\u00e3o quebra: Cintura Fina em Belo Horizonte (2020) e diversos artigos sobre seu tema de pesquisa em peri\u00f3dicos acad\u00eamicos e livros.<\/p>\n<p>Ou\u00e7a o programa:<\/p>\n<iframe loading=\"lazy\" style=\"border-radius: 12px;\" src=\"https:\/\/open.spotify.com\/embed\/episode\/52fcPh2hevDPhLmo87IuhD?utm_source=generator\" width=\"100%\" height=\"232\" frameborder=\"0\" allowfullscreen=\"allowfullscreen\"><\/iframe>\n<p>Disponibilizamos trecho do livro Enverga, mas n\u00e3o quebra: Cintura Fina em Belo Horizonte para leitura no <a href=\"https:\/\/bit.ly\/3w4bqGi\">Issuu do Centro Cultural UFMG<\/a>.<\/p>\n<p><strong>Projeto Podcast Leitura<\/strong>s<br \/>\nUma vez por m\u00eas no <a href=\"https:\/\/spoti.fi\/37VZnRa\">Spotify do Centro Cultural UFMG<\/a>.<\/p>\n<\/div>\n<\/div><\/div>\n<\/div>\n<\/div>\n<\/div>\n<\/div>\n<\/div>\n\n","protected":false},"excerpt":{"rendered":"","protected":false},"author":5,"featured_media":17068,"comment_status":"closed","ping_status":"closed","sticky":false,"template":"","format":"standard","meta":{"footnotes":""},"categories":[91,246,80],"tags":[146,145,147,112],"class_list":["post-17065","post","type-post","status-publish","format-standard","has-post-thumbnail","hentry","category-noticias","category-podcast-leituras","category-podcast","tag-lgbtqia","tag-luizmorando","tag-pesquisas","tag-podcast"],"_links":{"self":[{"href":"https:\/\/www.ufmg.br\/centrocultural\/wp-json\/wp\/v2\/posts\/17065","targetHints":{"allow":["GET"]}}],"collection":[{"href":"https:\/\/www.ufmg.br\/centrocultural\/wp-json\/wp\/v2\/posts"}],"about":[{"href":"https:\/\/www.ufmg.br\/centrocultural\/wp-json\/wp\/v2\/types\/post"}],"author":[{"embeddable":true,"href":"https:\/\/www.ufmg.br\/centrocultural\/wp-json\/wp\/v2\/users\/5"}],"replies":[{"embeddable":true,"href":"https:\/\/www.ufmg.br\/centrocultural\/wp-json\/wp\/v2\/comments?post=17065"}],"version-history":[{"count":4,"href":"https:\/\/www.ufmg.br\/centrocultural\/wp-json\/wp\/v2\/posts\/17065\/revisions"}],"predecessor-version":[{"id":17071,"href":"https:\/\/www.ufmg.br\/centrocultural\/wp-json\/wp\/v2\/posts\/17065\/revisions\/17071"}],"wp:featuredmedia":[{"embeddable":true,"href":"https:\/\/www.ufmg.br\/centrocultural\/wp-json\/wp\/v2\/media\/17068"}],"wp:attachment":[{"href":"https:\/\/www.ufmg.br\/centrocultural\/wp-json\/wp\/v2\/media?parent=17065"}],"wp:term":[{"taxonomy":"category","embeddable":true,"href":"https:\/\/www.ufmg.br\/centrocultural\/wp-json\/wp\/v2\/categories?post=17065"},{"taxonomy":"post_tag","embeddable":true,"href":"https:\/\/www.ufmg.br\/centrocultural\/wp-json\/wp\/v2\/tags?post=17065"}],"curies":[{"name":"wp","href":"https:\/\/api.w.org\/{rel}","templated":true}]}}