{"id":17135,"date":"2021-09-10T13:24:05","date_gmt":"2021-09-10T16:24:05","guid":{"rendered":"https:\/\/www.ufmg.br\/centrocultural\/?p=17135"},"modified":"2023-06-20T10:03:08","modified_gmt":"2023-06-20T13:03:08","slug":"escritor-premiado-pela-unesco-e-ativista-no-movimento-indigena-eo-convidado-do-podcast-literatura","status":"publish","type":"post","link":"https:\/\/www.ufmg.br\/centrocultural\/escritor-premiado-pela-unesco-e-ativista-no-movimento-indigena-eo-convidado-do-podcast-literatura\/","title":{"rendered":"Escritor premiado pela Unesco e ativista no movimento ind\u00edgena \u00e9 o convidado do podcast Leituras"},"content":{"rendered":"<div id=\"cmsmasters_row_ckynfn5u0a\" class=\"cmsmasters_row cmsmasters_color_scheme_default cmsmasters_row_top_default cmsmasters_row_bot_default cmsmasters_row_boxed\">\n<div class=\"cmsmasters_row_outer_parent\">\n<div class=\"cmsmasters_row_outer\">\n<div class=\"cmsmasters_row_inner\">\n<div class=\"cmsmasters_row_margin\">\n<div id=\"cmsmasters_column_l33c07vzwc\" class=\"cmsmasters_column one_first\">\n<div class=\"cmsmasters_column_inner\">\n<div class=\"cmsmasters_sharing\">\n<div class=\"share_wrap\">\n<a href=\"https:\/\/twitter.com\/intent\/tweet?text=Check+out+%27Escritor+premiado+pela+Unesco+e+ativista+no+movimento+ind%C3%ADgena+%C3%A9+o+convidado+do+podcast+Leituras%27+on+Centro+Cultural++UFMG+website&url=https%3A%2F%2Fwww.ufmg.br%2Fcentrocultural%2Fescritor-premiado-pela-unesco-e-ativista-no-movimento-indigena-eo-convidado-do-podcast-literatura%2F\" class=\"button cmsmasters-icon-twitter\">Twitter<\/a>\n<\/div>\n<div class=\"share_wrap\">\n<a href=\"https:\/\/www.facebook.com\/sharer\/sharer.php?display=popup&u=https%3A%2F%2Fwww.ufmg.br%2Fcentrocultural%2Fescritor-premiado-pela-unesco-e-ativista-no-movimento-indigena-eo-convidado-do-podcast-literatura%2F\" class=\"button cmsmasters-icon-facebook\">Facebook<\/a>\n<\/div>\n<\/div>\n<\/div><\/div>\n<\/div>\n<\/div>\n<\/div>\n<\/div>\n<\/div>\n<div id=\"cmsmasters_row_\" class=\"cmsmasters_row cmsmasters_color_scheme_default cmsmasters_row_top_default cmsmasters_row_bot_default cmsmasters_row_boxed\">\n<div class=\"cmsmasters_row_outer_parent\">\n<div class=\"cmsmasters_row_outer\">\n<div class=\"cmsmasters_row_inner\">\n<div class=\"cmsmasters_row_margin\">\n<div id=\"cmsmasters_column_\" class=\"cmsmasters_column one_first\">\n<div class=\"cmsmasters_column_inner\"><div class=\"cmsmasters_text\">\n<p>No sexto epis\u00f3dio do Podcast Leituras tivemos um bate-papo com Edson Kayap\u00f3, escritor premiado pela Unesco, ativista no movimento ind\u00edgena, ambientalista e doutor em Educa\u00e7\u00e3o. Pertencente \u00e0 etnia Meb\u00eang\u00f4kre \u00e9 autor dos livros \u201cProjetos e presepadas de um Curumim na Amaz\u00f4nia\u201d, \u201cUm estranho espadarte na aldeia\u201d e coautor da colet\u00e2nea \u201cN\u00f3s: uma antologia de literatura ind\u00edgena\u201d.<\/p>\n<p>Nascido no cora\u00e7\u00e3o da Floresta Amaz\u00f4nica, no Estado do Amap\u00e1, Edson se define como filho de pai Kayap\u00f3. Al\u00e9m disso, considera-se tamb\u00e9m filho da Universidade Federal de Minas Gerais, institui\u00e7\u00e3o na qual graduou em Hist\u00f3ria. Atualmente \u00e9 professor do Instituto Federal da Bahia e da Universidade Federal do Sul da Bahia, onde leciona para povos ind\u00edgenas e n\u00e3o ind\u00edgenas.<\/p>\n<p>Dono de um esp\u00edrito \u201cdesassossegado\u201d, como diria Fernando Pessoa, dorme pouco, pensa em bastante coisa e trabalha muito.<\/p>\n<p><strong>Viv\u00eancia<\/strong><br \/>\nO ambientalista nos conta que teve uma inf\u00e2ncia muito tranquila na floresta, tomou banho no Rio Amazonas, caminhou pela mata e ouviu hist\u00f3rias em volta de fogueiras.<\/p>\n<p>Aos onze anos foi levado por mission\u00e1rios para estudar em um col\u00e9gio interno em Altamira, no Par\u00e1, onde teve contato com o sistema de ensino crist\u00e3o e muitas regras, totalmente diferente do aprendizado baseado na oralidade que experimentou na aldeia.<\/p>\n<p>Ap\u00f3s a experi\u00eancia do internato assumiu uma postura de mission\u00e1rio e viajou por diversas cidades de Minas Gerais pregando o evangelho. Em 1990, iniciou o curso de Hist\u00f3ria em Belo Horizonte, se tornou ateu, se formou e retornou ao Amap\u00e1, onde reencontrou sua espiritualidade origin\u00e1ria.<\/p>\n<p><strong>Visibilidade<\/strong><br \/>\nO escritor afirma que a literatura de autoria ind\u00edgena d\u00e1 visibilidade aos saberes, \u00e0s formas de pensar, \u00e0s epistemologias e \u00e0s cosmologias dos povos origin\u00e1rios, al\u00e9m de fortalecer o movimento.<\/p>\n<p>Ele enfatiza que os textos dos escritores ind\u00edgenas s\u00e3o fruto de um modo de existir coletivo, pois o conhecimento \u00e9 adquirido por meio dos anci\u00e3os e transmitido pelas gera\u00e7\u00f5es atrav\u00e9s da oralidade.<\/p>\n<p>Edson acredita que a jun\u00e7\u00e3o dos saberes cient\u00edficos com os saberes ind\u00edgenas levar\u00e1 a uma potencializa\u00e7\u00e3o da produ\u00e7\u00e3o do conhecimento, permitindo repensar a trajet\u00f3ria humana no planeta, a crise socioambiental e a desigualdade social.<\/p>\n<p><strong>Educa\u00e7\u00e3o ind\u00edgena<\/strong><br \/>\nO professor reconhece que historicamente a escola brasileira n\u00e3o ind\u00edgena traz conte\u00fados relacionados aos povos origin\u00e1rios apenas como uma heran\u00e7a, ignorando suas exist\u00eancias na contemporaneidade.<\/p>\n<p>&#8220;Dar \u00eanfase a heran\u00e7a passa a ideia de que ficaram apenas alguns tra\u00e7os das tradi\u00e7\u00f5es e culturas ind\u00edgenas para a sociedade brasileira&#8221;, diz. E completa, &#8220;n\u00f3s estamos presentes, as escolas brasileiras t\u00eam que lidar com esse movimento e essa realidade ind\u00edgena&#8221;.<\/p>\n<p>Edson afirma que com a \u201cEduca\u00e7\u00e3o Escolar Ind\u00edgena Diferenciada, Intercultural, Bil\u00edngue\/Multil\u00edngue e Comunit\u00e1ria\u201d foram obtidos alguns avan\u00e7os que levaram a valoriza\u00e7\u00e3o dos saberes tradicionais, o respeito aos modos de organiza\u00e7\u00e3o pr\u00f3prios e o resgate de l\u00ednguas que estavam em processo de extin\u00e7\u00e3o.<\/p>\n<p><strong>Decolonial<\/strong><br \/>\nO pesquisador relata que ao ter contato com a Teoria Decolonial, que surgiu na d\u00e9cada de 60, percebeu que desde o s\u00e9culo XVI os ind\u00edgenas j\u00e1 a praticavam, pois n\u00e3o se sujeitavam ao modo de produ\u00e7\u00e3o capitalista trazido pelo colonizador. A resist\u00eancia fez com que fossem rotulados como pregui\u00e7osos, mentirosos, trai\u00e7oeiros e b\u00e1rbaros.<\/p>\n<p>Neste sentido, Kayap\u00f3 chama aten\u00e7\u00e3o para o risco de aprova\u00e7\u00e3o do Projeto de Lei 490\/2007, que prev\u00ea altera\u00e7\u00e3o na demarca\u00e7\u00e3o das terras ind\u00edgenas, o Marco Temporal. \u00c9 muito grave, j\u00e1 que os povos ind\u00edgenas s\u00e3o os que realmente garantem a preserva\u00e7\u00e3o das florestas, ecossistemas e biomas, declara.<\/p>\n<p><strong>Edson Kayap\u00f3<\/strong><br \/>\nEdson Kayap\u00f3 nasceu no estado do Amap\u00e1 e \u00e9 pertencente ao povo Kayap\u00f3. \u00c9 Doutor pelo Programa Educa\u00e7\u00e3o: Hist\u00f3ria, Pol\u00edtica, Sociedade da PUC-SP e mestre em Hist\u00f3ria Social pela mesma institui\u00e7\u00e3o. Graduado em Hist\u00f3ria pela UFMG, com Especializa\u00e7\u00e3o em Hist\u00f3ria e Historiografia da Amaz\u00f4nia pela Universidade Federal do Amap\u00e1.<\/p>\n<p>Pesquisador das quest\u00f5es amaz\u00f4nicas e ind\u00edgenas, escritor premiado pela Unesco e pela Funda\u00e7\u00e3o Nacional do Livro Infantil e Juvenil. Professor efetivo do Instituto Federal da Bahia, atuando na doc\u00eancia em licenciaturas, cursos t\u00e9cnicos e P\u00f3s-Gradua\u00e7\u00e3o Lato Sensu, al\u00e9m de orientar TCCs e monografias. Exerce, ainda, as fun\u00e7\u00f5es de docente e orientador de pesquisas de mestrado no Programa de P\u00f3s-gradua\u00e7\u00e3o em Ensino e Rela\u00e7\u00f5es \u00c9tnico-Raciais na Universidade Federal do Sul da Bahia.<\/p>\n<p>Ou\u00e7a o podcast na \u00edntegra e saiba um pouco mais sobre a trajet\u00f3ria do escritor ind\u00edgena:<br \/>\n<iframe loading=\"lazy\" style=\"border-radius: 12px;\" src=\"https:\/\/open.spotify.com\/embed\/episode\/7AfRT1Jmxtn3uo18UxdNA6?utm_source=generator\" width=\"100%\" height=\"232\" frameborder=\"0\" allowfullscreen=\"allowfullscreen\"><\/iframe>\n<p>Conhe\u00e7a mais o trabalho de Edson Kayap\u00f3 em seu <a href=\"http:\/\/www.instagram.com\/edsonkayapobepkro\/\">perfil no Instagram<\/a>.<\/p>\n<p><a href=\"https:\/\/bit.ly\/38WEXrY\">Disponibilizamos para leitura<\/a> a publica\u00e7\u00e3o \u201cCulturas ind\u00edgenas, diversidade e educa\u00e7\u00e3o\u201d, da qual Edson Kayap\u00f3 \u00e9 autor do cap\u00edtulo \u201cA diversidade sociocultural dos povos ind\u00edgenas no Brasil: o que a escola tem a ver com isso?\u201d.<\/p>\n<p><strong>Podcast Leituras<\/strong><br \/>\nUma vez por m\u00eas no<a href=\"https:\/\/spoti.fi\/37VZnRa\"> Spotify do Centro Cultural UFMG<\/a>.<\/p>\n<p>&nbsp;<\/p>\n<\/div>\n<\/div><\/div>\n<\/div>\n<\/div>\n<\/div>\n<\/div>\n<\/div>\n\n","protected":false},"excerpt":{"rendered":"","protected":false},"author":5,"featured_media":17138,"comment_status":"closed","ping_status":"closed","sticky":false,"template":"","format":"standard","meta":{"footnotes":""},"categories":[91,246,80],"tags":[],"class_list":["post-17135","post","type-post","status-publish","format-standard","has-post-thumbnail","hentry","category-noticias","category-podcast-leituras","category-podcast"],"_links":{"self":[{"href":"https:\/\/www.ufmg.br\/centrocultural\/wp-json\/wp\/v2\/posts\/17135","targetHints":{"allow":["GET"]}}],"collection":[{"href":"https:\/\/www.ufmg.br\/centrocultural\/wp-json\/wp\/v2\/posts"}],"about":[{"href":"https:\/\/www.ufmg.br\/centrocultural\/wp-json\/wp\/v2\/types\/post"}],"author":[{"embeddable":true,"href":"https:\/\/www.ufmg.br\/centrocultural\/wp-json\/wp\/v2\/users\/5"}],"replies":[{"embeddable":true,"href":"https:\/\/www.ufmg.br\/centrocultural\/wp-json\/wp\/v2\/comments?post=17135"}],"version-history":[{"count":4,"href":"https:\/\/www.ufmg.br\/centrocultural\/wp-json\/wp\/v2\/posts\/17135\/revisions"}],"predecessor-version":[{"id":18369,"href":"https:\/\/www.ufmg.br\/centrocultural\/wp-json\/wp\/v2\/posts\/17135\/revisions\/18369"}],"wp:featuredmedia":[{"embeddable":true,"href":"https:\/\/www.ufmg.br\/centrocultural\/wp-json\/wp\/v2\/media\/17138"}],"wp:attachment":[{"href":"https:\/\/www.ufmg.br\/centrocultural\/wp-json\/wp\/v2\/media?parent=17135"}],"wp:term":[{"taxonomy":"category","embeddable":true,"href":"https:\/\/www.ufmg.br\/centrocultural\/wp-json\/wp\/v2\/categories?post=17135"},{"taxonomy":"post_tag","embeddable":true,"href":"https:\/\/www.ufmg.br\/centrocultural\/wp-json\/wp\/v2\/tags?post=17135"}],"curies":[{"name":"wp","href":"https:\/\/api.w.org\/{rel}","templated":true}]}}