{"id":17255,"date":"2022-04-20T09:38:51","date_gmt":"2022-04-20T12:38:51","guid":{"rendered":"https:\/\/www.ufmg.br\/centrocultural\/?p=17255"},"modified":"2022-04-20T10:46:24","modified_gmt":"2022-04-20T13:46:24","slug":"viagem-pitoresca-pelo-mercado-central-de-bh","status":"publish","type":"post","link":"https:\/\/www.ufmg.br\/centrocultural\/viagem-pitoresca-pelo-mercado-central-de-bh\/","title":{"rendered":"&#8216;Viagem pitoresca pelo Mercado Central de BH&#8217;"},"content":{"rendered":"<div id=\"cmsmasters_row_gv24utgpfo\" class=\"cmsmasters_row cmsmasters_color_scheme_default cmsmasters_row_top_default cmsmasters_row_bot_default cmsmasters_row_boxed\">\n<div class=\"cmsmasters_row_outer_parent\">\n<div class=\"cmsmasters_row_outer\">\n<div class=\"cmsmasters_row_inner\">\n<div class=\"cmsmasters_row_margin\">\n<div id=\"cmsmasters_column_bzdg9si7ef\" class=\"cmsmasters_column one_first\">\n<div class=\"cmsmasters_column_inner\">\n<div class=\"cmsmasters_sharing\">\n<div class=\"share_wrap\">\n<a href=\"https:\/\/twitter.com\/intent\/tweet?text=Check+out+%27%E2%80%98Viagem+pitoresca+pelo+Mercado+Central+de+BH%E2%80%99%27+on+Centro+Cultural++UFMG+website&url=https%3A%2F%2Fwww.ufmg.br%2Fcentrocultural%2Fviagem-pitoresca-pelo-mercado-central-de-bh%2F\" class=\"button cmsmasters-icon-twitter\">Twitter<\/a>\n<\/div>\n<div class=\"share_wrap\">\n<a href=\"https:\/\/www.facebook.com\/sharer\/sharer.php?display=popup&u=https%3A%2F%2Fwww.ufmg.br%2Fcentrocultural%2Fviagem-pitoresca-pelo-mercado-central-de-bh%2F\" class=\"button cmsmasters-icon-facebook\">Facebook<\/a>\n<\/div>\n<\/div>\n<\/div><\/div>\n<\/div>\n<\/div>\n<\/div>\n<\/div>\n<\/div>\n<div id=\"cmsmasters_row_\" class=\"cmsmasters_row cmsmasters_color_scheme_default cmsmasters_row_top_default cmsmasters_row_bot_default cmsmasters_row_boxed\">\n<div class=\"cmsmasters_row_outer_parent\">\n<div class=\"cmsmasters_row_outer\">\n<div class=\"cmsmasters_row_inner\">\n<div class=\"cmsmasters_row_margin\">\n<div id=\"cmsmasters_column_\" class=\"cmsmasters_column one_first\">\n<div class=\"cmsmasters_column_inner\"><div class=\"cmsmasters_text\">\n<p>O Centro Cultural UFMG convida para uma visita virtual \u00e0 exposi\u00e7\u00e3o \u201cViagem Pitoresca pelo Mercado Central de BH\u201d, da artista pl\u00e1stica Rita de Souza, a partir do dia 20 de abril de 2022, no canal do YouTube da institui\u00e7\u00e3o. A mostra re\u00fane uma s\u00e9rie de desenhos em grafite sobre papel e poder\u00e1 ser vista por meio atrav\u00e9s do link a seguir:<\/p>\n<p>O trabalho foi realizado a partir de pequenas expedi\u00e7\u00f5es ao Mercado Central de Belo Horizonte durante vindas ao Brasil entre 2015 e 2018, per\u00edodo em que a artista fixou resid\u00eancia no Canad\u00e1.<\/p>\n<p>A escolha pelo Mercado Central de BH se deu pelo fato de ser um espa\u00e7o que agrega in\u00fameros elementos culturais da regi\u00e3o. O intuito \u00e9 realizar uma viagem dentro da pr\u00f3pria cultura numa esp\u00e9cie de busca por elementos existentes na mem\u00f3ria e que remetem a hist\u00f3rias e lembran\u00e7as. (<em>continua ap\u00f3s o v\u00eddeo&#8230;)<\/em><\/p>\n<iframe loading=\"lazy\" title=\"YouTube video player\" src=\"https:\/\/www.youtube.com\/embed\/ZZkJCgbChHs\" width=\"560\" height=\"315\" frameborder=\"0\" allowfullscreen=\"allowfullscreen\"><\/iframe>\n<p><strong>Os desenhos<\/strong><br \/>\nOs desenhos, ricos em texturas e contrastes de luz e sombra, s\u00e3o pequenas naturezas-mortas que carregam certos significados e deixam entrever peculiaridades de um contexto, de uma \u00e9poca e de um lugar.<\/p>\n<p>Com o olhar atento e com alma de uma artista viajante, imigrante ou emigrante, seu trabalho tenta captar e transformar atrav\u00e9s da linguagem visual elementos habituais das bancas do mercado. Esses elementos, que podem passar despercebidos no conv\u00edvio di\u00e1rio e na vida turbulenta contempor\u00e2nea, ganham protagonismo nessa cole\u00e7\u00e3o do cotidiano criada pela artista.<\/p>\n<p>No total, a mostra exibe 21 desenhos e convida cada visitante a realizar sua pr\u00f3pria viagem por meio do encontro com os objetos representados, que pode suscitar lembran\u00e7as afetivas ou mesmo certos estranhamentos.<\/p>\n<p><strong>Sobre a artista<br \/>\n<\/strong>Rita de Souza nasceu em Belo Horizonte onde vive e trabalha atualmente. Bacharel e Licenciada em Artes Pl\u00e1sticas pela Escola de Belas Artes da Universidade Federal de Minas Gerais, com forma\u00e7\u00e3o em 1998 e 2000 respectivamente. Em 2018, concluiu o curso de bacharelado em Hist\u00f3ria da Arte pela Facult\u00e9 des Arts et des Sciences da Universit\u00e9 de Montr\u00e9al no Canad\u00e1. J\u00e1 trabalhou como professora, ilustradora e designer gr\u00e1fico. Atualmente, conciliando sua forma\u00e7\u00e3o em Artes e Hist\u00f3ria da Arte, seu trabalho explora a produ\u00e7\u00e3o art\u00edstica como forma po\u00e9tica de registro e mem\u00f3ria.<\/p>\n<\/div>\n<\/div><\/div>\n<\/div>\n<\/div>\n<\/div>\n<\/div>\n<\/div>\n<div id=\"cmsmasters_row_ovuku9fer\" class=\"cmsmasters_row cmsmasters_color_scheme_default cmsmasters_row_top_default cmsmasters_row_bot_default cmsmasters_row_boxed\">\n<div class=\"cmsmasters_row_outer_parent\">\n<div class=\"cmsmasters_row_outer\">\n<div class=\"cmsmasters_row_inner\">\n<div class=\"cmsmasters_row_margin\">\n<div id=\"cmsmasters_column_e2qapvdx3v\" class=\"cmsmasters_column one_first\">\n<div class=\"cmsmasters_column_inner\">\n<div id=\"cmsmasters_divider_qxcdft0n6q\" class=\"cmsmasters_divider cmsmasters_divider_width_long cmsmasters_divider_pos_center\"><\/div>\n<\/div><\/div>\n<\/div>\n<\/div>\n<\/div>\n<\/div>\n<\/div>\n<div id=\"cmsmasters_row_z0ubijqww\" class=\"cmsmasters_row cmsmasters_color_scheme_default cmsmasters_row_top_default cmsmasters_row_bot_default cmsmasters_row_boxed\">\n<div class=\"cmsmasters_row_outer_parent\">\n<div class=\"cmsmasters_row_outer\">\n<div class=\"cmsmasters_row_inner\">\n<div class=\"cmsmasters_row_margin\">\n<div id=\"cmsmasters_column_op1amlbqd2\" class=\"cmsmasters_column one_first\">\n<div class=\"cmsmasters_column_inner\"><div class=\"cmsmasters_text\">\n<p><strong>Exposi\u00e7\u00e3o virtual &#8216;Viagem Pitoresca pelo Mercado Central de BH&#8217; \u2013 Rita de Souza<br \/>\n<\/strong><br \/>\nAbertura: 20 de abril de 2022<br \/>\nVisita\u00e7\u00e3o virtual em: <a href=\"https:\/\/www.youtube.com\/centroculturalufmg\">https:\/\/www.youtube.com\/centroculturalufmg<\/a><\/p>\n<\/div>\n<\/div><\/div>\n<\/div>\n<\/div>\n<\/div>\n<\/div>\n<\/div>\n\n","protected":false},"excerpt":{"rendered":"","protected":false},"author":8,"featured_media":17257,"comment_status":"closed","ping_status":"closed","sticky":false,"template":"","format":"standard","meta":{"footnotes":""},"categories":[121,91],"tags":[157,156,158],"class_list":["post-17255","post","type-post","status-publish","format-standard","has-post-thumbnail","hentry","category-exposicoes","category-noticias","tag-desenhos","tag-mercado-central","tag-rita-de-souza"],"_links":{"self":[{"href":"https:\/\/www.ufmg.br\/centrocultural\/wp-json\/wp\/v2\/posts\/17255","targetHints":{"allow":["GET"]}}],"collection":[{"href":"https:\/\/www.ufmg.br\/centrocultural\/wp-json\/wp\/v2\/posts"}],"about":[{"href":"https:\/\/www.ufmg.br\/centrocultural\/wp-json\/wp\/v2\/types\/post"}],"author":[{"embeddable":true,"href":"https:\/\/www.ufmg.br\/centrocultural\/wp-json\/wp\/v2\/users\/8"}],"replies":[{"embeddable":true,"href":"https:\/\/www.ufmg.br\/centrocultural\/wp-json\/wp\/v2\/comments?post=17255"}],"version-history":[{"count":5,"href":"https:\/\/www.ufmg.br\/centrocultural\/wp-json\/wp\/v2\/posts\/17255\/revisions"}],"predecessor-version":[{"id":17334,"href":"https:\/\/www.ufmg.br\/centrocultural\/wp-json\/wp\/v2\/posts\/17255\/revisions\/17334"}],"wp:featuredmedia":[{"embeddable":true,"href":"https:\/\/www.ufmg.br\/centrocultural\/wp-json\/wp\/v2\/media\/17257"}],"wp:attachment":[{"href":"https:\/\/www.ufmg.br\/centrocultural\/wp-json\/wp\/v2\/media?parent=17255"}],"wp:term":[{"taxonomy":"category","embeddable":true,"href":"https:\/\/www.ufmg.br\/centrocultural\/wp-json\/wp\/v2\/categories?post=17255"},{"taxonomy":"post_tag","embeddable":true,"href":"https:\/\/www.ufmg.br\/centrocultural\/wp-json\/wp\/v2\/tags?post=17255"}],"curies":[{"name":"wp","href":"https:\/\/api.w.org\/{rel}","templated":true}]}}