{"id":17399,"date":"2022-04-27T07:38:49","date_gmt":"2022-04-27T10:38:49","guid":{"rendered":"https:\/\/www.ufmg.br\/centrocultural\/?p=17399"},"modified":"2022-04-27T07:38:49","modified_gmt":"2022-04-27T10:38:49","slug":"um-passeio-pelas-imagens-de-thais-andressa-exposicao-fica-aberta-ate-24-de-maio","status":"publish","type":"post","link":"https:\/\/www.ufmg.br\/centrocultural\/um-passeio-pelas-imagens-de-thais-andressa-exposicao-fica-aberta-ate-24-de-maio\/","title":{"rendered":"Um passeio pelas imagens de Thais Andressa: exposi\u00e7\u00e3o fica aberta at\u00e9 24 de maio"},"content":{"rendered":"<div id=\"cmsmasters_row_tshqruofj\" class=\"cmsmasters_row cmsmasters_color_scheme_default cmsmasters_row_top_default cmsmasters_row_bot_default cmsmasters_row_boxed\">\n<div class=\"cmsmasters_row_outer_parent\">\n<div class=\"cmsmasters_row_outer\">\n<div class=\"cmsmasters_row_inner\">\n<div class=\"cmsmasters_row_margin\">\n<div id=\"cmsmasters_column_sczyxjnsb\" class=\"cmsmasters_column one_first\">\n<div class=\"cmsmasters_column_inner\">\n<div class=\"cmsmasters_sharing\">\n<div class=\"share_wrap\">\n<a href=\"https:\/\/twitter.com\/intent\/tweet?text=Check+out+%27Um+passeio+pelas+imagens+de+Thais+Andressa%3A+exposi%C3%A7%C3%A3o+fica+aberta+at%C3%A9+24+de+maio%27+on+Centro+Cultural++UFMG+website&url=https%3A%2F%2Fwww.ufmg.br%2Fcentrocultural%2Fum-passeio-pelas-imagens-de-thais-andressa-exposicao-fica-aberta-ate-24-de-maio%2F\" class=\"button cmsmasters-icon-twitter\">Twitter<\/a>\n<\/div>\n<div class=\"share_wrap\">\n<a href=\"https:\/\/www.facebook.com\/sharer\/sharer.php?display=popup&u=https%3A%2F%2Fwww.ufmg.br%2Fcentrocultural%2Fum-passeio-pelas-imagens-de-thais-andressa-exposicao-fica-aberta-ate-24-de-maio%2F\" class=\"button cmsmasters-icon-facebook\">Facebook<\/a>\n<\/div>\n<\/div>\n<\/div><\/div>\n<\/div>\n<\/div>\n<\/div>\n<\/div>\n<\/div>\n<div id=\"cmsmasters_row_\" class=\"cmsmasters_row cmsmasters_color_scheme_default cmsmasters_row_top_default cmsmasters_row_bot_default cmsmasters_row_boxed\">\n<div class=\"cmsmasters_row_outer_parent\">\n<div class=\"cmsmasters_row_outer\">\n<div class=\"cmsmasters_row_inner\">\n<div class=\"cmsmasters_row_margin\">\n<div id=\"cmsmasters_column_\" class=\"cmsmasters_column one_first\">\n<div class=\"cmsmasters_column_inner\"><div class=\"cmsmasters_text\">\n<p>\u2018Cidade Refletida\u2019, exposi\u00e7\u00e3o fotogr\u00e1fica com registros do cotidiano da cidade mineira de S\u00e3o Jo\u00e3o del-Rei, pode ser visitada at\u00e9 24 de maio, no <a href=\"https:\/\/www.google.com.br\/maps\/dir\/\/Av.+Santos+Dumont,+174+-+Centro,+Belo+Horizonte+-+MG,+30111-040\/@-19.9170546,-43.9360151,17z\/data=!4m6!4m5!1m0!1m2!1m1!1s0xa699fbd5aaae01:0xab4780c129fa0883!3e0\">Centro Cultural UFMG<\/a> &#8211; av. Santos Dumont, 174, regi\u00e3o central de Belo Horizonte. As imagens s\u00e3o de Thais Andressa.<\/p>\n<p>Dedicada \u00e0 pesquisa em fotografia, a autora \u00e9 formada em Jornalismo pela Universidade Federal de S\u00e3o Jo\u00e3o del-Rei (UFSJ, atua na \u00e1rea de produ\u00e7\u00e3o cultural e j\u00e1 realizou diversas exposi\u00e7\u00f5es individuais. Leia a reportagem sobre a exposi\u00e7\u00e3o <a href=\"https:\/\/www.ufmg.br\/centrocultural\/?p=16885\">neste link<\/a>.<\/p>\n<p><strong>Visita\u00e7\u00e3o<\/strong><br \/>\nO hor\u00e1rio de visita\u00e7\u00e3o \u00e9 das 9h \u00e0s 20h (ter\u00e7as \u00e0s sextas) e das 9h \u00e0s 17h (feriados, s\u00e1bados e domingos). A entrada \u00e9 gratuita e a classifica\u00e7\u00e3o, livre. \u00c9 necess\u00e1rio o uso de m\u00e1scara nos espa\u00e7os do Centro Cultural UFMG mesmo para imunizados.<\/p>\n<p>Veja pequena galeira sobre a exposi\u00e7\u00e3o:<\/p>\n<\/div>\n<\/div><\/div>\n<\/div>\n<\/div>\n<\/div>\n<\/div>\n<\/div>\n<div id=\"cmsmasters_row_f7prjccfy6\" class=\"cmsmasters_row cmsmasters_color_scheme_default cmsmasters_row_top_default cmsmasters_row_bot_default cmsmasters_row_boxed\">\n<div class=\"cmsmasters_row_outer_parent\">\n<div class=\"cmsmasters_row_outer\">\n<div class=\"cmsmasters_row_inner\">\n<div class=\"cmsmasters_row_margin\">\n<div id=\"cmsmasters_column_hs2zxevv3r\" class=\"cmsmasters_column one_first\">\n<div class=\"cmsmasters_column_inner\"><div id=\"cmsmasters_hover_slider_6l10y7d2xr\" class=\"cmsmasters_hover_slider\" data-thumb-width=\"100\" data-thumb-height=\"60\" data-active-slide=\"1\" data-pause-time=\"5000\" data-pause-on-hover=\"true\"><ul class=\"cmsmasters_hover_slider_items\">\n<li><figure class=\"cmsmasters_hover_slider_full_img\"><img loading=\"lazy\" decoding=\"async\" width=\"860\" height=\"575\" src=\"https:\/\/www.ufmg.br\/centrocultural\/wp-content\/uploads\/2022\/04\/IMG_4280-860x575.jpg\" class=\"attachment-post-thumbnail size-post-thumbnail\" alt=\"\" srcset=\"https:\/\/www.ufmg.br\/centrocultural\/wp-content\/uploads\/2022\/04\/IMG_4280-860x575.jpg 860w, https:\/\/www.ufmg.br\/centrocultural\/wp-content\/uploads\/2022\/04\/IMG_4280-1160x775.jpg 1160w\" sizes=\"auto, (max-width: 860px) 100vw, 860px\" \/><\/figure><\/li><li><figure class=\"cmsmasters_hover_slider_full_img\"><img loading=\"lazy\" decoding=\"async\" width=\"860\" height=\"575\" src=\"https:\/\/www.ufmg.br\/centrocultural\/wp-content\/uploads\/2022\/04\/IMG_4284-860x575.jpg\" class=\"attachment-post-thumbnail size-post-thumbnail\" alt=\"\" srcset=\"https:\/\/www.ufmg.br\/centrocultural\/wp-content\/uploads\/2022\/04\/IMG_4284-860x575.jpg 860w, https:\/\/www.ufmg.br\/centrocultural\/wp-content\/uploads\/2022\/04\/IMG_4284-1160x775.jpg 1160w\" sizes=\"auto, (max-width: 860px) 100vw, 860px\" \/><\/figure><\/li><li><figure class=\"cmsmasters_hover_slider_full_img\"><img loading=\"lazy\" decoding=\"async\" width=\"860\" height=\"575\" src=\"https:\/\/www.ufmg.br\/centrocultural\/wp-content\/uploads\/2022\/04\/IMG_4286-860x575.jpg\" class=\"attachment-post-thumbnail size-post-thumbnail\" alt=\"\" srcset=\"https:\/\/www.ufmg.br\/centrocultural\/wp-content\/uploads\/2022\/04\/IMG_4286-860x575.jpg 860w, https:\/\/www.ufmg.br\/centrocultural\/wp-content\/uploads\/2022\/04\/IMG_4286-1160x775.jpg 1160w\" sizes=\"auto, (max-width: 860px) 100vw, 860px\" \/><\/figure><\/li><li><figure class=\"cmsmasters_hover_slider_full_img\"><img loading=\"lazy\" decoding=\"async\" width=\"860\" height=\"575\" src=\"https:\/\/www.ufmg.br\/centrocultural\/wp-content\/uploads\/2022\/04\/IMG_4290-860x575.jpg\" class=\"attachment-post-thumbnail size-post-thumbnail\" alt=\"\" srcset=\"https:\/\/www.ufmg.br\/centrocultural\/wp-content\/uploads\/2022\/04\/IMG_4290-860x575.jpg 860w, https:\/\/www.ufmg.br\/centrocultural\/wp-content\/uploads\/2022\/04\/IMG_4290-1160x775.jpg 1160w\" sizes=\"auto, (max-width: 860px) 100vw, 860px\" \/><\/figure><\/li><li><figure class=\"cmsmasters_hover_slider_full_img\"><img loading=\"lazy\" decoding=\"async\" width=\"860\" height=\"575\" src=\"https:\/\/www.ufmg.br\/centrocultural\/wp-content\/uploads\/2022\/04\/IMG_4289-860x575.jpg\" class=\"attachment-post-thumbnail size-post-thumbnail\" alt=\"\" srcset=\"https:\/\/www.ufmg.br\/centrocultural\/wp-content\/uploads\/2022\/04\/IMG_4289-860x575.jpg 860w, https:\/\/www.ufmg.br\/centrocultural\/wp-content\/uploads\/2022\/04\/IMG_4289-1160x775.jpg 1160w\" sizes=\"auto, (max-width: 860px) 100vw, 860px\" \/><\/figure><\/li><li><figure class=\"cmsmasters_hover_slider_full_img\"><img loading=\"lazy\" decoding=\"async\" width=\"860\" height=\"575\" src=\"https:\/\/www.ufmg.br\/centrocultural\/wp-content\/uploads\/2022\/04\/IMG_4295-860x575.jpg\" class=\"attachment-post-thumbnail size-post-thumbnail\" alt=\"\" srcset=\"https:\/\/www.ufmg.br\/centrocultural\/wp-content\/uploads\/2022\/04\/IMG_4295-860x575.jpg 860w, https:\/\/www.ufmg.br\/centrocultural\/wp-content\/uploads\/2022\/04\/IMG_4295-1160x775.jpg 1160w\" sizes=\"auto, (max-width: 860px) 100vw, 860px\" \/><\/figure><\/li><li><figure class=\"cmsmasters_hover_slider_full_img\"><img loading=\"lazy\" decoding=\"async\" width=\"860\" height=\"575\" src=\"https:\/\/www.ufmg.br\/centrocultural\/wp-content\/uploads\/2022\/04\/IMG_4287-860x575.jpg\" class=\"attachment-post-thumbnail size-post-thumbnail\" alt=\"\" srcset=\"https:\/\/www.ufmg.br\/centrocultural\/wp-content\/uploads\/2022\/04\/IMG_4287-860x575.jpg 860w, https:\/\/www.ufmg.br\/centrocultural\/wp-content\/uploads\/2022\/04\/IMG_4287-1160x775.jpg 1160w\" sizes=\"auto, (max-width: 860px) 100vw, 860px\" \/><\/figure><\/li><li><figure class=\"cmsmasters_hover_slider_full_img\"><img loading=\"lazy\" decoding=\"async\" width=\"860\" height=\"575\" src=\"https:\/\/www.ufmg.br\/centrocultural\/wp-content\/uploads\/2022\/04\/IMG_4296-860x575.jpg\" class=\"attachment-post-thumbnail size-post-thumbnail\" alt=\"\" srcset=\"https:\/\/www.ufmg.br\/centrocultural\/wp-content\/uploads\/2022\/04\/IMG_4296-860x575.jpg 860w, https:\/\/www.ufmg.br\/centrocultural\/wp-content\/uploads\/2022\/04\/IMG_4296-1160x775.jpg 1160w\" sizes=\"auto, (max-width: 860px) 100vw, 860px\" \/><\/figure><\/li><li><figure class=\"cmsmasters_hover_slider_full_img\"><img loading=\"lazy\" decoding=\"async\" width=\"860\" height=\"575\" src=\"https:\/\/www.ufmg.br\/centrocultural\/wp-content\/uploads\/2022\/04\/IMG_4297-860x575.jpg\" class=\"attachment-post-thumbnail size-post-thumbnail\" alt=\"\" srcset=\"https:\/\/www.ufmg.br\/centrocultural\/wp-content\/uploads\/2022\/04\/IMG_4297-860x575.jpg 860w, https:\/\/www.ufmg.br\/centrocultural\/wp-content\/uploads\/2022\/04\/IMG_4297-1160x775.jpg 1160w\" sizes=\"auto, (max-width: 860px) 100vw, 860px\" \/><\/figure><\/li><li><figure class=\"cmsmasters_hover_slider_full_img\"><img loading=\"lazy\" decoding=\"async\" width=\"860\" height=\"575\" src=\"https:\/\/www.ufmg.br\/centrocultural\/wp-content\/uploads\/2022\/04\/IMG_4310-860x575.jpg\" class=\"attachment-post-thumbnail size-post-thumbnail\" alt=\"\" srcset=\"https:\/\/www.ufmg.br\/centrocultural\/wp-content\/uploads\/2022\/04\/IMG_4310-860x575.jpg 860w, https:\/\/www.ufmg.br\/centrocultural\/wp-content\/uploads\/2022\/04\/IMG_4310-1160x775.jpg 1160w\" sizes=\"auto, (max-width: 860px) 100vw, 860px\" \/><\/figure><\/li><\/ul>\n<\/div>\n<\/div><\/div>\n<\/div>\n<\/div>\n<\/div>\n<\/div>\n<\/div>\n\n","protected":false},"excerpt":{"rendered":"","protected":false},"author":8,"featured_media":17403,"comment_status":"closed","ping_status":"closed","sticky":false,"template":"","format":"standard","meta":{"footnotes":""},"categories":[121,91],"tags":[173,172,171],"class_list":["post-17399","post","type-post","status-publish","format-standard","has-post-thumbnail","hentry","category-exposicoes","category-noticias","tag-fotografia","tag-saojoaodelrei","tag-thaisandressa"],"_links":{"self":[{"href":"https:\/\/www.ufmg.br\/centrocultural\/wp-json\/wp\/v2\/posts\/17399","targetHints":{"allow":["GET"]}}],"collection":[{"href":"https:\/\/www.ufmg.br\/centrocultural\/wp-json\/wp\/v2\/posts"}],"about":[{"href":"https:\/\/www.ufmg.br\/centrocultural\/wp-json\/wp\/v2\/types\/post"}],"author":[{"embeddable":true,"href":"https:\/\/www.ufmg.br\/centrocultural\/wp-json\/wp\/v2\/users\/8"}],"replies":[{"embeddable":true,"href":"https:\/\/www.ufmg.br\/centrocultural\/wp-json\/wp\/v2\/comments?post=17399"}],"version-history":[{"count":5,"href":"https:\/\/www.ufmg.br\/centrocultural\/wp-json\/wp\/v2\/posts\/17399\/revisions"}],"predecessor-version":[{"id":24515,"href":"https:\/\/www.ufmg.br\/centrocultural\/wp-json\/wp\/v2\/posts\/17399\/revisions\/24515"}],"wp:featuredmedia":[{"embeddable":true,"href":"https:\/\/www.ufmg.br\/centrocultural\/wp-json\/wp\/v2\/media\/17403"}],"wp:attachment":[{"href":"https:\/\/www.ufmg.br\/centrocultural\/wp-json\/wp\/v2\/media?parent=17399"}],"wp:term":[{"taxonomy":"category","embeddable":true,"href":"https:\/\/www.ufmg.br\/centrocultural\/wp-json\/wp\/v2\/categories?post=17399"},{"taxonomy":"post_tag","embeddable":true,"href":"https:\/\/www.ufmg.br\/centrocultural\/wp-json\/wp\/v2\/tags?post=17399"}],"curies":[{"name":"wp","href":"https:\/\/api.w.org\/{rel}","templated":true}]}}