{"id":17575,"date":"2021-05-19T11:53:50","date_gmt":"2021-05-19T14:53:50","guid":{"rendered":"https:\/\/www.ufmg.br\/centrocultural\/?p=17575"},"modified":"2023-06-20T10:13:29","modified_gmt":"2023-06-20T13:13:29","slug":"fernando-rocha-professor-de-percussao-da-ufmg-e-o-convidado-do-projeto-aulas-abertas","status":"publish","type":"post","link":"https:\/\/www.ufmg.br\/centrocultural\/fernando-rocha-professor-de-percussao-da-ufmg-e-o-convidado-do-projeto-aulas-abertas\/","title":{"rendered":"Fernando Rocha, professor de percuss\u00e3o da UFMG, \u00e9 o convidado do projeto Aulas Abertas"},"content":{"rendered":"<div id=\"cmsmasters_row_92895th4h5\" class=\"cmsmasters_row cmsmasters_color_scheme_default cmsmasters_row_top_default cmsmasters_row_bot_default cmsmasters_row_boxed\">\n<div class=\"cmsmasters_row_outer_parent\">\n<div class=\"cmsmasters_row_outer\">\n<div class=\"cmsmasters_row_inner\">\n<div class=\"cmsmasters_row_margin\">\n<div id=\"cmsmasters_column_xxkrhvq9a\" class=\"cmsmasters_column one_first\">\n<div class=\"cmsmasters_column_inner\"><div class=\"cmsmasters_sharing\">\n<div class=\"share_wrap\">\n<a href=\"https:\/\/twitter.com\/intent\/tweet?text=Check+out+%27Fernando+Rocha%2C+professor+de+percuss%C3%A3o+da+UFMG%2C+%C3%A9+o+convidado+do+projeto+Aulas+Abertas%27+on+Centro+Cultural++UFMG+website&url=https%3A%2F%2Fwww.ufmg.br%2Fcentrocultural%2Ffernando-rocha-professor-de-percussao-da-ufmg-e-o-convidado-do-projeto-aulas-abertas%2F\" class=\"button cmsmasters-icon-twitter\">Twitter<\/a>\n<\/div>\n<div class=\"share_wrap\">\n<a href=\"https:\/\/www.facebook.com\/sharer\/sharer.php?display=popup&u=https%3A%2F%2Fwww.ufmg.br%2Fcentrocultural%2Ffernando-rocha-professor-de-percussao-da-ufmg-e-o-convidado-do-projeto-aulas-abertas%2F\" class=\"button cmsmasters-icon-facebook\">Facebook<\/a>\n<\/div>\n<\/div>\n<\/div><\/div>\n<\/div>\n<\/div>\n<\/div>\n<\/div>\n<\/div>\n<div id=\"cmsmasters_row_\" class=\"cmsmasters_row cmsmasters_color_scheme_default cmsmasters_row_top_default cmsmasters_row_bot_default cmsmasters_row_boxed\">\n<div class=\"cmsmasters_row_outer_parent\">\n<div class=\"cmsmasters_row_outer\">\n<div class=\"cmsmasters_row_inner\">\n<div class=\"cmsmasters_row_margin\">\n<div id=\"cmsmasters_column_\" class=\"cmsmasters_column one_first\">\n<div class=\"cmsmasters_column_inner\"><div class=\"cmsmasters_text\">\n<p>O convidado do projeto Aulas Abertas desta semana, professor Fernando Rocha, fala sobre um assunto que muito o interessa enquanto m\u00fasico, que \u00e9 a beleza e o fasc\u00ednio do som.<\/p>\n<p>Cercado por v\u00e1rios objetos que fazem parte da sua atua\u00e7\u00e3o enquanto percussionista, ele aborda sobre a diversidade e riqueza desses sons e ressalta a criatividade do ser humano em transformar objetos em instrumentos musicais e, sobretudo, estimular uma escuta cr\u00edtica e ampla dos sons que existem ao nosso redor, agu\u00e7ando o nosso sentido da audi\u00e7\u00e3o, a nossa pr\u00f3pria percep\u00e7\u00e3o do mundo e a nossa criatividade.<\/p>\n<p>Mais que um instrumento, a percuss\u00e3o \u00e9 uma grande fam\u00edlia de instrumentos, normalmente definidos a partir de uma batida, um som percutido, como o triangulo e o tamborim, explica Fernando, mas nem sempre \u00e9 t\u00e3o f\u00e1cil definir a percuss\u00e3o a partir da batida e cita os apitos que s\u00e3o usados nas Escolas de Samba como exemplo.<\/p>\n<p>Ao longo do v\u00eddeo, ele provoca a nossa curiosidade auditiva passando por instrumentos mais tradicionais da percuss\u00e3o, at\u00e9 outros bastante inusitados, usando como refer\u00eancia o seu interesse pessoal nesse campo, que \u00e9 muito guiado pela ideia de experimenta\u00e7\u00e3o sonora em busca de novas possibilidades.<\/p>\n<p><strong>Escuta<\/strong><br \/>\nPara Fernando, ouvir os sons ao nosso redor \u00e9 tamb\u00e9m provocar e brincar com a nossa percep\u00e7\u00e3o do mundo, agu\u00e7ando o nosso sentido nato da audi\u00e7\u00e3o. Aprendemos a ouvir as coisas de outra maneira e isso estimula a nossa criatividade, nos tornando mais abertos ao universo que est\u00e1 ao nosso redor. Assim, abrir nossos ouvidos e ampliar nossa escuta \u00e9 tamb\u00e9m expandir nossos horizontes e ao mesmo tempo nos colocar mais pr\u00f3ximos desse mundo que vivemos.<\/p>\n<p>Essa escuta ampliada \u00e9 essencial para o percurssionista, diz Rocha, que acredita que deveria ser para qualquer m\u00fasico e, mais do que isso, deveria ser expandido para qualquer pessoa.<\/p>\n<p>Para finalizar, o professor convida a exercitar a audi\u00e7\u00e3o e a ouvir, sem preconceitos, a m\u00fasica do mundo que est\u00e1 a nossa volta. Ele apresenta um trecho de uma performance que exemplifica um pouco sua atitude e maneira de encarar o oficio de percurssionista, que para ele \u00e9 uma verdadeira brincadeira de descobrir e explorar novos sons e possibilidades musicais.<\/p>\n<p>Assista, a seguir, ao v\u00eddeo:<br \/>\n<iframe loading=\"lazy\" title=\"YouTube video player\" src=\"https:\/\/www.youtube.com\/embed\/s1-gCBObpy4\" width=\"560\" height=\"315\" frameborder=\"0\" allowfullscreen=\"allowfullscreen\"><\/iframe>\n<p><strong>Fernando Rocha<\/strong><br \/>\nFernando Rocha \u00e9 professor da Escola de M\u00fasica da UFMG. Possui Doutorado pela McGill University (Canad\u00e1) e P\u00f3s-Doutorado pela Universidade da Virg\u00ednia (EUA), com trabalhos voltados \u00e0 performance de obras com eletr\u00f4nica. Fundou o Grupo de Percuss\u00e3o da UFMG e o grupo Sonante 21. Atua como performer na m\u00fasica contempor\u00e2nea de concerto, bem como na m\u00fasica popular. \u00c9 diretor do Conservat\u00f3rio UFMG.<\/p>\n<p><strong>Aulas Abertas<\/strong><br \/>\nO projeto <a href=\"https:\/\/www.ufmg.br\/centrocultural\/?page_id=15650\">Aulas Abertas<\/a> foi elaborado para oferecer um espa\u00e7o de compartilhamento de ideias, conceitos e experi\u00eancias, buscando a constru\u00e7\u00e3o do conhecimento reflexivo e cr\u00edtico pelo p\u00fablico, que ter\u00e1 acesso \u00e0 fala de professores, pesquisadores e artistas convidados, n\u00e3o sendo assim aulas propriamente ditas, mas discuss\u00f5es contextualizadas pelo olhar cient\u00edfico e humano, essenciais neste momento de crise.<\/p>\n<p>A cada semana \u00e9 publicada uma nova aula nos canais do Facebook, Instagram, Twitter, YouTube e site da Institui\u00e7\u00e3o. <a href=\"https:\/\/www.ufmg.br\/centrocultural\/?cat=67\">Confira aqui<\/a> os v\u00eddeos do projeto.<\/p>\n<\/div>\n<\/div><\/div>\n<\/div>\n<\/div>\n<\/div>\n<\/div>\n<\/div>\n\n","protected":false},"excerpt":{"rendered":"","protected":false},"author":5,"featured_media":17579,"comment_status":"closed","ping_status":"closed","sticky":false,"template":"","format":"standard","meta":{"footnotes":""},"categories":[67,91],"tags":[104,218,211],"class_list":["post-17575","post","type-post","status-publish","format-standard","has-post-thumbnail","hentry","category-aulas-abertas","category-noticias","tag-aulasabertas","tag-fernandorocha","tag-musica"],"_links":{"self":[{"href":"https:\/\/www.ufmg.br\/centrocultural\/wp-json\/wp\/v2\/posts\/17575","targetHints":{"allow":["GET"]}}],"collection":[{"href":"https:\/\/www.ufmg.br\/centrocultural\/wp-json\/wp\/v2\/posts"}],"about":[{"href":"https:\/\/www.ufmg.br\/centrocultural\/wp-json\/wp\/v2\/types\/post"}],"author":[{"embeddable":true,"href":"https:\/\/www.ufmg.br\/centrocultural\/wp-json\/wp\/v2\/users\/5"}],"replies":[{"embeddable":true,"href":"https:\/\/www.ufmg.br\/centrocultural\/wp-json\/wp\/v2\/comments?post=17575"}],"version-history":[{"count":2,"href":"https:\/\/www.ufmg.br\/centrocultural\/wp-json\/wp\/v2\/posts\/17575\/revisions"}],"predecessor-version":[{"id":17577,"href":"https:\/\/www.ufmg.br\/centrocultural\/wp-json\/wp\/v2\/posts\/17575\/revisions\/17577"}],"wp:featuredmedia":[{"embeddable":true,"href":"https:\/\/www.ufmg.br\/centrocultural\/wp-json\/wp\/v2\/media\/17579"}],"wp:attachment":[{"href":"https:\/\/www.ufmg.br\/centrocultural\/wp-json\/wp\/v2\/media?parent=17575"}],"wp:term":[{"taxonomy":"category","embeddable":true,"href":"https:\/\/www.ufmg.br\/centrocultural\/wp-json\/wp\/v2\/categories?post=17575"},{"taxonomy":"post_tag","embeddable":true,"href":"https:\/\/www.ufmg.br\/centrocultural\/wp-json\/wp\/v2\/tags?post=17575"}],"curies":[{"name":"wp","href":"https:\/\/api.w.org\/{rel}","templated":true}]}}