{"id":17613,"date":"2021-09-02T08:19:52","date_gmt":"2021-09-02T11:19:52","guid":{"rendered":"https:\/\/www.ufmg.br\/centrocultural\/?p=17613"},"modified":"2023-06-20T10:04:18","modified_gmt":"2023-06-20T13:04:18","slug":"ernani-maletta-relata-vivencias-nos-festivais-de-inverno-ufmg-em-aulas-abertas","status":"publish","type":"post","link":"https:\/\/www.ufmg.br\/centrocultural\/ernani-maletta-relata-vivencias-nos-festivais-de-inverno-ufmg-em-aulas-abertas\/","title":{"rendered":"Ernani Maletta relata viv\u00eancias nos Festivais de Inverno UFMG em Aulas Abertas"},"content":{"rendered":"<div id=\"cmsmasters_row_5wqzkyfldg\" class=\"cmsmasters_row cmsmasters_color_scheme_default cmsmasters_row_top_default cmsmasters_row_bot_default cmsmasters_row_boxed\">\n<div class=\"cmsmasters_row_outer_parent\">\n<div class=\"cmsmasters_row_outer\">\n<div class=\"cmsmasters_row_inner\">\n<div class=\"cmsmasters_row_margin\">\n<div id=\"cmsmasters_column_fzfkz81hds\" class=\"cmsmasters_column one_first\">\n<div class=\"cmsmasters_column_inner\"><div class=\"cmsmasters_sharing\">\n<div class=\"share_wrap\">\n<a href=\"https:\/\/twitter.com\/intent\/tweet?text=Check+out+%27Ernani+Maletta+relata+viv%C3%AAncias+nos+Festivais+de+Inverno+UFMG+em+Aulas+Abertas%27+on+Centro+Cultural++UFMG+website&url=https%3A%2F%2Fwww.ufmg.br%2Fcentrocultural%2Fernani-maletta-relata-vivencias-nos-festivais-de-inverno-ufmg-em-aulas-abertas%2F\" class=\"button cmsmasters-icon-twitter\">Twitter<\/a>\n<\/div>\n<div class=\"share_wrap\">\n<a href=\"https:\/\/www.facebook.com\/sharer\/sharer.php?display=popup&u=https%3A%2F%2Fwww.ufmg.br%2Fcentrocultural%2Fernani-maletta-relata-vivencias-nos-festivais-de-inverno-ufmg-em-aulas-abertas%2F\" class=\"button cmsmasters-icon-facebook\">Facebook<\/a>\n<\/div>\n<\/div>\n<\/div><\/div>\n<\/div>\n<\/div>\n<\/div>\n<\/div>\n<\/div>\n<div id=\"cmsmasters_row_\" class=\"cmsmasters_row cmsmasters_color_scheme_default cmsmasters_row_top_default cmsmasters_row_bot_default cmsmasters_row_boxed\">\n<div class=\"cmsmasters_row_outer_parent\">\n<div class=\"cmsmasters_row_outer\">\n<div class=\"cmsmasters_row_inner\">\n<div class=\"cmsmasters_row_margin\">\n<div id=\"cmsmasters_column_\" class=\"cmsmasters_column one_first\">\n<div class=\"cmsmasters_column_inner\"><div class=\"cmsmasters_text\">\n<p>O convidado do projeto Aulas Abertas deste m\u00eas, professor Ernani Maletta, apresenta uma aula intitulada de \u201cA arte deve ir aonde o povo est\u00e1\u201d, contando um pouco das suas viv\u00eancias nos Festivais de Inverno UFMG, no qual teve a sua primeira participa\u00e7\u00e3o no ano de 1993.<\/p>\n<p>Vale destacar que o nome Aulas Abertas foi inspirado em um projeto de igual denomina\u00e7\u00e3o que Ernani criou para o Festival em 2007, quando ainda era realizado em Diamantina. A homenagem destaca a import\u00e2ncia dessa iniciativa em um dos mais importantes e tradicionais eventos culturais do pa\u00eds.<\/p>\n<p><strong>Descobertas<\/strong><br \/>\nUma das situa\u00e7\u00f5es mais impactantes que Ernani viveu no Festival foi \u00e0 aus\u00eancia dos cidad\u00e3os de Diamantina como alunos das oficinas, instigando a busca por respostas para essa quest\u00e3o<\/p>\n<p>Ele nos conta que se viu diante de duas constata\u00e7\u00f5es: a primeira \u00e9 que as oficinas eram muito misteriosas para eles e pareciam muito complexas; a segunda \u00e9 que as oficinas eram sempre fechadas, aconteciam em escolas e espa\u00e7os fechados, ent\u00e3o eles n\u00e3o conseguiam ver e pensar na possibilidade daquela atividade ser apropriada para eles.<\/p>\n<p>Diante dessa realidade, Maletta procurou alguns professores e sugeriu que eles sa\u00edssem da sala de aula em um determinado dia e se deslocassem para um espa\u00e7o p\u00fablico qualquer, algum lugar que eles pudessem se aproximar do p\u00fablico de Diamantina.<\/p>\n<p>J\u00e1 que n\u00e3o era simples levar as pessoas para as oficinas do Festival, eles levaram as oficinas para as pessoas e tiveram uma experi\u00eancia extremamente positiva, despertando ali a cria\u00e7\u00e3o do projeto Aulas Abertas.<\/p>\n<p><strong>Resposta<\/strong><br \/>\nEm 2007 o projeto foi oficializado e v\u00e1rios professores se dispuseram a contribuir e oferecer suas aulas para quem estivesse nos espa\u00e7os p\u00fablicos propostos pela coordena\u00e7\u00e3o, recriando nas ruas o ambiente que havia nas salas de aulas.<\/p>\n<p>A resposta das pessoas foi surpreendente, v\u00e1rias delas come\u00e7aram a frequentar o Festival e ficavam na expectativa para as Aulas Abertas. Da\u00ed em diante a proposta foi sendo aperfei\u00e7oada para se tornar cada vez mais interessante.<\/p>\n<p><strong>BH<\/strong><br \/>\nPara finalizar, Ernani nos conta que em 2015, j\u00e1 em Belo Horizonte, as Aulas Abertas ocuparam as pra\u00e7as da Liberdade, Floriano Peixoto e Duque de Caxias.<\/p>\n<p>No decorrer dos anos subsequentes, em 2016 e 2017, houve uma descentraliza\u00e7\u00e3o que levou o projeto para bairros e regionais distantes do centro da cidade, democratizando o acesso \u00e0 cultura e abrindo a Universidade para a cidade e vice-versa.<\/p>\n<p>Assista ao v\u00eddeo a seguir e conhe\u00e7a a trajet\u00f3ria do projeto Aulas Abertas dentro da programa\u00e7\u00e3o do Festival de Inverno UFMG.<\/p>\n<iframe loading=\"lazy\" title=\"YouTube video player\" src=\"https:\/\/www.youtube.com\/embed\/G3jjdIdKxYg\" width=\"560\" height=\"315\" frameborder=\"0\" allowfullscreen=\"allowfullscreen\"><\/iframe>\n<p><strong>Ernani Maletta<\/strong><br \/>\nErnani Maletta \u00e9 artista, professor da UFMG, Doutor em Educa\u00e7\u00e3o e importante refer\u00eancia no que diz respeito \u00e0 intera\u00e7\u00e3o entre a M\u00fasica e o Teatro, bem como quanto \u00e0 polifonia c\u00eanica.\u00a0\u00c9 autor de uma peculiar metodologia criada para a pr\u00e1tica musical na cena teatral, por ele registrada no livro Atua\u00e7\u00e3o Polif\u00f4nica: princ\u00edpios e pr\u00e1ticas. Vem atuando ativamente na It\u00e1lia desde 2010, ao lado da renomada artista e pesquisadora italiana Francesca Della Monica. \u00c9 reconhecido pela intensa participa\u00e7\u00e3o na cria\u00e7\u00e3o de diversos espet\u00e1culos de Teatro, em \u00e2mbito nacional e internacional.<\/p>\n<p><strong>Aulas Abertas<\/strong><br \/>\nO projeto <a href=\"https:\/\/www.ufmg.br\/centrocultural\/?page_id=15650\">Aulas Abertas<\/a> foi elaborado para oferecer um espa\u00e7o de compartilhamento de ideias, conceitos e experi\u00eancias, buscando a constru\u00e7\u00e3o do conhecimento reflexivo e cr\u00edtico pelo p\u00fablico, que ter\u00e1 acesso \u00e0 fala de professores, pesquisadores e artistas convidados, n\u00e3o sendo assim aulas propriamente ditas, mas discuss\u00f5es contextualizadas pelo olhar cient\u00edfico e humano, essenciais neste momento de que estamos vivendo.<\/p>\n<p>A cada m\u00eas \u00e9 publicada uma nova aula nos canais do Facebook, Instagram, YouTube e site da Institui\u00e7\u00e3o. <a href=\"https:\/\/www.ufmg.br\/centrocultural\/?cat=67\">Confira aqui<\/a> os v\u00eddeos do projeto.14<\/p>\n<\/div>\n<\/div><\/div>\n<\/div>\n<\/div>\n<\/div>\n<\/div>\n<\/div>\n\n","protected":false},"excerpt":{"rendered":"","protected":false},"author":5,"featured_media":17615,"comment_status":"closed","ping_status":"closed","sticky":false,"template":"","format":"standard","meta":{"footnotes":""},"categories":[67,91],"tags":[104,234,207,169],"class_list":["post-17613","post","type-post","status-publish","format-standard","has-post-thumbnail","hentry","category-aulas-abertas","category-noticias","tag-aulasabertas","tag-ernanimaletta","tag-festivaldeinverno","tag-teatroderua"],"_links":{"self":[{"href":"https:\/\/www.ufmg.br\/centrocultural\/wp-json\/wp\/v2\/posts\/17613","targetHints":{"allow":["GET"]}}],"collection":[{"href":"https:\/\/www.ufmg.br\/centrocultural\/wp-json\/wp\/v2\/posts"}],"about":[{"href":"https:\/\/www.ufmg.br\/centrocultural\/wp-json\/wp\/v2\/types\/post"}],"author":[{"embeddable":true,"href":"https:\/\/www.ufmg.br\/centrocultural\/wp-json\/wp\/v2\/users\/5"}],"replies":[{"embeddable":true,"href":"https:\/\/www.ufmg.br\/centrocultural\/wp-json\/wp\/v2\/comments?post=17613"}],"version-history":[{"count":3,"href":"https:\/\/www.ufmg.br\/centrocultural\/wp-json\/wp\/v2\/posts\/17613\/revisions"}],"predecessor-version":[{"id":17617,"href":"https:\/\/www.ufmg.br\/centrocultural\/wp-json\/wp\/v2\/posts\/17613\/revisions\/17617"}],"wp:featuredmedia":[{"embeddable":true,"href":"https:\/\/www.ufmg.br\/centrocultural\/wp-json\/wp\/v2\/media\/17615"}],"wp:attachment":[{"href":"https:\/\/www.ufmg.br\/centrocultural\/wp-json\/wp\/v2\/media?parent=17613"}],"wp:term":[{"taxonomy":"category","embeddable":true,"href":"https:\/\/www.ufmg.br\/centrocultural\/wp-json\/wp\/v2\/categories?post=17613"},{"taxonomy":"post_tag","embeddable":true,"href":"https:\/\/www.ufmg.br\/centrocultural\/wp-json\/wp\/v2\/tags?post=17613"}],"curies":[{"name":"wp","href":"https:\/\/api.w.org\/{rel}","templated":true}]}}