{"id":17930,"date":"2022-05-11T10:25:07","date_gmt":"2022-05-11T13:25:07","guid":{"rendered":"https:\/\/www.ufmg.br\/centrocultural\/?p=17930"},"modified":"2023-06-20T09:36:01","modified_gmt":"2023-06-20T12:36:01","slug":"centro-cultural-ufmg-lanca-corredor-cultural-174-nova-serie-de-podcast","status":"publish","type":"post","link":"https:\/\/www.ufmg.br\/centrocultural\/centro-cultural-ufmg-lanca-corredor-cultural-174-nova-serie-de-podcast\/","title":{"rendered":"Centro Cultural UFMG lan\u00e7a \u2018Corredor Cultural 174\u2019, nova s\u00e9rie de podcast"},"content":{"rendered":"<div id=\"cmsmasters_row_lao5agdlgv\" class=\"cmsmasters_row cmsmasters_color_scheme_default cmsmasters_row_top_default cmsmasters_row_bot_default cmsmasters_row_boxed\">\n<div class=\"cmsmasters_row_outer_parent\">\n<div class=\"cmsmasters_row_outer\">\n<div class=\"cmsmasters_row_inner\">\n<div class=\"cmsmasters_row_margin\">\n<div id=\"cmsmasters_column_b1x25v1aea\" class=\"cmsmasters_column one_first\">\n<div class=\"cmsmasters_column_inner\">\n<div class=\"cmsmasters_sharing\">\n<div class=\"share_wrap\">\n<a href=\"https:\/\/twitter.com\/intent\/tweet?text=Check+out+%27Centro+Cultural+UFMG+lan%C3%A7a+%E2%80%98Corredor+Cultural+174%E2%80%99%2C+nova+s%C3%A9rie+de+podcast%27+on+Centro+Cultural++UFMG+website&url=https%3A%2F%2Fwww.ufmg.br%2Fcentrocultural%2Fcentro-cultural-ufmg-lanca-corredor-cultural-174-nova-serie-de-podcast%2F\" class=\"button cmsmasters-icon-twitter\">Twitter<\/a>\n<\/div>\n<div class=\"share_wrap\">\n<a href=\"https:\/\/www.facebook.com\/sharer\/sharer.php?display=popup&u=https%3A%2F%2Fwww.ufmg.br%2Fcentrocultural%2Fcentro-cultural-ufmg-lanca-corredor-cultural-174-nova-serie-de-podcast%2F\" class=\"button cmsmasters-icon-facebook\">Facebook<\/a>\n<\/div>\n<\/div>\n<\/div><\/div>\n<\/div>\n<\/div>\n<\/div>\n<\/div>\n<\/div>\n<div id=\"cmsmasters_row_\" class=\"cmsmasters_row cmsmasters_color_scheme_default cmsmasters_row_top_default cmsmasters_row_bot_default cmsmasters_row_boxed\">\n<div class=\"cmsmasters_row_outer_parent\">\n<div class=\"cmsmasters_row_outer\">\n<div class=\"cmsmasters_row_inner\">\n<div class=\"cmsmasters_row_margin\">\n<div id=\"cmsmasters_column_\" class=\"cmsmasters_column one_first\">\n<div class=\"cmsmasters_column_inner\"><div class=\"cmsmasters_text\">\n<p>O primeiro epis\u00f3dio do Corredor Cultural 174 Podcast apresenta bate-papo com a pintora muralista e diretora de arte no cinema Priscila Amoni, importante nome do muralismo de Minas Gerais.<\/p>\n<p>Ela \u00e9 co-criadora e co-curadora do Circuito Urbano de Arte \u2013 CURA, um dos maiores festivais de arte p\u00fablica do Brasil, que re\u00fane os murais mais altos pintados por mulheres na Am\u00e9rica Latina e a maior obra de arte p\u00fablica realizada por uma artista ind\u00edgena.<\/p>\n<p>Priscila come\u00e7ou a pintar telas em 2008, mas foi em 2013 que seu trabalho ganhou novos sentidos e grandes formatos. Na \u00e9poca, rec\u00e9m-chegada de Lisboa, local onde realizou seu mestrado, presenciou o Brasil em fervor com as manifesta\u00e7\u00f5es, momento em que acompanhou os movimentos sociais e olhou para as ruas de outra forma.<\/p>\n<figure id=\"attachment_17938\" aria-describedby=\"caption-attachment-17938\" style=\"width: 300px\" class=\"wp-caption alignleft\"><img loading=\"lazy\" decoding=\"async\" class=\" wp-image-17938\" src=\"https:\/\/www.ufmg.br\/centrocultural\/wp-content\/uploads\/2022\/05\/patricia-amoni-trabalho-sitedaautora.png\" alt=\"\" width=\"300\" height=\"449\" \/><figcaption id=\"caption-attachment-17938\" class=\"wp-caption-text\">Priscila Amoni\/Reprodu\u00e7\u00e3o<\/figcaption><\/figure>\n<p><strong>Pintar na rua<\/strong><br \/>\nPara Amoni (foto), a ideia de pintar na rua, de forma gratuita, era o contr\u00e1rio do que acontecia dentro das galerias, dos espa\u00e7os do \u2018cubo branco\u2019, institu\u00eddos como ambientes da arte, extremamente elitizados. Foi a partir da\u00ed que decidiu virar muralista e estudar a pintura nas paredes dos espa\u00e7os p\u00fablicos, mudando completamente sua trajet\u00f3ria. Hoje em dia as produ\u00e7\u00f5es da artista ocupam grandes empenas desses espa\u00e7os, algumas delas em fachadas de pr\u00e9dios que colorem cidades do Brasil e da Fran\u00e7a.<\/p>\n<p>Priscila \u00e9 uma das idealizadoras do CURA e autora da pintura \u201cDralamaale\u201d, de 850 m\u00b2, que ocupa a lateral do Hotel Rio Jord\u00e3o, na Rua Rio de Janeiro, 147, Centro de Belo Horizonte.<\/p>\n<p>Realizada em agosto de 2017, sua primeira empena a integrar o festival resiste at\u00e9 os dias atuais e representa uma mulher afro-brasileira carregando duas plantas de prote\u00e7\u00e3o nas m\u00e3os, cada uma com seu significado, aben\u00e7oando a cidade. (Continua ap\u00f3s a foto)<\/p>\n<figure id=\"attachment_17937\" aria-describedby=\"caption-attachment-17937\" style=\"width: 600px\" class=\"wp-caption alignnone\"><img loading=\"lazy\" decoding=\"async\" class=\"size-medium wp-image-17937\" src=\"https:\/\/www.ufmg.br\/centrocultural\/wp-content\/uploads\/2022\/05\/pintura-coragem4-patriciaamoni-600x400.png\" alt=\"\" width=\"600\" height=\"400\" srcset=\"https:\/\/www.ufmg.br\/centrocultural\/wp-content\/uploads\/2022\/05\/pintura-coragem4-patriciaamoni-600x400.png 600w, https:\/\/www.ufmg.br\/centrocultural\/wp-content\/uploads\/2022\/05\/pintura-coragem4-patriciaamoni-768x512.png 768w, https:\/\/www.ufmg.br\/centrocultural\/wp-content\/uploads\/2022\/05\/pintura-coragem4-patriciaamoni-860x574.png 860w, https:\/\/www.ufmg.br\/centrocultural\/wp-content\/uploads\/2022\/05\/pintura-coragem4-patriciaamoni-580x387.png 580w, https:\/\/www.ufmg.br\/centrocultural\/wp-content\/uploads\/2022\/05\/pintura-coragem4-patriciaamoni.png 1000w\" sizes=\"auto, (max-width: 600px) 100vw, 600px\" \/><figcaption id=\"caption-attachment-17937\" class=\"wp-caption-text\">Pintura mural &#8216;Coragem&#8217;\/Priscila Amoni<\/figcaption><\/figure>\n<p><strong>Tem\u00e1ticas<\/strong><br \/>\nAs obras de Amoni expressam essa sua rela\u00e7\u00e3o com o poder feminino e as plantas, o estudo de sua for\u00e7a e seu sentido de cura, sempre privilegiando a perspectiva do conhecimento popular das minorias, principalmente as de cultura oral, como o xamanismo ind\u00edgena, a cultura popular e a cultura negra.<\/p>\n<p>Sua pesquisa art\u00edstica est\u00e1 estampada em sua arte, ent\u00e3o nada mais natural que apare\u00e7a de diversas formas como protagonista, representando os costumes femininos de magia e as conhecedoras dos segredos da natureza, como as benzedeiras, as curandeiras, as rezadeiras, as raizeiras e as mulheres de terreiro.<\/p>\n<p><strong>Empenas<\/strong><br \/>\nMuito comum nas \u00e1reas centrais das grandes cidades, as empenas dos pr\u00e9dios trazem bastante visibilidade para os trabalhos dos artistas e o CURA veio para unir essas produ\u00e7\u00f5es e inserir Belo Horizonte no mapa mundial de arte urbana.<\/p>\n<p>Tomando propor\u00e7\u00f5es cada vez maiores e ganhando camadas jamais imaginadas, o projeto se destaca entre os principais festivais de arte p\u00fablica do Brasil, talvez o de maior relev\u00e2ncia art\u00edstica, pois aponta novos caminhos, traz artistas fora do mainstream, como os artistas ind\u00edgenas, e outras formas de pensar a arte nesse contexto.<\/p>\n<p><strong>Mirantes de arte<\/strong><br \/>\nO CURA foi o primeiro a criar um Mirante de Arte Urbana no mundo e, segundo a artista, n\u00e3o existe registro de outro festival em que o p\u00fablico possa contemplar de um ponto \u00fanico todas as obras. Atualmente BH possui dois mirantes, um na Rua Sapuca\u00ed, no bairro Floresta (foto de capa desta reportagem, do acervo do Qu4arto Studio\/Belotur) e outro na Rua Diamantina, no bairro Lagoinha.<\/p>\n<p>A edi\u00e7\u00e3o de 2022 est\u00e1 acontecendo na Pra\u00e7a Raul Soares, espa\u00e7o de imers\u00e3o dos artistas no momento, onde uma pintura-ritual deu vida a uma Anaconda no ch\u00e3o que contorna a pra\u00e7a, sendo a maior obra shipibo (povos da Amaz\u00f4nia peruana) do mundo, com seus quase tr\u00eas mil m\u00b2.<\/p>\n<p>Conhe\u00e7a o trabalho de Priscila Amoni em: <span style=\"color: #00ccff;\"><a style=\"color: #00ccff;\" href=\"https:\/\/www.amoni.com.br\">seu site<\/a><\/span> e perfil no <span style=\"color: #00ccff;\"><a style=\"color: #00ccff;\" href=\"https:\/\/www.instagram.com\/priscilaamoni\/\">Instagram<\/a><\/span>.<\/p>\n<p>Ou\u00e7a o podcast na \u00edntegra e saiba um pouco mais sobre as pinturas muralistas e o trabalho desenvolvido pela artista:<\/p>\n<iframe loading=\"lazy\" style=\"border-radius: 12px;\" src=\"https:\/\/open.spotify.com\/embed\/episode\/4E3usplo4rkG8FjWjrFJQ9?utm_source=generator\" width=\"100%\" height=\"232\" frameborder=\"0\" allowfullscreen=\"allowfullscreen\"><\/iframe>\n<p><strong>Corredor Cultural 174 Podcast<\/strong><br \/>\nCorredor Cultural 174 Podcast \u00e9 um projeto que pretende disponibilizar mensalmente no site do Centro Cultural e em seu <a href=\"https:\/\/open.spotify.com\/user\/925aubqrhn8hp7vwgwkeor68z?si=T543gNEMS7GHdUP22WIahg&amp;nd=1\">canal no Spotify<\/a> conversas com artistas, m\u00fasicos, escritores, cineastas, agentes culturais e demais pessoas que pensam, respiram e produzem cultura.<\/p>\n<p>O nome \u2018Corredor\u2019 se justifica pelo fato de o Centro Cultural UFMG estar situado no corredor cultural Pra\u00e7a da Esta\u00e7\u00e3o e tamb\u00e9m no sentido de espa\u00e7o de passagem, onde transitam ideias, movimentos e express\u00f5es art\u00edsticas em Belo Horizonte. \u2018Cultural\u2019, pois a tem\u00e1tica ser\u00e1 sempre cultura e \u2018174\u2019 \u00e9 o n\u00famero de localiza\u00e7\u00e3o da institui\u00e7\u00e3o na Avenida Santos Dumont.<\/p>\n<\/div>\n<\/div><\/div>\n<\/div>\n<\/div>\n<\/div>\n<\/div>\n<\/div>\n\n","protected":false},"excerpt":{"rendered":"","protected":false},"author":5,"featured_media":17942,"comment_status":"closed","ping_status":"closed","sticky":false,"template":"","format":"standard","meta":{"footnotes":""},"categories":[244,91,80],"tags":[250,249,112,248],"class_list":["post-17930","post","type-post","status-publish","format-standard","has-post-thumbnail","hentry","category-corredor-cultural-174","category-noticias","category-podcast","tag-artederua","tag-pinturamural","tag-podcast","tag-priscilaamoni"],"_links":{"self":[{"href":"https:\/\/www.ufmg.br\/centrocultural\/wp-json\/wp\/v2\/posts\/17930","targetHints":{"allow":["GET"]}}],"collection":[{"href":"https:\/\/www.ufmg.br\/centrocultural\/wp-json\/wp\/v2\/posts"}],"about":[{"href":"https:\/\/www.ufmg.br\/centrocultural\/wp-json\/wp\/v2\/types\/post"}],"author":[{"embeddable":true,"href":"https:\/\/www.ufmg.br\/centrocultural\/wp-json\/wp\/v2\/users\/5"}],"replies":[{"embeddable":true,"href":"https:\/\/www.ufmg.br\/centrocultural\/wp-json\/wp\/v2\/comments?post=17930"}],"version-history":[{"count":8,"href":"https:\/\/www.ufmg.br\/centrocultural\/wp-json\/wp\/v2\/posts\/17930\/revisions"}],"predecessor-version":[{"id":17951,"href":"https:\/\/www.ufmg.br\/centrocultural\/wp-json\/wp\/v2\/posts\/17930\/revisions\/17951"}],"wp:featuredmedia":[{"embeddable":true,"href":"https:\/\/www.ufmg.br\/centrocultural\/wp-json\/wp\/v2\/media\/17942"}],"wp:attachment":[{"href":"https:\/\/www.ufmg.br\/centrocultural\/wp-json\/wp\/v2\/media?parent=17930"}],"wp:term":[{"taxonomy":"category","embeddable":true,"href":"https:\/\/www.ufmg.br\/centrocultural\/wp-json\/wp\/v2\/categories?post=17930"},{"taxonomy":"post_tag","embeddable":true,"href":"https:\/\/www.ufmg.br\/centrocultural\/wp-json\/wp\/v2\/tags?post=17930"}],"curies":[{"name":"wp","href":"https:\/\/api.w.org\/{rel}","templated":true}]}}