{"id":18740,"date":"2022-06-27T13:26:53","date_gmt":"2022-06-27T16:26:53","guid":{"rendered":"https:\/\/www.ufmg.br\/centrocultural\/?p=18740"},"modified":"2023-06-20T09:28:26","modified_gmt":"2023-06-20T12:28:26","slug":"inspirado-em-indumentaria-renascentista-objeto-textil-entra-em-exposicao-no-centro-cultural-ufmg","status":"publish","type":"post","link":"https:\/\/www.ufmg.br\/centrocultural\/inspirado-em-indumentaria-renascentista-objeto-textil-entra-em-exposicao-no-centro-cultural-ufmg\/","title":{"rendered":"Inspirado em indument\u00e1ria renascentista, objeto t\u00eaxtil entra em exposi\u00e7\u00e3o no Centro Cultural UFMG"},"content":{"rendered":"<div id=\"cmsmasters_row_i9u4nk9bgm\" class=\"cmsmasters_row cmsmasters_color_scheme_default cmsmasters_row_top_default cmsmasters_row_bot_default cmsmasters_row_boxed\">\n<div class=\"cmsmasters_row_outer_parent\">\n<div class=\"cmsmasters_row_outer\">\n<div class=\"cmsmasters_row_inner\">\n<div class=\"cmsmasters_row_margin\">\n<div id=\"cmsmasters_column_w5vyd888is\" class=\"cmsmasters_column one_first\">\n<div class=\"cmsmasters_column_inner\">\n<div class=\"cmsmasters_sharing\">\n<div class=\"share_wrap\">\n<a href=\"https:\/\/twitter.com\/intent\/tweet?text=Check+out+%27Inspirado+em+indument%C3%A1ria+renascentista%2C+objeto+t%C3%AAxtil+entra+em+exposi%C3%A7%C3%A3o+no+Centro+Cultural+UFMG%27+on+Centro+Cultural++UFMG+website&url=https%3A%2F%2Fwww.ufmg.br%2Fcentrocultural%2Finspirado-em-indumentaria-renascentista-objeto-textil-entra-em-exposicao-no-centro-cultural-ufmg%2F\" class=\"button cmsmasters-icon-twitter\">Twitter<\/a>\n<\/div>\n<div class=\"share_wrap\">\n<a href=\"https:\/\/www.facebook.com\/sharer\/sharer.php?display=popup&u=https%3A%2F%2Fwww.ufmg.br%2Fcentrocultural%2Finspirado-em-indumentaria-renascentista-objeto-textil-entra-em-exposicao-no-centro-cultural-ufmg%2F\" class=\"button cmsmasters-icon-facebook\">Facebook<\/a>\n<\/div>\n<\/div>\n<\/div><\/div>\n<\/div>\n<\/div>\n<\/div>\n<\/div>\n<\/div>\n<div id=\"cmsmasters_row_\" class=\"cmsmasters_row cmsmasters_color_scheme_default cmsmasters_row_top_default cmsmasters_row_bot_default cmsmasters_row_boxed\">\n<div class=\"cmsmasters_row_outer_parent\">\n<div class=\"cmsmasters_row_outer\">\n<div class=\"cmsmasters_row_inner\">\n<div class=\"cmsmasters_row_margin\">\n<div id=\"cmsmasters_column_\" class=\"cmsmasters_column one_first\">\n<div class=\"cmsmasters_column_inner\"><div class=\"cmsmasters_text\">\n<p>A artista Capra Maia exp\u00f5e no Centro Cultural UFMG a partir desta quarta-feira, 29 de junho de 2022, o objeto &#8216;Rough&#8217;, que tem a curadoria do professor da UFMG Fabr\u00edcio Fernandino e poder\u00e1 ser visto at\u00e9 o dia 15 de agosto de 2022.<\/p>\n<ul>\n<li><span style=\"color: #99ccff;\"><a style=\"color: #99ccff;\" href=\"https:\/\/api.whatsapp.com\/send?text=https:\/\/www.ufmg.br\/centrocultural\/?p=18740\">Compartilhe pelo WhatsApp<\/a><\/span><\/li>\n<li><span style=\"color: #99ccff;\"><a style=\"color: #99ccff;\" href=\"https:\/\/telegram.me\/share\/url?url=%20https:\/\/www.ufmg.br\/centrocultural\/?p=18740\">Compartilhe pelo Telegram<\/a><\/span><\/li>\n<\/ul>\n<p>A entrada \u00e9 gratuita e integra o projeto Escultura no Centro, que destaca os trabalhos tridimensionais desenvolvidos por alunos do curso de Artes Visuais com habilita\u00e7\u00e3o em Escultura da Escola de Belas Artes da UFMG. A classifica\u00e7\u00e3o \u00e9 livre<\/p>\n<p><strong>Rough<\/strong><\/p>\n<figure id=\"attachment_18746\" aria-describedby=\"caption-attachment-18746\" style=\"width: 600px\" class=\"wp-caption alignnone\"><img loading=\"lazy\" decoding=\"async\" class=\"size-medium wp-image-18746\" src=\"https:\/\/www.ufmg.br\/centrocultural\/wp-content\/uploads\/2022\/06\/Flayer-2-600x600.png\" alt=\"\" width=\"600\" height=\"600\" srcset=\"https:\/\/www.ufmg.br\/centrocultural\/wp-content\/uploads\/2022\/06\/Flayer-2-600x600.png 600w, https:\/\/www.ufmg.br\/centrocultural\/wp-content\/uploads\/2022\/06\/Flayer-2-1024x1024.png 1024w, https:\/\/www.ufmg.br\/centrocultural\/wp-content\/uploads\/2022\/06\/Flayer-2-300x300.png 300w, https:\/\/www.ufmg.br\/centrocultural\/wp-content\/uploads\/2022\/06\/Flayer-2-768x768.png 768w, https:\/\/www.ufmg.br\/centrocultural\/wp-content\/uploads\/2022\/06\/Flayer-2-180x180.png 180w, https:\/\/www.ufmg.br\/centrocultural\/wp-content\/uploads\/2022\/06\/Flayer-2-580x580.png 580w, https:\/\/www.ufmg.br\/centrocultural\/wp-content\/uploads\/2022\/06\/Flayer-2-860x860.png 860w, https:\/\/www.ufmg.br\/centrocultural\/wp-content\/uploads\/2022\/06\/Flayer-2.png 1080w\" sizes=\"auto, (max-width: 600px) 100vw, 600px\" \/><figcaption id=\"caption-attachment-18746\" class=\"wp-caption-text\">Comunica\u00e7\u00e3o\/Centro Cultural UFMG<\/figcaption><\/figure>\n<p>Rough \u00e9 um objeto t\u00eaxtil linear que pode ser estendido, enrolado, sobreposto ou acumulado, se adaptando aos mais diversos suportes expositivos. A pe\u00e7a foi constru\u00edda a partir de m\u00f3dulos de tecido que podem ser repetidos indefinidamente, tendendo potencialmente ao infinito.<\/p>\n<p>O padr\u00e3o desses m\u00f3dulos teve como princ\u00edpio processos de montagem de uma pe\u00e7a hist\u00f3rica de indument\u00e1ria: a gola rufo, gola circular de tecido armado, dobrado e alternadamente costurado, uma pe\u00e7a amplamente difundida entre meados dos s\u00e9culos XVI e XVII, sobretudo na Europa Ocidental.<\/p>\n<p>Rough copia a estrutura do rufo, mas n\u00e3o seu acabamento. Feito em algod\u00e3o cru, \u00e9 preso por alfinetes, sem costuras e, ao inv\u00e9s de fechar um c\u00edrculo, permanece aberto, permitindo sua adapta\u00e7\u00e3o ao espa\u00e7o.<\/p>\n<p><strong>A artista<\/strong><\/p>\n<p>A artista brasiliense Capra Maia investiga os efeitos que a passagem do tempo imprime na mat\u00e9ria por meio da atua\u00e7\u00e3o de agentes diversos, como \u00e1gua, poeira, atrito, rea\u00e7\u00f5es qu\u00edmicas, a\u00e7\u00e3o humana e animal. H\u00e1 uma \u00eanfase na materialidade dos objetos, pensados a partir de modifica\u00e7\u00f5es que necessitam de curtas ou longas dura\u00e7\u00f5es, expressas num di\u00e1logo entre a imagem da pele e da pedra \u2013 org\u00e2nico e inorg\u00e2nico. \u00c9 doutoranda em Artes Visuais pela UFMG, j\u00e1 participou de exposi\u00e7\u00f5es coletivas e individuais, teve trabalhos selecionados para premia\u00e7\u00f5es, possui obras em acervos p\u00fablicos e privados.<\/p>\n<p><strong>Escultura no Centro<\/strong><\/p>\n<p>O projeto busca valorizar e expor os trabalhos tridimensionais desenvolvidos pelos graduandos e p\u00f3s-graduandos do curso de Artes Visuais com habilita\u00e7\u00e3o em Escultura da Escola de Belas Artes da UFMG.<\/p>\n<\/div>\n<\/div><\/div>\n<\/div>\n<\/div>\n<\/div>\n<\/div>\n<\/div>\n<div id=\"cmsmasters_row_kuc45szui6\" class=\"cmsmasters_row cmsmasters_color_scheme_default cmsmasters_row_top_default cmsmasters_row_bot_default cmsmasters_row_boxed\">\n<div class=\"cmsmasters_row_outer_parent\">\n<div class=\"cmsmasters_row_outer\">\n<div class=\"cmsmasters_row_inner\">\n<div class=\"cmsmasters_row_margin\">\n<div id=\"cmsmasters_column_t0t41lapf7\" class=\"cmsmasters_column one_first\">\n<div class=\"cmsmasters_column_inner\">\n<div id=\"cmsmasters_divider_29a3csr2fn\" class=\"cmsmasters_divider cmsmasters_divider_width_long cmsmasters_divider_pos_center\"><\/div>\n<\/div><\/div>\n<\/div>\n<\/div>\n<\/div>\n<\/div>\n<\/div>\n<div id=\"cmsmasters_row_3n8mcajlo\" class=\"cmsmasters_row cmsmasters_color_scheme_default cmsmasters_row_top_default cmsmasters_row_bot_default cmsmasters_row_boxed\">\n<div class=\"cmsmasters_row_outer_parent\">\n<div class=\"cmsmasters_row_outer\">\n<div class=\"cmsmasters_row_inner\">\n<div class=\"cmsmasters_row_margin\">\n<div id=\"cmsmasters_column_qt98prp0k\" class=\"cmsmasters_column one_first\">\n<div class=\"cmsmasters_column_inner\"><div class=\"cmsmasters_text\">\n<p><strong>Rough &#8211; Capra Maia<br \/>\n<\/strong><br \/>\nPer\u00edodo expositivo: 29\/06 a 15\/08\/2022<br \/>\nTer\u00e7as a sextas: 9h \u00e0s 20h<br \/>\nS\u00e1bados, domingos e feriados: 9h \u00e0s 17h<br \/>\nEspa\u00e7o Expositivo V\u00e3o da Escada<br \/>\nClassifica\u00e7\u00e3o: livre<br \/>\nEntrada gratuita<\/p>\n<\/div>\n<\/div><\/div>\n<\/div>\n<\/div>\n<\/div>\n<\/div>\n<\/div>\n<div id=\"cmsmasters_row_g9fhx52n6g\" class=\"cmsmasters_row cmsmasters_color_scheme_default cmsmasters_row_top_default cmsmasters_row_bot_default cmsmasters_row_boxed\">\n<div class=\"cmsmasters_row_outer_parent\">\n<div class=\"cmsmasters_row_outer\">\n<div class=\"cmsmasters_row_inner\">\n<div class=\"cmsmasters_row_margin\">\n<div id=\"cmsmasters_column_woenkeyp27\" class=\"cmsmasters_column three_fourth\">\n<div class=\"cmsmasters_column_inner\"><div id=\"cmsmasters_notice_5zqdhre5as\" class=\"cmsmasters_notice cmsmasters_notice_warning cmsmasters-icon-check-1\">\n<a href=\"#\" class=\"notice_close cmsmasters_theme_icon_cancel\"><\/a><div class=\"notice_content\">\n<p>Lembre-se: \u00e9 necess\u00e1rio o uso de m\u00e1scara nos espa\u00e7os do Centro Cultural UFMG mesmo para imunizados<\/p>\n<\/div>\n<\/div>\n<\/div><\/div>\n<div id=\"cmsmasters_column_9vdbcx5bxt\" class=\"cmsmasters_column one_fourth\">\n<div class=\"cmsmasters_column_inner\"><\/div><\/div>\n<\/div>\n<\/div>\n<\/div>\n<\/div>\n<\/div>\n\n","protected":false},"excerpt":{"rendered":"","protected":false},"author":5,"featured_media":18744,"comment_status":"closed","ping_status":"closed","sticky":false,"template":"","format":"standard","meta":{"footnotes":""},"categories":[121,91],"tags":[299],"class_list":["post-18740","post","type-post","status-publish","format-standard","has-post-thumbnail","hentry","category-exposicoes","category-noticias","tag-capramaia"],"_links":{"self":[{"href":"https:\/\/www.ufmg.br\/centrocultural\/wp-json\/wp\/v2\/posts\/18740","targetHints":{"allow":["GET"]}}],"collection":[{"href":"https:\/\/www.ufmg.br\/centrocultural\/wp-json\/wp\/v2\/posts"}],"about":[{"href":"https:\/\/www.ufmg.br\/centrocultural\/wp-json\/wp\/v2\/types\/post"}],"author":[{"embeddable":true,"href":"https:\/\/www.ufmg.br\/centrocultural\/wp-json\/wp\/v2\/users\/5"}],"replies":[{"embeddable":true,"href":"https:\/\/www.ufmg.br\/centrocultural\/wp-json\/wp\/v2\/comments?post=18740"}],"version-history":[{"count":10,"href":"https:\/\/www.ufmg.br\/centrocultural\/wp-json\/wp\/v2\/posts\/18740\/revisions"}],"predecessor-version":[{"id":18830,"href":"https:\/\/www.ufmg.br\/centrocultural\/wp-json\/wp\/v2\/posts\/18740\/revisions\/18830"}],"wp:featuredmedia":[{"embeddable":true,"href":"https:\/\/www.ufmg.br\/centrocultural\/wp-json\/wp\/v2\/media\/18744"}],"wp:attachment":[{"href":"https:\/\/www.ufmg.br\/centrocultural\/wp-json\/wp\/v2\/media?parent=18740"}],"wp:term":[{"taxonomy":"category","embeddable":true,"href":"https:\/\/www.ufmg.br\/centrocultural\/wp-json\/wp\/v2\/categories?post=18740"},{"taxonomy":"post_tag","embeddable":true,"href":"https:\/\/www.ufmg.br\/centrocultural\/wp-json\/wp\/v2\/tags?post=18740"}],"curies":[{"name":"wp","href":"https:\/\/api.w.org\/{rel}","templated":true}]}}