{"id":18978,"date":"2022-07-13T12:32:00","date_gmt":"2022-07-13T15:32:00","guid":{"rendered":"https:\/\/www.ufmg.br\/centrocultural\/?p=18978"},"modified":"2023-06-20T09:27:14","modified_gmt":"2023-06-20T12:27:14","slug":"sambista-gustavo-magua-e-o-convidado-de-novo-episodio-do-corredor-cultural-174-podcast","status":"publish","type":"post","link":"https:\/\/www.ufmg.br\/centrocultural\/sambista-gustavo-magua-e-o-convidado-de-novo-episodio-do-corredor-cultural-174-podcast\/","title":{"rendered":"Sambista Gustavo Magu\u00e1 \u00e9 o convidado de novo epis\u00f3dio do Corredor Cultural 174 Podcast"},"content":{"rendered":"<div id=\"cmsmasters_row_xtm1bc5e74\" class=\"cmsmasters_row cmsmasters_color_scheme_default cmsmasters_row_top_default cmsmasters_row_bot_default cmsmasters_row_boxed\">\n<div class=\"cmsmasters_row_outer_parent\">\n<div class=\"cmsmasters_row_outer\">\n<div class=\"cmsmasters_row_inner\">\n<div class=\"cmsmasters_row_margin\">\n<div id=\"cmsmasters_column_rthp7mkgjg\" class=\"cmsmasters_column one_first\">\n<div class=\"cmsmasters_column_inner\">\n<div class=\"cmsmasters_sharing\">\n<div class=\"share_wrap\">\n<a href=\"https:\/\/twitter.com\/intent\/tweet?text=Check+out+%27Sambista+Gustavo+Magu%C3%A1+%C3%A9+o+convidado+de+novo+epis%C3%B3dio+do+Corredor+Cultural+174+Podcast%27+on+Centro+Cultural++UFMG+website&url=https%3A%2F%2Fwww.ufmg.br%2Fcentrocultural%2Fsambista-gustavo-magua-e-o-convidado-de-novo-episodio-do-corredor-cultural-174-podcast%2F\" class=\"button cmsmasters-icon-twitter\">Twitter<\/a>\n<\/div>\n<div class=\"share_wrap\">\n<a href=\"https:\/\/www.facebook.com\/sharer\/sharer.php?display=popup&u=https%3A%2F%2Fwww.ufmg.br%2Fcentrocultural%2Fsambista-gustavo-magua-e-o-convidado-de-novo-episodio-do-corredor-cultural-174-podcast%2F\" class=\"button cmsmasters-icon-facebook\">Facebook<\/a>\n<\/div>\n<\/div>\n<\/div><\/div>\n<\/div>\n<\/div>\n<\/div>\n<\/div>\n<\/div>\n<div id=\"cmsmasters_row_\" class=\"cmsmasters_row cmsmasters_color_scheme_default cmsmasters_row_top_default cmsmasters_row_bot_default cmsmasters_row_boxed\">\n<div class=\"cmsmasters_row_outer_parent\">\n<div class=\"cmsmasters_row_outer\">\n<div class=\"cmsmasters_row_inner\">\n<div class=\"cmsmasters_row_margin\">\n<div id=\"cmsmasters_column_\" class=\"cmsmasters_column one_first\">\n<div class=\"cmsmasters_column_inner\"><div class=\"cmsmasters_text\">\n<p>O segundo epis\u00f3dio do <span style=\"color: #99ccff;\"><a style=\"color: #99ccff;\" href=\"https:\/\/www.ufmg.br\/centrocultural\/?page_id=17838\">Corredor Cultural 174 Podcast<\/a><\/span> traz um bate-papo com o cantor, compositor e violonista Gustavo Magu\u00e1, um dos representantes contempor\u00e2neos do samba em Minas Gerais. O m\u00fasico mineiro est\u00e1 \u00e0 frente de projetos musicais de grande popularidade e sucesso, como o &#8216;Baile do Magu\u00e1&#8217;, &#8216;Bloco Pacato Cidad\u00e3o&#8217;, a roda de samba &#8216;\u00d4 sorte&#8217;, dentre outros, contribuindo com a diversidade cultural em Belo Horizonte.<\/p>\n<p>No podcast, Gustavo relata que, por influ\u00eancia paterna, foi apresentado ao samba ainda pequeno, \u00e9poca que ouviu bastante Cartola, Noel Rosa e Dem\u00f4nios da Garoa. Criado no bairro Nova Granada, zona oeste da capital mineira, seu pai tinha o h\u00e1bito de lev\u00e1-lo para jogar bola no Morro das Pedras, aglomerado vizinho de sua resid\u00eancia, local onde fez muitas amizades e mais tarde veio a frequentar as rodas de samba, conhecendo pessoas de prest\u00edgio como o sambista Domingos do Cavaco, U-Gueto e Waguinho Morrone<\/p>\n<p>O m\u00fasico diz que as rodas de samba foram extremamente importantes para a sua carreira musical e forma\u00e7\u00e3o art\u00edstica, oferecendo-lhe base e dire\u00e7\u00e3o.<\/p>\n<ul>\n<li><span style=\"color: #99ccff;\"><a style=\"color: #99ccff;\" href=\"https:\/\/api.whatsapp.com\/send?text=https:\/\/www.ufmg.br\/centrocultural\/?p=18978\">Compartilhe no WhatsApp<\/a><\/span><\/li>\n<li><span style=\"color: #99ccff;\"><a style=\"color: #99ccff;\" href=\"https:\/\/telegram.me\/share\/url?url=%20https:\/\/www.ufmg.br\/centrocultural\/?p=18978\">Compartilhe no Telegram<\/a><\/span><\/li>\n<\/ul>\n<p><strong>Arautos do Gueto<\/strong><br \/>\nJuntamente com as rodas de samba, Magu\u00e1 teve a oportunidade de integrar o projeto social Arautos do Gueto, tamb\u00e9m no Morro das Pedras, que naquele momento atuava como uma escola de percuss\u00e3o para crian\u00e7as e adolescentes.<\/p>\n<p>Segundo o artista, foi uma experi\u00eancia singular e de muito aprendizado, que ele ainda n\u00e3o havia vivenciado e at\u00e9 hoje tem um carinho muito grande pelas pessoas que conheceu e se relacionou por l\u00e1. A ONG est\u00e1 em atividade h\u00e1 26 anos e acredita que a arte, a cultura e a educa\u00e7\u00e3o s\u00e3o fortes aliados no combate \u00e0 viol\u00eancia e na transforma\u00e7\u00e3o social.<\/p>\n<p>Ou\u00e7a o podcast na \u00edntegra e saiba um pouco mais sobre a trajet\u00f3ria do artista: ((Continue a ler ap\u00f3s o player&#8230;)<\/p>\n<iframe loading=\"lazy\" style=\"border-radius: 12px;\" src=\"https:\/\/open.spotify.com\/embed\/episode\/30wFordlTxSJjBDzb2IFnu?utm_source=generator&amp;t=0\" width=\"100%\" height=\"232\" frameborder=\"0\" allowfullscreen=\"allowfullscreen\"><\/iframe>\n<p><strong>\u00c1lbuns<\/strong><br \/>\nGustavo possui dois discos autorais, Vol. 1 (2011) e Esquema fino (2015), que re\u00fanem composi\u00e7\u00f5es que transitam pelo samba, bai\u00e3o, afox\u00e9 e samba rock. Com uma veia mais sambista, o primeiro \u00e1lbum foi produzido em Belo Horizonte e teve a participa\u00e7\u00e3o de m\u00fasicos como Fl\u00e1vio Renegado, Thiago Dibeto e Paulinho Motta.<\/p>\n<p>O segundo disco j\u00e1 foi feito no Rio de Janeiro e tem uma mistura de samba rock com MPB dan\u00e7ante, tendo a contribui\u00e7\u00e3o de artistas como Gabriel Moura, parceiro de Seu Jorge e um dos fundadores do Farofa Carioca e Marco Mattoli, do Clube do Balan\u00e7o.<\/p>\n<p><strong>Influ\u00eancias<\/strong><\/p>\n<figure id=\"attachment_18990\" aria-describedby=\"caption-attachment-18990\" style=\"width: 600px\" class=\"wp-caption alignnone\"><img loading=\"lazy\" decoding=\"async\" class=\"size-medium wp-image-18990\" src=\"https:\/\/www.ufmg.br\/centrocultural\/wp-content\/uploads\/2022\/07\/orquestra-royal-gustavo-magua-600x600.jpg\" alt=\"\" width=\"600\" height=\"600\" srcset=\"https:\/\/www.ufmg.br\/centrocultural\/wp-content\/uploads\/2022\/07\/orquestra-royal-gustavo-magua-600x600.jpg 600w, https:\/\/www.ufmg.br\/centrocultural\/wp-content\/uploads\/2022\/07\/orquestra-royal-gustavo-magua-300x300.jpg 300w, https:\/\/www.ufmg.br\/centrocultural\/wp-content\/uploads\/2022\/07\/orquestra-royal-gustavo-magua-768x768.jpg 768w, https:\/\/www.ufmg.br\/centrocultural\/wp-content\/uploads\/2022\/07\/orquestra-royal-gustavo-magua-180x180.jpg 180w, https:\/\/www.ufmg.br\/centrocultural\/wp-content\/uploads\/2022\/07\/orquestra-royal-gustavo-magua-580x580.jpg 580w, https:\/\/www.ufmg.br\/centrocultural\/wp-content\/uploads\/2022\/07\/orquestra-royal-gustavo-magua-860x860.jpg 860w, https:\/\/www.ufmg.br\/centrocultural\/wp-content\/uploads\/2022\/07\/orquestra-royal-gustavo-magua.jpg 960w\" sizes=\"auto, (max-width: 600px) 100vw, 600px\" \/><figcaption id=\"caption-attachment-18990\" class=\"wp-caption-text\">Estreia da Orquestra Royal. Facebook\/Gustavo Magu\u00e1<\/figcaption><\/figure>\n<p>Para al\u00e9m dos estilos musicais dos \u00e1lbuns, o m\u00fasico mescla tamb\u00e9m em suas apresenta\u00e7\u00f5es influ\u00eancias de outros ritmos brasileiros, como ax\u00e9, pagode e pop rock, muito presentes no Baile do Magu\u00e1, que desde 2017 agita os foli\u00f5es do carnaval de BH acompanhado de uma big band completa.<\/p>\n<p>Com uma assinatura carnavalesca, o repert\u00f3rio do baile inclui releituras de Art Popular, Caetano Veloso, Ivete Sangalo, Jorge Ben e Tim Maia.<\/p>\n<p>Magu\u00e1 participa efetivamente da programa\u00e7\u00e3o do carnaval da capital mineira desde 2013, \u00e9 um dos int\u00e9rpretes da marchinha Baile do P\u00f3 Royal &#8211; primeiro lugar no Concurso Mestre Jonas de 2014 &#8211; da Orquestra Royal, da qual \u00e9 integrante.<\/p>\n<p><strong>Bloco<\/strong><br \/>\nEm 2017, junto de Guilherme Calk, criou o Bloco Pacato Cidad\u00e3o, que j\u00e1 arrastou uma multid\u00e3o pelas ruas da cidade com os hits de sucesso das bandas Skank, Jota Quest, Tianast\u00e1cia e Pato Fu.<\/p>\n<p>Al\u00e9m de valorizar e homenagear os artistas do pop rock mineiro, o bloco atrai um p\u00fablico que aprecia um estilo musical distinto do que \u00e9 tradicionalmente tocado na folia. Antes de criar o seu pr\u00f3prio bloco, o m\u00fasico j\u00e1 havia participado do bloco da Calixto, Chama o S\u00edndico, Baianas Ozadas e Havayanas Usadas.<\/p>\n<p><strong>Roda de samba<\/strong><br \/>\nInspirada no bord\u00e3o do saudoso sambista Wilson das Neves, a roda de samba \u00d4 Sorte consolidou-se como um dos melhores eventos de samba da cidade. Atualmente, com resid\u00eancia fixa na Casa Rosa do Bonfim, \u00e9 sucesso de p\u00fablico e ingressos esgotados todos os domingos, em um fim de tarde extremamente agrad\u00e1vel e animado.<\/p>\n<p>O repert\u00f3rio passeia por cl\u00e1ssicos do chorinho e do samba, al\u00e9m de introduzir muita brasilidade, sempre com a participa\u00e7\u00e3o de convidados especiais, que d\u00e3o um toque \u00edmpar a cada edi\u00e7\u00e3o.<\/p>\n<p><strong>Gustavo Magu\u00e1<\/strong><br \/>\nConhe\u00e7a o trabalho de Gustavo Magu\u00e1 em: <span style=\"color: #99ccff;\"><a style=\"color: #99ccff;\" href=\"https:\/\/www.deezer.com\/br\/artist\/9192176?autoplay=true\">Deezer<\/a><\/span>, <span style=\"color: #99ccff;\"><a style=\"color: #99ccff;\" href=\"https:\/\/pt-br.facebook.com\/gustavo.magua\/\">Facebook<\/a><\/span>, <span style=\"color: #99ccff;\"><a style=\"color: #99ccff;\" href=\"https:\/\/www.instagram.com\/gustavomagua\/\">Instagram<\/a><\/span>, <span style=\"color: #99ccff;\"><a style=\"color: #99ccff;\" href=\"https:\/\/open.spotify.com\/artist\/2xsN0I8yIWCwnlE1Bh6knB?autoplay=true\">Spotify<\/a><\/span>, e <span style=\"color: #99ccff;\"><a style=\"color: #99ccff;\" href=\"https:\/\/music.youtube.com\/channel\/UCR1_mSPYduqJO3ezR3ZFB1w\">Youtube<\/a><\/span>.<\/p>\n<p><strong>Corredor Cultural 174 Podcast<\/strong><br \/>\nCorredor Cultural 174 Podcast \u00e9 um projeto do Centro Cultural UFMG que disponibiliza mensalmente no <span style=\"color: #99ccff;\"><a style=\"color: #99ccff;\" href=\"https:\/\/open.spotify.com\/user\/925aubqrhn8hp7vwgwkeor68z?si=T543gNEMS7GHdUP22WIahg&amp;nd=1\">Spotify<\/a><\/span> conversas com artistas, m\u00fasicos, escritores, cineastas, agentes culturais e demais pessoas que pensam, respiram e produzem cultura.<\/p>\n<p>&#8216;Corredor&#8217;, pelo fato de o Centro Cultural UFMG estar situado no corredor cultural Pra\u00e7a da Esta\u00e7\u00e3o e tamb\u00e9m no sentido de espa\u00e7o de passagem, onde transitam ideias, movimentos e express\u00f5es art\u00edsticas em Belo Horizonte. &#8216;Cultural&#8217;, pois a tem\u00e1tica ser\u00e1 sempre cultura e &#8216;174&#8217; \u00e9 o n\u00famero de localiza\u00e7\u00e3o da institui\u00e7\u00e3o na Avenida Santos Dumont.<\/p>\n<p>&nbsp;<\/p>\n<\/div>\n<\/div><\/div>\n<\/div>\n<\/div>\n<\/div>\n<\/div>\n<\/div>\n\n","protected":false},"excerpt":{"rendered":"","protected":false},"author":5,"featured_media":18980,"comment_status":"closed","ping_status":"closed","sticky":false,"template":"","format":"standard","meta":{"footnotes":""},"categories":[244,91,80],"tags":[309,307,211,112,308],"class_list":["post-18978","post","type-post","status-publish","format-standard","has-post-thumbnail","hentry","category-corredor-cultural-174","category-noticias","category-podcast","tag-carnaval","tag-gustavomagua","tag-musica","tag-podcast","tag-samba"],"_links":{"self":[{"href":"https:\/\/www.ufmg.br\/centrocultural\/wp-json\/wp\/v2\/posts\/18978","targetHints":{"allow":["GET"]}}],"collection":[{"href":"https:\/\/www.ufmg.br\/centrocultural\/wp-json\/wp\/v2\/posts"}],"about":[{"href":"https:\/\/www.ufmg.br\/centrocultural\/wp-json\/wp\/v2\/types\/post"}],"author":[{"embeddable":true,"href":"https:\/\/www.ufmg.br\/centrocultural\/wp-json\/wp\/v2\/users\/5"}],"replies":[{"embeddable":true,"href":"https:\/\/www.ufmg.br\/centrocultural\/wp-json\/wp\/v2\/comments?post=18978"}],"version-history":[{"count":7,"href":"https:\/\/www.ufmg.br\/centrocultural\/wp-json\/wp\/v2\/posts\/18978\/revisions"}],"predecessor-version":[{"id":18992,"href":"https:\/\/www.ufmg.br\/centrocultural\/wp-json\/wp\/v2\/posts\/18978\/revisions\/18992"}],"wp:featuredmedia":[{"embeddable":true,"href":"https:\/\/www.ufmg.br\/centrocultural\/wp-json\/wp\/v2\/media\/18980"}],"wp:attachment":[{"href":"https:\/\/www.ufmg.br\/centrocultural\/wp-json\/wp\/v2\/media?parent=18978"}],"wp:term":[{"taxonomy":"category","embeddable":true,"href":"https:\/\/www.ufmg.br\/centrocultural\/wp-json\/wp\/v2\/categories?post=18978"},{"taxonomy":"post_tag","embeddable":true,"href":"https:\/\/www.ufmg.br\/centrocultural\/wp-json\/wp\/v2\/tags?post=18978"}],"curies":[{"name":"wp","href":"https:\/\/api.w.org\/{rel}","templated":true}]}}