{"id":19264,"date":"2022-07-20T15:28:45","date_gmt":"2022-07-20T18:28:45","guid":{"rendered":"https:\/\/www.ufmg.br\/centrocultural\/?p=19264"},"modified":"2023-06-20T09:25:24","modified_gmt":"2023-06-20T12:25:24","slug":"velha-guarda-do-samba-de-bh-volta-ao-palco-do-centro-cultural-ufmg-em-show-gratuito","status":"publish","type":"post","link":"https:\/\/www.ufmg.br\/centrocultural\/velha-guarda-do-samba-de-bh-volta-ao-palco-do-centro-cultural-ufmg-em-show-gratuito\/","title":{"rendered":"Velha Guarda do Samba de BH volta ao palco do Centro Cultural UFMG em show gratuito"},"content":{"rendered":"<div id=\"cmsmasters_row_imwp5k3cj9\" class=\"cmsmasters_row cmsmasters_color_scheme_default cmsmasters_row_top_default cmsmasters_row_bot_default cmsmasters_row_boxed\">\n<div class=\"cmsmasters_row_outer_parent\">\n<div class=\"cmsmasters_row_outer\">\n<div class=\"cmsmasters_row_inner\">\n<div class=\"cmsmasters_row_margin\">\n<div id=\"cmsmasters_column_sehbl88yeh\" class=\"cmsmasters_column one_first\">\n<div class=\"cmsmasters_column_inner\">\n<div class=\"cmsmasters_sharing\">\n<div class=\"share_wrap\">\n<a href=\"https:\/\/twitter.com\/intent\/tweet?text=Check+out+%27Velha+Guarda+do+Samba+de+BH+volta+ao+palco+do+Centro+Cultural+UFMG+em+show+gratuito%27+on+Centro+Cultural++UFMG+website&url=https%3A%2F%2Fwww.ufmg.br%2Fcentrocultural%2Fvelha-guarda-do-samba-de-bh-volta-ao-palco-do-centro-cultural-ufmg-em-show-gratuito%2F\" class=\"button cmsmasters-icon-twitter\">Twitter<\/a>\n<\/div>\n<div class=\"share_wrap\">\n<a href=\"https:\/\/www.facebook.com\/sharer\/sharer.php?display=popup&u=https%3A%2F%2Fwww.ufmg.br%2Fcentrocultural%2Fvelha-guarda-do-samba-de-bh-volta-ao-palco-do-centro-cultural-ufmg-em-show-gratuito%2F\" class=\"button cmsmasters-icon-facebook\">Facebook<\/a>\n<\/div>\n<\/div>\n<\/div><\/div>\n<\/div>\n<\/div>\n<\/div>\n<\/div>\n<\/div>\n<div id=\"cmsmasters_row_\" class=\"cmsmasters_row cmsmasters_color_scheme_default cmsmasters_row_top_default cmsmasters_row_bot_default cmsmasters_row_boxed\">\n<div class=\"cmsmasters_row_outer_parent\">\n<div class=\"cmsmasters_row_outer\">\n<div class=\"cmsmasters_row_inner\">\n<div class=\"cmsmasters_row_margin\">\n<div id=\"cmsmasters_column_\" class=\"cmsmasters_column one_first\">\n<div class=\"cmsmasters_column_inner\"><div class=\"cmsmasters_text\">\n<p>Nesta sexta-feira, dia 22 de julho, a partir das 21h, o Centro Cultural UFMG recebe a Velha Guarda do Samba de Belo Horizonte em show do <span style=\"color: #99ccff;\"><a style=\"color: #99ccff;\" href=\"https:\/\/www.ufmg.br\/festivaldeinverno\/\">54\u00ba Festival de Inverno da UFMG<\/a><\/span>. O grupo se apresenta no P\u00e1tio Interno do Centro. A entrada \u00e9 gratuita e a classifica\u00e7\u00e3o indicativa \u00e9 livre.<\/p>\n<ul>\n<li><span style=\"color: #99ccff;\"><a style=\"color: #99ccff;\" href=\"https:\/\/api.whatsapp.com\/send?text=https:\/\/telegram.me\/share\/url?url=https:\/\/www.ufmg.br\/centrocultural\/velha-guarda-do-samba-de-bh-volta-ao-palco-do-centro-cultural-ufmg-em-show-gratuito\/\">Compartilhe pelo WhatsApp<\/a><\/span><\/li>\n<li><span style=\"color: #99ccff;\"><a style=\"color: #99ccff;\" href=\"https:\/\/telegram.me\/share\/url?url=https:\/\/www.ufmg.br\/centrocultural\/velha-guarda-do-samba-de-bh-volta-ao-palco-do-centro-cultural-ufmg-em-show-gratuito\/\">Compartilhe pelo Telegram<\/a><\/span><\/li>\n<\/ul>\n<p>Com repert\u00f3rio rico em refer\u00eancias culturais, a Velha Guarda do Samba de BH representa o samba mineiro como verdadeiro patrim\u00f4nio material da humanidade. Reunindo personalidades importantes da hist\u00f3ria do samba de Belo Horizonte e regi\u00e3o, a Velha Guarda do Samba de BH originou-se da Associa\u00e7\u00e3o da Velha Guarda da Faculdade do Samba de Belo Horizonte.<\/p>\n<p>A entidade atua h\u00e1 20 anos na defesa desse g\u00eanero musical em Minas Gerais e passando os ensinamentos dos veteranos para as gera\u00e7\u00f5es mais jovens, com o objetivo de preservar e resgatar a mem\u00f3ria do samba.<\/p>\n<p>&nbsp;<\/p>\n<div id=\"cmsmasters_button_rajg410bmc\" class=\"button_wrap\"><a href=\"https:\/\/www.ufmg.br\/centrocultural\/tag\/festivaldeinverno\/\" class=\"cmsmasters_button cmsmasters_but_clear_styles cmsmasters_but_bg_hover\"><span>MAIS NOT\u00cdCIAS DO FESTIVAL<\/span><\/a><\/div>\n<\/div>\n<\/div><\/div>\n<\/div>\n<\/div>\n<\/div>\n<\/div>\n<\/div>\n<div id=\"cmsmasters_row_v1ri8506mr\" class=\"cmsmasters_row cmsmasters_color_scheme_default cmsmasters_row_top_default cmsmasters_row_bot_default cmsmasters_row_boxed\">\n<div class=\"cmsmasters_row_outer_parent\">\n<div class=\"cmsmasters_row_outer\">\n<div class=\"cmsmasters_row_inner\">\n<div class=\"cmsmasters_row_margin\">\n<div id=\"cmsmasters_column_e5h8luzpnn\" class=\"cmsmasters_column one_first\">\n<div class=\"cmsmasters_column_inner\">\n<div id=\"cmsmasters_divider_jb3l7kcm5d\" class=\"cmsmasters_divider cmsmasters_divider_width_long cmsmasters_divider_pos_center\"><\/div>\n<\/div><\/div>\n<\/div>\n<\/div>\n<\/div>\n<\/div>\n<\/div>\n<div id=\"cmsmasters_row_7sazgo8obk\" class=\"cmsmasters_row cmsmasters_color_scheme_default cmsmasters_row_top_default cmsmasters_row_bot_default cmsmasters_row_boxed\">\n<div class=\"cmsmasters_row_outer_parent\">\n<div class=\"cmsmasters_row_outer\">\n<div class=\"cmsmasters_row_inner\">\n<div class=\"cmsmasters_row_margin\">\n<div id=\"cmsmasters_column_u4bzvrr1i\" class=\"cmsmasters_column one_first\">\n<div class=\"cmsmasters_column_inner\"><div class=\"cmsmasters_text\">\n<p><strong>Show da Velha Guarda do Samba<\/strong><br \/>\n<em>Evento do 54\u00ba Festival de Inverno da UFMG<\/em><\/p>\n<p>Data: 22 de julho de 2022<br \/>\nHor\u00e1rio: 21h<br \/>\nEntrada gratuita<br \/>\nClassifica\u00e7\u00e3o indicativa: livre<br \/>\nLocal: P\u00e1tio interno do Centro Cultural UFMG<br \/>\nEndere\u00e7o: Avenida Santos Dumont &#8211; Centro &#8211; Belo Horizonte<br \/>\n<span style=\"color: #99ccff;\"><a style=\"color: #99ccff;\" href=\"https:\/\/www.google.com.br\/maps\/dir\/\/Av.+Santos+Dumont,+174+-+Centro,+Belo+Horizonte+-+MG,+30111-040\/@-19.9170546,-43.9360151,17z\/data=!4m9!4m8!1m0!1m5!1m1!1s0xa699fbd5aaae01:0xab4780c129fa0883!2m2!1d-43.9353846!2d-19.916266!3e0\">Saiba como chegar<\/a><\/span><\/p>\n<\/div>\n<\/div><\/div>\n<\/div>\n<\/div>\n<\/div>\n<\/div>\n<\/div>\n<div id=\"cmsmasters_row_rox0a9hda\" class=\"cmsmasters_row cmsmasters_color_scheme_default cmsmasters_row_top_default cmsmasters_row_bot_default cmsmasters_row_boxed\">\n<div class=\"cmsmasters_row_outer_parent\">\n<div class=\"cmsmasters_row_outer\">\n<div class=\"cmsmasters_row_inner\">\n<div class=\"cmsmasters_row_margin\">\n<div id=\"cmsmasters_column_xq923dilib\" class=\"cmsmasters_column three_fourth\">\n<div class=\"cmsmasters_column_inner\"><div id=\"cmsmasters_notice_8zq3b97htc\" class=\"cmsmasters_notice cmsmasters_notice_warning cmsmasters-icon-check-1\">\n<a href=\"#\" class=\"notice_close cmsmasters_theme_icon_cancel\"><\/a><div class=\"notice_content\">\n<p>Lembre-se: \u00e9 necess\u00e1rio o uso de m\u00e1scara nos espa\u00e7os do Centro Cultural UFMG mesmo para imunizados<\/p>\n<\/div>\n<\/div>\n<\/div><\/div>\n<div id=\"cmsmasters_column_a8d023okb\" class=\"cmsmasters_column one_fourth\">\n<div class=\"cmsmasters_column_inner\"><\/div><\/div>\n<\/div>\n<\/div>\n<\/div>\n<\/div>\n<\/div>\n\n","protected":false},"excerpt":{"rendered":"","protected":false},"author":5,"featured_media":19267,"comment_status":"closed","ping_status":"closed","sticky":false,"template":"","format":"standard","meta":{"footnotes":""},"categories":[314],"tags":[207,211,48,100],"class_list":["post-19264","post","type-post","status-publish","format-standard","has-post-thumbnail","hentry","category-festivais","tag-festivaldeinverno","tag-musica","tag-show","tag-velhaguardadosamba"],"_links":{"self":[{"href":"https:\/\/www.ufmg.br\/centrocultural\/wp-json\/wp\/v2\/posts\/19264","targetHints":{"allow":["GET"]}}],"collection":[{"href":"https:\/\/www.ufmg.br\/centrocultural\/wp-json\/wp\/v2\/posts"}],"about":[{"href":"https:\/\/www.ufmg.br\/centrocultural\/wp-json\/wp\/v2\/types\/post"}],"author":[{"embeddable":true,"href":"https:\/\/www.ufmg.br\/centrocultural\/wp-json\/wp\/v2\/users\/5"}],"replies":[{"embeddable":true,"href":"https:\/\/www.ufmg.br\/centrocultural\/wp-json\/wp\/v2\/comments?post=19264"}],"version-history":[{"count":5,"href":"https:\/\/www.ufmg.br\/centrocultural\/wp-json\/wp\/v2\/posts\/19264\/revisions"}],"predecessor-version":[{"id":19282,"href":"https:\/\/www.ufmg.br\/centrocultural\/wp-json\/wp\/v2\/posts\/19264\/revisions\/19282"}],"wp:featuredmedia":[{"embeddable":true,"href":"https:\/\/www.ufmg.br\/centrocultural\/wp-json\/wp\/v2\/media\/19267"}],"wp:attachment":[{"href":"https:\/\/www.ufmg.br\/centrocultural\/wp-json\/wp\/v2\/media?parent=19264"}],"wp:term":[{"taxonomy":"category","embeddable":true,"href":"https:\/\/www.ufmg.br\/centrocultural\/wp-json\/wp\/v2\/categories?post=19264"},{"taxonomy":"post_tag","embeddable":true,"href":"https:\/\/www.ufmg.br\/centrocultural\/wp-json\/wp\/v2\/tags?post=19264"}],"curies":[{"name":"wp","href":"https:\/\/api.w.org\/{rel}","templated":true}]}}