{"id":19484,"date":"2022-07-28T12:57:12","date_gmt":"2022-07-28T15:57:12","guid":{"rendered":"https:\/\/www.ufmg.br\/centrocultural\/?p=19484"},"modified":"2023-06-20T08:51:30","modified_gmt":"2023-06-20T11:51:30","slug":"duo-tabacaria-se-apresenta-no-centro-cultural-ufmg","status":"publish","type":"post","link":"https:\/\/www.ufmg.br\/centrocultural\/duo-tabacaria-se-apresenta-no-centro-cultural-ufmg\/","title":{"rendered":"Duo \u2018Tabacaria\u2019 se apresenta no Centro Cultural UFMG"},"content":{"rendered":"<div id=\"cmsmasters_row_\" class=\"cmsmasters_row cmsmasters_color_scheme_default cmsmasters_row_top_default cmsmasters_row_bot_default cmsmasters_row_boxed\">\n<div class=\"cmsmasters_row_outer_parent\">\n<div class=\"cmsmasters_row_outer\">\n<div class=\"cmsmasters_row_inner\">\n<div class=\"cmsmasters_row_margin\">\n<div id=\"cmsmasters_column_\" class=\"cmsmasters_column one_first\">\n<div class=\"cmsmasters_column_inner\"><div class=\"cmsmasters_text\">\n<p>No dia 4 de agosto de 2022, \u00e0s 19h30, o Centro Cultural UFMG recebe os m\u00fasicos Daniel Tamietti (violoncelo, viol\u00e3o e voz) e Lucas Filipe Oliveira (viol\u00e3o e voz) para a apresenta\u00e7\u00e3o \u2018Tabacaria\u2019. A entrada \u00e9 gratuita e integra o projeto Recitais. a classifica\u00e7\u00e3o \u00e9 livre.<\/p>\n<p>Surgido em 2019, o <span style=\"color: #99ccff;\"><a style=\"color: #99ccff;\" href=\"https:\/\/www.facebook.com\/tabacaria.projeto\/\">duo Tabacaria<\/a><\/span> teve o nome inspirado no poema hom\u00f4nimo de Fernando Pessoa. Os artistas se dedicam a criar e tocar can\u00e7\u00f5es que dialogam com diversos g\u00eaneros musicais \u2013 da MPB \u00e0 m\u00fasica eletr\u00f4nica \u2013 sempre por um vi\u00e9s experimental.<\/p>\n<ul>\n<li><span style=\"color: #99ccff;\"><a style=\"color: #99ccff;\" href=\"https:\/\/api.whatsapp.com\/send?text=https:\/\/www.ufmg.br\/centrocultural\/duo-tabacaria-se-apresenta-no-centro-cultural-ufmg\/\">Compartilhe no WhatsApp<\/a><\/span><\/li>\n<li><span style=\"color: #99ccff;\"><a style=\"color: #99ccff;\" href=\"https:\/\/telegram.me\/share\/url?url=%20https:\/\/www.ufmg.br\/centrocultural\/duo-tabacaria-se-apresenta-no-centro-cultural-ufmg\/\">Compartilhe no Telegram<\/a><\/span><\/li>\n<\/ul>\n<p>As can\u00e7\u00f5es autorais \u2018Messalirana\u2019, \u2018Cinema\u2019, \u2018Entre sonhos e&#8230;\u2019, \u2018Can\u00e7\u00e3o do Jequitib\u00e1\u2019, \u2018Meu nome \u00e9 legi\u00e3o\u2019, \u2018Cuidado Concei\u00e7\u00e3o\u2019, \u2018Portas abertas\u2019, \u2018Hora morta\u2019, e \u2018Cinema Russo\u2019 constituem a apresenta\u00e7\u00e3o.<\/p>\n<iframe loading=\"lazy\" title=\"YouTube video player\" src=\"https:\/\/www.youtube.com\/embed\/f7i11czVg-s\" width=\"560\" height=\"315\" frameborder=\"0\" allowfullscreen=\"allowfullscreen\"><\/iframe>\n<p><strong>M\u00fasicos<\/strong><br \/>\nDaniel Tamietti \u00e9 violoncelista multidisciplinar que gosta de improvisar e compor. Estudou violoncelo na UFMG e atualmente \u00e9 mestrando pela mesma institui\u00e7\u00e3o, com orienta\u00e7\u00e3o de <span style=\"color: #99ccff;\"><a style=\"color: #99ccff;\" href=\"http:\/\/somos.ufmg.br\/professor\/fernando-de-oliveira-rocha\">Fernando Rocha<\/a><\/span> e coorienta\u00e7\u00e3o de <span style=\"color: #99ccff;\"><a style=\"color: #99ccff;\" href=\"http:\/\/somos.ufmg.br\/professor\/elise-barbara-pittenger\">Elise Pittenger<\/a><\/span>. Al\u00e9m de se dedicar \u00e0 pesquisa, comp\u00f5e o duo Vastti com Mariana Vasconcelos e o duo Tabacaria com Lucas Filipe.<\/p>\n<p>Lucas Filipe Oliveira \u00e9 compositor formado pela UFMG. Comp\u00f5e m\u00fasica de concerto e can\u00e7\u00e3o popular. J\u00e1 ganhou pr\u00eamios de composi\u00e7\u00e3o dentro e fora do Brasil. Tem parcerias com diversos nomes da nova gera\u00e7\u00e3o de cancionistas de Belo Horizonte, como Thiago Diniz, Davi Fonseca e Daniel Tamietti.<\/p>\n<p><strong>Projeto Recitais<\/strong><br \/>\nO projeto foi desenvolvido para acolher as diversas manifesta\u00e7\u00f5es art\u00edsticas e culturais de artistas que est\u00e3o come\u00e7ando sua trajet\u00f3ria nos palcos e at\u00e9 mesmo os j\u00e1 consagrados, disponibilizando espa\u00e7o de est\u00edmulo e visibilidade para apresentarem seus trabalhos autorais, potencializando suas m\u00faltiplas vozes.<\/p>\n<\/div>\n<\/div><\/div>\n<\/div>\n<\/div>\n<\/div>\n<\/div>\n<\/div>\n<div id=\"cmsmasters_row_3rl9w7rti\" class=\"cmsmasters_row cmsmasters_color_scheme_default cmsmasters_row_top_default cmsmasters_row_bot_default cmsmasters_row_boxed\">\n<div class=\"cmsmasters_row_outer_parent\">\n<div class=\"cmsmasters_row_outer\">\n<div class=\"cmsmasters_row_inner\">\n<div class=\"cmsmasters_row_margin\">\n<div id=\"cmsmasters_column_pr764bhntq\" class=\"cmsmasters_column one_first\">\n<div class=\"cmsmasters_column_inner\">\n<div id=\"cmsmasters_divider_d9qyn5wvhl\" class=\"cmsmasters_divider cmsmasters_divider_width_long cmsmasters_divider_pos_center\"><\/div>\n<\/div><\/div>\n<\/div>\n<\/div>\n<\/div>\n<\/div>\n<\/div>\n<div id=\"cmsmasters_row_mpbt0wvg5d\" class=\"cmsmasters_row cmsmasters_color_scheme_default cmsmasters_row_top_default cmsmasters_row_bot_default cmsmasters_row_boxed\">\n<div class=\"cmsmasters_row_outer_parent\">\n<div class=\"cmsmasters_row_outer\">\n<div class=\"cmsmasters_row_inner\">\n<div class=\"cmsmasters_row_margin\">\n<div id=\"cmsmasters_column_rwwhhwg8us\" class=\"cmsmasters_column one_first\">\n<div class=\"cmsmasters_column_inner\"><div class=\"cmsmasters_text\">\n<p><strong>Tabacaria<\/strong><\/p>\n<p>Duo com Daniel Tamietti e Lucas Filipe Oliveira<br \/>\nData: 04\/08\/2022<br \/>\nHor\u00e1rio: 19h30<br \/>\nEntrada gratuita<br \/>\nClassifica\u00e7\u00e3o livre<br \/>\nLocal: Hall Superior do Centro Cultural UFMG<br \/>\nEndere\u00e7o: Av. Santos Dumont, 174 &#8211; Centro &#8211; BH | MG<br \/>\n<span style=\"color: #99ccff;\"><a style=\"color: #99ccff;\" href=\"https:\/\/www.google.com.br\/maps\/dir\/\/Av.+Santos+Dumont,+174+-+Centro,+Belo+Horizonte+-+MG,+30111-040\/@-19.9170546,-43.9360151,17z\/data=!4m6!4m5!1m0!1m2!1m1!1s0xa699fbd5aaae01:0xab4780c129fa0883!3e0\">Saiba como chegar<\/a><\/span><\/p>\n<\/div>\n<\/div><\/div>\n<\/div>\n<\/div>\n<\/div>\n<\/div>\n<\/div>\n<div id=\"cmsmasters_row_l2mle4qou\" class=\"cmsmasters_row cmsmasters_color_scheme_default cmsmasters_row_top_default cmsmasters_row_bot_default cmsmasters_row_boxed\">\n<div class=\"cmsmasters_row_outer_parent\">\n<div class=\"cmsmasters_row_outer\">\n<div class=\"cmsmasters_row_inner\">\n<div class=\"cmsmasters_row_margin\">\n<div id=\"cmsmasters_column_4mtjg0tb9\" class=\"cmsmasters_column three_fourth\">\n<div class=\"cmsmasters_column_inner\"><div id=\"cmsmasters_notice_8fq2ez44ns\" class=\"cmsmasters_notice cmsmasters_notice_warning cmsmasters-icon-check-1\">\n<a href=\"#\" class=\"notice_close cmsmasters_theme_icon_cancel\"><\/a><div class=\"notice_content\">\n<p>Lembre-se: \u00e9 necess\u00e1rio o uso de m\u00e1scara nos espa\u00e7os do Centro Cultural UFMG mesmo para imunizados<\/p>\n<\/div>\n<\/div>\n<\/div><\/div>\n<div id=\"cmsmasters_column_7qic8e1mfg\" class=\"cmsmasters_column one_fourth\">\n<div class=\"cmsmasters_column_inner\"><\/div><\/div>\n<\/div>\n<\/div>\n<\/div>\n<\/div>\n<\/div>\n\n","protected":false},"excerpt":{"rendered":"","protected":false},"author":5,"featured_media":19489,"comment_status":"closed","ping_status":"closed","sticky":false,"template":"","format":"standard","meta":{"footnotes":""},"categories":[91,81],"tags":[214,335,213,211],"class_list":["post-19484","post","type-post","status-publish","format-standard","has-post-thumbnail","hentry","category-noticias","category-recitais","tag-danieltamietti","tag-duotabacaria","tag-lucasfilipeoliveira","tag-musica"],"_links":{"self":[{"href":"https:\/\/www.ufmg.br\/centrocultural\/wp-json\/wp\/v2\/posts\/19484","targetHints":{"allow":["GET"]}}],"collection":[{"href":"https:\/\/www.ufmg.br\/centrocultural\/wp-json\/wp\/v2\/posts"}],"about":[{"href":"https:\/\/www.ufmg.br\/centrocultural\/wp-json\/wp\/v2\/types\/post"}],"author":[{"embeddable":true,"href":"https:\/\/www.ufmg.br\/centrocultural\/wp-json\/wp\/v2\/users\/5"}],"replies":[{"embeddable":true,"href":"https:\/\/www.ufmg.br\/centrocultural\/wp-json\/wp\/v2\/comments?post=19484"}],"version-history":[{"count":8,"href":"https:\/\/www.ufmg.br\/centrocultural\/wp-json\/wp\/v2\/posts\/19484\/revisions"}],"predecessor-version":[{"id":19495,"href":"https:\/\/www.ufmg.br\/centrocultural\/wp-json\/wp\/v2\/posts\/19484\/revisions\/19495"}],"wp:featuredmedia":[{"embeddable":true,"href":"https:\/\/www.ufmg.br\/centrocultural\/wp-json\/wp\/v2\/media\/19489"}],"wp:attachment":[{"href":"https:\/\/www.ufmg.br\/centrocultural\/wp-json\/wp\/v2\/media?parent=19484"}],"wp:term":[{"taxonomy":"category","embeddable":true,"href":"https:\/\/www.ufmg.br\/centrocultural\/wp-json\/wp\/v2\/categories?post=19484"},{"taxonomy":"post_tag","embeddable":true,"href":"https:\/\/www.ufmg.br\/centrocultural\/wp-json\/wp\/v2\/tags?post=19484"}],"curies":[{"name":"wp","href":"https:\/\/api.w.org\/{rel}","templated":true}]}}