{"id":19970,"date":"2022-08-19T09:54:33","date_gmt":"2022-08-19T12:54:33","guid":{"rendered":"https:\/\/www.ufmg.br\/centrocultural\/?p=19970"},"modified":"2022-09-02T09:25:22","modified_gmt":"2022-09-02T12:25:22","slug":"conflito-de-terra-e-questao-de-genero-entre-mulheres-indigenas-marcam-obras-em-exibicao-no-terceiro-dia-da-mostra-ecofalante","status":"publish","type":"post","link":"https:\/\/www.ufmg.br\/centrocultural\/conflito-de-terra-e-questao-de-genero-entre-mulheres-indigenas-marcam-obras-em-exibicao-no-terceiro-dia-da-mostra-ecofalante\/","title":{"rendered":"Conflito de terra e quest\u00e3o de g\u00eanero entre mulheres ind\u00edgenas marcam obras em exibi\u00e7\u00e3o no terceiro dia da Mostra Ecofalante"},"content":{"rendered":"<div id=\"cmsmasters_row_tenk90n6a4\" class=\"cmsmasters_row cmsmasters_color_scheme_default cmsmasters_row_top_default cmsmasters_row_bot_default cmsmasters_row_boxed\">\n<div class=\"cmsmasters_row_outer_parent\">\n<div class=\"cmsmasters_row_outer\">\n<div class=\"cmsmasters_row_inner\">\n<div class=\"cmsmasters_row_margin\">\n<div id=\"cmsmasters_column_r9b3kgmilj\" class=\"cmsmasters_column one_first\">\n<div class=\"cmsmasters_column_inner\">\n<div class=\"cmsmasters_sharing\">\n<div class=\"share_wrap\">\n<a href=\"https:\/\/twitter.com\/intent\/tweet?text=Check+out+%27Conflito+de+terra+e+quest%C3%A3o+de+g%C3%AAnero+entre+mulheres+ind%C3%ADgenas+marcam+obras+em+exibi%C3%A7%C3%A3o+no+terceiro+dia+da+Mostra+Ecofalante%27+on+Centro+Cultural++UFMG+website&url=https%3A%2F%2Fwww.ufmg.br%2Fcentrocultural%2Fconflito-de-terra-e-questao-de-genero-entre-mulheres-indigenas-marcam-obras-em-exibicao-no-terceiro-dia-da-mostra-ecofalante%2F\" class=\"button cmsmasters-icon-twitter\">Twitter<\/a>\n<\/div>\n<div class=\"share_wrap\">\n<a href=\"https:\/\/www.facebook.com\/sharer\/sharer.php?display=popup&u=https%3A%2F%2Fwww.ufmg.br%2Fcentrocultural%2Fconflito-de-terra-e-questao-de-genero-entre-mulheres-indigenas-marcam-obras-em-exibicao-no-terceiro-dia-da-mostra-ecofalante%2F\" class=\"button cmsmasters-icon-facebook\">Facebook<\/a>\n<\/div>\n<\/div>\n<\/div><\/div>\n<\/div>\n<\/div>\n<\/div>\n<\/div>\n<\/div>\n<div id=\"cmsmasters_row_\" class=\"cmsmasters_row cmsmasters_color_scheme_default cmsmasters_row_top_default cmsmasters_row_bot_default cmsmasters_row_boxed\">\n<div class=\"cmsmasters_row_outer_parent\">\n<div class=\"cmsmasters_row_outer\">\n<div class=\"cmsmasters_row_inner\">\n<div class=\"cmsmasters_row_margin\">\n<div id=\"cmsmasters_column_\" class=\"cmsmasters_column one_first\">\n<div class=\"cmsmasters_column_inner\"><div class=\"cmsmasters_text\">\n<p>Two-Spirit e A m\u00e3e de todas as lutas s\u00e3o as atra\u00e7\u00f5es da quarta-feira, 23 de agosto, da 11\u00aa Mostra Ecofalante de Cinema Ambiental \u2013 Itiner\u00e2ncia Belo Horizonte, em exibi\u00e7\u00e3o no Centro Cultural UFMG. A sess\u00e3o come\u00e7a \u00e0s 19h e tem entrada gratuita.<\/p>\n<ul>\n<li><span style=\"color: #333399;\"><a style=\"color: #333399;\" href=\"https:\/\/api.whatsapp.com\/send?text=https:\/\/www.ufmg.br\/centrocultural\/conflito-de-terra-e-questao-de-genero-entre-mulheres-indigenas-marcam-obras-em-exibicao-no-terceiro-dia-da-mostra-ecofalante\/\">Compartilhe pelo WhatsApp<\/a><\/span><\/li>\n<li><span style=\"color: #333399;\"><a style=\"color: #333399;\" href=\"https:\/\/telegram.me\/share\/url?url=%20https:\/\/www.ufmg.br\/centrocultural\/conflito-de-terra-e-questao-de-genero-entre-mulheres-indigenas-marcam-obras-em-exibicao-no-terceiro-dia-da-mostra-ecofalante\/\">Compartilhe pelo Telegram<\/a><\/span><\/li>\n<\/ul>\n<p>Two-Spirit abre a jornada e traz a hist\u00f3ria de Georgina, uma mulher transg\u00eanero ind\u00edgena, que leva sua vida no deserto, de modo solit\u00e1rio e cruel, pois em sua pequena comunidade na Col\u00f4mbia ningu\u00e9m compreende quem ela \u00e9. A produ\u00e7\u00e3o, colombiana, \u00e9 de 2021 e tem a dire\u00e7\u00e3o de M\u00f3nica Taboada-Tapia.<\/p>\n<iframe loading=\"lazy\" src=\"https:\/\/player.vimeo.com\/video\/583962372?h=4f9598e6b5\" width=\"640\" height=\"360\" frameborder=\"0\" allowfullscreen=\"allowfullscreen\"><\/iframe>\n<p><a href=\"https:\/\/vimeo.com\/583962372\">MTL_TRAILER.mp4<\/a> from <a href=\"https:\/\/vimeo.com\/modooperante\">Modo Operante Produ\u00e7\u00f5es<\/a> on <a href=\"https:\/\/vimeo.com\">Vimeo<\/a>.<\/p>\n<p>A segunda atra\u00e7\u00e3o da noite \u00e9 o document\u00e1rio brasileiro A m\u00e3e de todas as lutas. A exibi\u00e7\u00e3o come\u00e7a \u00e0s 19h52. A partir de uma \u00f3tica \u00edntima e feminina, o filme acompanha a trajet\u00f3ria de duas mulheres \u00e0 frente da luta por terra no Brasil: Shirley Krenak e Maria Zelzuita. A primeira carrega as tradi\u00e7\u00f5es das guerreiras Krenak, de Minas Gerais, e a segunda \u00e9 sobrevivente do massacre de Eldorado dos Caraj\u00e1s, no Par\u00e1.<\/p>\n<p><strong>A mostra<\/strong><\/p>\n<p>A <span style=\"color: #333399;\"><a style=\"color: #333399;\" href=\"https:\/\/ecofalante.org.br\/blog\/belo-horizonte-2022\/\">Mostra Ecofalante<\/a><\/span> integra a programa\u00e7\u00e3o do <span style=\"color: #333399;\"><a style=\"color: #333399;\" href=\"https:\/\/www.ufmg.br\/centrocultural\/project\/cinecentro\/\">CineCentro<\/a> <\/span>e marca a retomada das exibi\u00e7\u00f5es presencias, entre os dias 22 e 31 de agosto de 2022, no Centro Cultural UFMG. A iniciativa \u00e9 organizada pela Ecofalante, ONG que atua nas \u00e1reas da cultura, educa\u00e7\u00e3o e sustentabilidade, produzindo filmes, document\u00e1rios e programas de televis\u00e3o de car\u00e1ter cultural, educativo e socioambiental.<\/p>\n<h4>Programa\u00e7\u00e3o<\/h4>\n<p><strong>24 de agosto<\/strong><\/p>\n<p>19h \u2013 Two-Spirit<br \/>\n2021| 16 anos | 52\u2019| Document\u00e1rio | Dire\u00e7\u00e3o: M\u00f3nica Taboada-Tapia | Col\u00f4mbia | Legendado<\/p>\n<p>19h52 \u2013 A m\u00e3e de todas as lutas<br \/>\n2021 | 14 anos | 84\u2019 | Document\u00e1rio | Dire\u00e7\u00e3o: Susanna Lira | Brasil<\/p>\n<\/div>\n<\/div><\/div>\n<\/div>\n<\/div>\n<\/div>\n<\/div>\n<\/div>\n<div id=\"cmsmasters_row_wha2rpdsmw\" class=\"cmsmasters_row cmsmasters_color_scheme_default cmsmasters_row_top_default cmsmasters_row_bot_default cmsmasters_row_boxed\">\n<div class=\"cmsmasters_row_outer_parent\">\n<div class=\"cmsmasters_row_outer\">\n<div class=\"cmsmasters_row_inner\">\n<div class=\"cmsmasters_row_margin\">\n<div id=\"cmsmasters_column_xf8z5p9ev\" class=\"cmsmasters_column one_first\">\n<div class=\"cmsmasters_column_inner\">\n<div id=\"cmsmasters_divider_84c87d02mg\" class=\"cmsmasters_divider cmsmasters_divider_width_long cmsmasters_divider_pos_center\"><\/div>\n<\/div><\/div>\n<\/div>\n<\/div>\n<\/div>\n<\/div>\n<\/div>\n<div id=\"cmsmasters_row_d3ta1onrq\" class=\"cmsmasters_row cmsmasters_color_scheme_default cmsmasters_row_top_default cmsmasters_row_bot_default cmsmasters_row_boxed\">\n<div class=\"cmsmasters_row_outer_parent\">\n<div class=\"cmsmasters_row_outer\">\n<div class=\"cmsmasters_row_inner\">\n<div class=\"cmsmasters_row_margin\">\n<div id=\"cmsmasters_column_c3e2bnb1ow\" class=\"cmsmasters_column one_first\">\n<div class=\"cmsmasters_column_inner\"><div class=\"cmsmasters_text\">\n<p><strong>11\u00aa Mostra Ecofalante de Cinema no CCult<\/strong><\/p>\n<p>Per\u00edodo: 22 a 31 de agosto de 2022<br \/>\nClassifica\u00e7\u00e3o indicativa: consulte cada filme<br \/>\nEntrada gratuita<br \/>\nLocal: audit\u00f3rio do Centro Cultural UFMG<br \/>\nEndere\u00e7o: Av. Santos Dumont 174 \u2013 Centro \u2013 Belo Horizonte<br \/>\n<a href=\"https:\/\/www.google.com.br\/maps\/dir\/\/Av.+Santos+Dumont,+174+-+Centro,+Belo+Horizonte+-+MG,+30111-040\/@-19.9170546,-43.9360151,17z\/data=!4m9!4m8!1m0!1m5!1m1!1s0xa699fbd5aaae01:0xab4780c129fa0883!2m2!1d-43.9353846!2d-19.916266!3e0\">Saiba como chegar<\/a><\/p>\n<p>&nbsp;<\/p>\n<div id=\"cmsmasters_button_7u5bfgfirg\" class=\"button_wrap\"><a href=\"https:\/\/www.ufmg.br\/centrocultural\/11a-mostra-ecofalante-de-cinema-ambiental-abre-em-22-de-agosto-no-centro-cultural-ufmg\/\" class=\"cmsmasters_button cmsmasters_but_clear_styles cmsmasters_but_bg_hover\"><span>PROGRAMA\u00c7\u00c3O E +<\/span><\/a><\/div>\n<\/div>\n<\/div><\/div>\n<\/div>\n<\/div>\n<\/div>\n<\/div>\n<\/div>\n<div id=\"cmsmasters_row_nc0kwcu2gp\" class=\"cmsmasters_row cmsmasters_color_scheme_default cmsmasters_row_top_default cmsmasters_row_bot_default cmsmasters_row_boxed\">\n<div class=\"cmsmasters_row_outer_parent\">\n<div class=\"cmsmasters_row_outer\">\n<div class=\"cmsmasters_row_inner\">\n<div class=\"cmsmasters_row_margin\">\n<div id=\"cmsmasters_column_zn7k0ym3pd\" class=\"cmsmasters_column one_first\">\n<div class=\"cmsmasters_column_inner\"><div id=\"cmsmasters_notice_q9z4y527xv\" class=\"cmsmasters_notice cmsmasters_notice_warning cmsmasters-icon-check-1\">\n<a href=\"#\" class=\"notice_close cmsmasters_theme_icon_cancel\"><\/a><div class=\"notice_content\">\n<p>Lembre-se: \u00e9 necess\u00e1rio o uso de m\u00e1scara nos espa\u00e7os do Centro Cultural UFMG mesmo para imunizados<\/p>\n<\/div>\n<\/div>\n<\/div><\/div>\n<\/div>\n<\/div>\n<\/div>\n<\/div>\n<\/div>\n\n","protected":false},"excerpt":{"rendered":"","protected":false},"author":8,"featured_media":19974,"comment_status":"closed","ping_status":"closed","sticky":false,"template":"","format":"standard","meta":{"footnotes":""},"categories":[55,91],"tags":[57,331,353,342,178,354],"class_list":["post-19970","post","type-post","status-publish","format-standard","has-post-thumbnail","hentry","category-cinecentro","category-noticias","tag-cinecentro","tag-cinemaambiental","tag-genero","tag-mostraecofalante","tag-mulheres","tag-povosindigenas"],"_links":{"self":[{"href":"https:\/\/www.ufmg.br\/centrocultural\/wp-json\/wp\/v2\/posts\/19970","targetHints":{"allow":["GET"]}}],"collection":[{"href":"https:\/\/www.ufmg.br\/centrocultural\/wp-json\/wp\/v2\/posts"}],"about":[{"href":"https:\/\/www.ufmg.br\/centrocultural\/wp-json\/wp\/v2\/types\/post"}],"author":[{"embeddable":true,"href":"https:\/\/www.ufmg.br\/centrocultural\/wp-json\/wp\/v2\/users\/8"}],"replies":[{"embeddable":true,"href":"https:\/\/www.ufmg.br\/centrocultural\/wp-json\/wp\/v2\/comments?post=19970"}],"version-history":[{"count":6,"href":"https:\/\/www.ufmg.br\/centrocultural\/wp-json\/wp\/v2\/posts\/19970\/revisions"}],"predecessor-version":[{"id":20005,"href":"https:\/\/www.ufmg.br\/centrocultural\/wp-json\/wp\/v2\/posts\/19970\/revisions\/20005"}],"wp:featuredmedia":[{"embeddable":true,"href":"https:\/\/www.ufmg.br\/centrocultural\/wp-json\/wp\/v2\/media\/19974"}],"wp:attachment":[{"href":"https:\/\/www.ufmg.br\/centrocultural\/wp-json\/wp\/v2\/media?parent=19970"}],"wp:term":[{"taxonomy":"category","embeddable":true,"href":"https:\/\/www.ufmg.br\/centrocultural\/wp-json\/wp\/v2\/categories?post=19970"},{"taxonomy":"post_tag","embeddable":true,"href":"https:\/\/www.ufmg.br\/centrocultural\/wp-json\/wp\/v2\/tags?post=19970"}],"curies":[{"name":"wp","href":"https:\/\/api.w.org\/{rel}","templated":true}]}}