{"id":20425,"date":"2022-09-16T14:12:20","date_gmt":"2022-09-16T17:12:20","guid":{"rendered":"https:\/\/www.ufmg.br\/centrocultural\/?p=20425"},"modified":"2023-06-20T09:14:42","modified_gmt":"2023-06-20T12:14:42","slug":"artistas-sobrepoem-suas-producoes-em-exposicao-coletiva-como-se-fosse-agora","status":"publish","type":"post","link":"https:\/\/www.ufmg.br\/centrocultural\/artistas-sobrepoem-suas-producoes-em-exposicao-coletiva-como-se-fosse-agora\/","title":{"rendered":"Artistas sobrep\u00f5em suas produ\u00e7\u00f5es em exposi\u00e7\u00e3o coletiva \u2018como se fosse agora\u2019"},"content":{"rendered":"<div id=\"cmsmasters_row_a9byfihghf\" class=\"cmsmasters_row cmsmasters_color_scheme_default cmsmasters_row_top_default cmsmasters_row_bot_default cmsmasters_row_boxed\">\n<div class=\"cmsmasters_row_outer_parent\">\n<div class=\"cmsmasters_row_outer\">\n<div class=\"cmsmasters_row_inner\">\n<div class=\"cmsmasters_row_margin\">\n<div id=\"cmsmasters_column_k2pffjm038\" class=\"cmsmasters_column one_first\">\n<div class=\"cmsmasters_column_inner\">\n<div class=\"cmsmasters_sharing\">\n<div class=\"share_wrap\">\n<a href=\"https:\/\/twitter.com\/intent\/tweet?text=Check+out+%27Artistas+sobrep%C3%B5em+suas+produ%C3%A7%C3%B5es+em+exposi%C3%A7%C3%A3o+coletiva+%E2%80%98como+se+fosse+agora%E2%80%99%27+on+Centro+Cultural++UFMG+website&url=https%3A%2F%2Fwww.ufmg.br%2Fcentrocultural%2Fartistas-sobrepoem-suas-producoes-em-exposicao-coletiva-como-se-fosse-agora%2F\" class=\"button cmsmasters-icon-twitter\">Twitter<\/a>\n<\/div>\n<div class=\"share_wrap\">\n<a href=\"https:\/\/www.facebook.com\/sharer\/sharer.php?display=popup&u=https%3A%2F%2Fwww.ufmg.br%2Fcentrocultural%2Fartistas-sobrepoem-suas-producoes-em-exposicao-coletiva-como-se-fosse-agora%2F\" class=\"button cmsmasters-icon-facebook\">Facebook<\/a>\n<\/div>\n<\/div>\n<\/div><\/div>\n<\/div>\n<\/div>\n<\/div>\n<\/div>\n<\/div>\n<div id=\"cmsmasters_row_\" class=\"cmsmasters_row cmsmasters_color_scheme_default cmsmasters_row_top_default cmsmasters_row_bot_default cmsmasters_row_boxed\">\n<div class=\"cmsmasters_row_outer_parent\">\n<div class=\"cmsmasters_row_outer\">\n<div class=\"cmsmasters_row_inner\">\n<div class=\"cmsmasters_row_margin\">\n<div id=\"cmsmasters_column_\" class=\"cmsmasters_column one_first\">\n<div class=\"cmsmasters_column_inner\"><div class=\"cmsmasters_text\">\n<p>O Centro Cultural UFMG convida para a abertura da exposi\u00e7\u00e3o coletiva \u2018como se fosse agora\u2019, das artistas J\u00falia Abdalla, Lara Mortimer e Vict\u00f3ria Sofia, na sexta-feira, dia 23 de setembro de 2022, \u00e0s 19 horas. A mostra re\u00fane desenhos, fotografias, colagens, gravuras e instala\u00e7\u00f5es e poder\u00e1 ser vista at\u00e9 o dia 30 de outubro de 2022. A entrada \u00e9 gratuita com classifica\u00e7\u00e3o livre.<\/p>\n<p>Este momento, agora, \u00e9 mais passado ou mais presente? O ac\u00famulo dos anos transforma, altera a mat\u00e9ria e o rastro do que fica pode ser somente sinalizado pela mem\u00f3ria. Mem\u00f3ria daquilo que foi, daquilo que seria, daquilo que vir\u00e1 a ser.<\/p>\n<ul>\n<li><span style=\"color: #333399;\"><a style=\"color: #333399;\" href=\"https:\/\/api.whatsapp.com\/send?text=https:\/\/www.ufmg.br\/centrocultural\/artistas-sobrepoem-suas-producoes-em-exposicao-coletiva-como-se-fosse-agora\/\">Compartilhe pelo WhatsApp<\/a><\/span><\/li>\n<li><span style=\"color: #333399;\"><a style=\"color: #333399;\" href=\"https:\/\/telegram.me\/share\/url?url=%20https:\/\/www.ufmg.br\/centrocultural\/artistas-sobrepoem-suas-producoes-em-exposicao-coletiva-como-se-fosse-agora\/\">Compartilhe pelo Telegram<\/a><\/span><\/li>\n<\/ul>\n<p>Profundamente atravessadas pelos \u00faltimos anos, em que a presen\u00e7a precisou ser interrompida, J\u00falia, Lara e Vict\u00f3ria apresentam neste instante de vida a exposi\u00e7\u00e3o coletiva \u2018como se fosse agora\u2019, com trabalhos reconfigurados e in\u00e9ditos, sobreposi\u00e7\u00f5es entre a produ\u00e7\u00e3o das tr\u00eas artistas e obras ef\u00eameras.<\/p>\n<p>Assumindo a inevit\u00e1vel metamorfose, tamb\u00e9m, da forma como o pensamento se constr\u00f3i, a mostra deixa em aberto um processo criativo cont\u00ednuo que tem momentos de hiato e de fazer intenso, como mortes e renascimentos.<\/p>\n<ul>\n<li><span style=\"color: #333399;\"><a style=\"color: #333399;\" href=\"https:\/\/www.ufmg.br\/centrocultural\/wp-content\/uploads\/2022\/09\/Convite-como-se-fosse-agora.png\">Acesse o convite da exposi\u00e7\u00e3o<\/a><\/span><\/li>\n<\/ul>\n<p><strong>Artistas<\/strong><\/p>\n<p>J\u00falia Abdalla \u00e9 graduanda em Licenciatura em Artes Visuais pela UFMG. Nasceu em Franca, S\u00e3o Paulo e vive em Belo Horizonte. Explora os meios da gravura e do desenho na tentativa de registrar experi\u00eancias internas e pensamentos ininterruptos que nascem do cotidiano &#8220;banal&#8221;. Participou de diversas exposi\u00e7\u00f5es coletivas, \u00e9 artista residente no Centro Cultural UFMG como membro do grupo de estudos Rebento e tem experi\u00eancias em Arte Educa\u00e7\u00e3o.<\/p>\n<p>Lara Mortimer \u00e9 natural de Belo Horizonte, formada em desenho pelo curso de Artes Visuais da UFMG. Pelo interesse em criar e refletir as interse\u00e7\u00f5es entre as linguagens, seus trabalhos partem de t\u00e9cnicas variadas como o desenho, monotipia, fotografia e v\u00eddeo. Atualmente desenvolve sua pesquisa imag\u00e9tica acerca da ideia de paisagem (re)constru\u00edda em conson\u00e2ncia com o corpo em seus movimentos de olhar, reconhecer, pensar e lembrar. Participou de exposi\u00e7\u00f5es coletivas em Belo Horizonte, \u00e9 artista residente no Centro Cultural UFMG como membro do grupo de estudos Rebento e j\u00e1 ministrou, individual e coletivamente, oficinas de arte e comunica\u00e7\u00e3o.<\/p>\n<p>Vict\u00f3ria Sofia \u00e9 artista visual natural de Belo Horizonte, graduada em Artes Visuais pela UFMG, habilita\u00e7\u00e3o em Desenho. Interessada pela manifesta\u00e7\u00e3o visual da passagem do tempo utiliza t\u00e9cnicas como texto, imagem gr\u00e1fica, desenho, fotografia e degrada\u00e7\u00e3o org\u00e2nica para construir e destruir imagens. Participou de diversas exposi\u00e7\u00f5es coletivas e resid\u00eancias em Belo Horizonte, al\u00e9m de possuir experi\u00eancia profissional com educativo em institui\u00e7\u00f5es culturais.<\/p>\n<p><sup>[Foto: Detalhe. Sem t\u00edtulo &#8211; Lara Mortimer e Vict\u00f3ria Sofia]<\/sup><\/p>\n<\/div>\n<\/div><\/div>\n<\/div>\n<\/div>\n<\/div>\n<\/div>\n<\/div>\n<div id=\"cmsmasters_row_xgayluj3j\" class=\"cmsmasters_row cmsmasters_color_scheme_default cmsmasters_row_top_default cmsmasters_row_bot_default cmsmasters_row_boxed\">\n<div class=\"cmsmasters_row_outer_parent\">\n<div class=\"cmsmasters_row_outer\">\n<div class=\"cmsmasters_row_inner\">\n<div class=\"cmsmasters_row_margin\">\n<div id=\"cmsmasters_column_kf1fdixd49\" class=\"cmsmasters_column one_first\">\n<div class=\"cmsmasters_column_inner\">\n<div id=\"cmsmasters_divider_8gkq6afc2g\" class=\"cmsmasters_divider cmsmasters_divider_width_long cmsmasters_divider_pos_center\"><\/div>\n<\/div><\/div>\n<\/div>\n<\/div>\n<\/div>\n<\/div>\n<\/div>\n<div id=\"cmsmasters_row_0t57nfh65\" class=\"cmsmasters_row cmsmasters_color_scheme_default cmsmasters_row_top_default cmsmasters_row_bot_default cmsmasters_row_boxed\">\n<div class=\"cmsmasters_row_outer_parent\">\n<div class=\"cmsmasters_row_outer\">\n<div class=\"cmsmasters_row_inner\">\n<div class=\"cmsmasters_row_margin\">\n<div id=\"cmsmasters_column_9s707kby5k\" class=\"cmsmasters_column one_first\">\n<div class=\"cmsmasters_column_inner\"><div class=\"cmsmasters_text\">\n<p><strong>Exposi\u00e7\u00e3o coletiva \u2018como se fosse agora\u2019<\/strong><\/p>\n<p>Abertura: 23 de setembro de 2022 | \u00e0s 19 horas<br \/>\nVisita\u00e7\u00e3o: at\u00e9 o dia 30\/10\/2022<br \/>\nTer\u00e7as a sextas: 9h \u00e0s 20h<br \/>\nS\u00e1bados, domingos e feriados: 9h \u00e0s 17h<br \/>\nClassifica\u00e7\u00e3o indicativa: livre<br \/>\nEntrada gratuita<br \/>\nSala Ana Horta do Centro Cultural UFMG<br \/>\nEndere\u00e7o: Avenida Santos Dumont 174 &#8211; Centro &#8211; Belo Horizonte &#8211; MG<br \/>\n<span style=\"color: #333399;\"><a style=\"color: #333399;\" href=\"https:\/\/www.google.com.br\/maps\/dir\/\/Av.+Santos+Dumont,+174+-+Centro,+Belo+Horizonte+-+MG,+30111-040\/@-19.9170546,-43.9360151,17z\/data=!4m6!4m5!1m0!1m2!1m1!1s0xa699fbd5aaae01:0xab4780c129fa0883!3e0\">Acesse rotas e meios de transporte para chegar<\/a><\/span><\/p>\n<\/div>\n<\/div><\/div>\n<\/div>\n<\/div>\n<\/div>\n<\/div>\n<\/div>\n<div id=\"cmsmasters_row_v195g0k8rm\" class=\"cmsmasters_row cmsmasters_color_scheme_default cmsmasters_row_top_default cmsmasters_row_bot_default cmsmasters_row_boxed\">\n<div class=\"cmsmasters_row_outer_parent\">\n<div class=\"cmsmasters_row_outer\">\n<div class=\"cmsmasters_row_inner\">\n<div class=\"cmsmasters_row_margin\">\n<div id=\"cmsmasters_column_zp4z2caea\" class=\"cmsmasters_column three_fourth\">\n<div class=\"cmsmasters_column_inner\"><div id=\"cmsmasters_notice_01s9t6vxda\" class=\"cmsmasters_notice cmsmasters_notice_warning cmsmasters-icon-check-1\">\n<a href=\"#\" class=\"notice_close cmsmasters_theme_icon_cancel\"><\/a><div class=\"notice_content\">\n<p>Lembre-se: \u00e9 necess\u00e1rio o uso de m\u00e1scara nos espa\u00e7os do Centro Cultural UFMG mesmo para imunizados<\/p>\n<\/div>\n<\/div>\n<\/div><\/div>\n<div id=\"cmsmasters_column_m4vxlwee2\" class=\"cmsmasters_column one_fourth\">\n<div class=\"cmsmasters_column_inner\"><\/div><\/div>\n<\/div>\n<\/div>\n<\/div>\n<\/div>\n<\/div>\n\n","protected":false},"excerpt":{"rendered":"","protected":false},"author":5,"featured_media":20430,"comment_status":"closed","ping_status":"closed","sticky":false,"template":"","format":"standard","meta":{"footnotes":""},"categories":[121,91],"tags":[163,122],"class_list":["post-20425","post","type-post","status-publish","format-standard","has-post-thumbnail","hentry","category-exposicoes","category-noticias","tag-arte","tag-exposicao"],"_links":{"self":[{"href":"https:\/\/www.ufmg.br\/centrocultural\/wp-json\/wp\/v2\/posts\/20425","targetHints":{"allow":["GET"]}}],"collection":[{"href":"https:\/\/www.ufmg.br\/centrocultural\/wp-json\/wp\/v2\/posts"}],"about":[{"href":"https:\/\/www.ufmg.br\/centrocultural\/wp-json\/wp\/v2\/types\/post"}],"author":[{"embeddable":true,"href":"https:\/\/www.ufmg.br\/centrocultural\/wp-json\/wp\/v2\/users\/5"}],"replies":[{"embeddable":true,"href":"https:\/\/www.ufmg.br\/centrocultural\/wp-json\/wp\/v2\/comments?post=20425"}],"version-history":[{"count":8,"href":"https:\/\/www.ufmg.br\/centrocultural\/wp-json\/wp\/v2\/posts\/20425\/revisions"}],"predecessor-version":[{"id":20435,"href":"https:\/\/www.ufmg.br\/centrocultural\/wp-json\/wp\/v2\/posts\/20425\/revisions\/20435"}],"wp:featuredmedia":[{"embeddable":true,"href":"https:\/\/www.ufmg.br\/centrocultural\/wp-json\/wp\/v2\/media\/20430"}],"wp:attachment":[{"href":"https:\/\/www.ufmg.br\/centrocultural\/wp-json\/wp\/v2\/media?parent=20425"}],"wp:term":[{"taxonomy":"category","embeddable":true,"href":"https:\/\/www.ufmg.br\/centrocultural\/wp-json\/wp\/v2\/categories?post=20425"},{"taxonomy":"post_tag","embeddable":true,"href":"https:\/\/www.ufmg.br\/centrocultural\/wp-json\/wp\/v2\/tags?post=20425"}],"curies":[{"name":"wp","href":"https:\/\/api.w.org\/{rel}","templated":true}]}}