{"id":20438,"date":"2022-09-18T21:28:18","date_gmt":"2022-09-19T00:28:18","guid":{"rendered":"https:\/\/www.ufmg.br\/centrocultural\/?p=20438"},"modified":"2023-06-20T09:14:07","modified_gmt":"2023-06-20T12:14:07","slug":"dyana-santos-expoe-esculturas-corporais-vestiveis-em-metal","status":"publish","type":"post","link":"https:\/\/www.ufmg.br\/centrocultural\/dyana-santos-expoe-esculturas-corporais-vestiveis-em-metal\/","title":{"rendered":"Dyana Santos exp\u00f5e esculturas corporais vest\u00edveis em metal"},"content":{"rendered":"<div id=\"cmsmasters_row_3w7vxv63te\" class=\"cmsmasters_row cmsmasters_color_scheme_default cmsmasters_row_top_default cmsmasters_row_bot_default cmsmasters_row_boxed\">\n<div class=\"cmsmasters_row_outer_parent\">\n<div class=\"cmsmasters_row_outer\">\n<div class=\"cmsmasters_row_inner\">\n<div class=\"cmsmasters_row_margin\">\n<div id=\"cmsmasters_column_bdxuhswh08\" class=\"cmsmasters_column one_first\">\n<div class=\"cmsmasters_column_inner\">\n<div class=\"cmsmasters_sharing\">\n<div class=\"share_wrap\">\n<a href=\"https:\/\/twitter.com\/intent\/tweet?text=Check+out+%27Dyana+Santos+exp%C3%B5e+esculturas+corporais+vest%C3%ADveis+em+metal%27+on+Centro+Cultural++UFMG+website&url=https%3A%2F%2Fwww.ufmg.br%2Fcentrocultural%2Fdyana-santos-expoe-esculturas-corporais-vestiveis-em-metal%2F\" class=\"button cmsmasters-icon-twitter\">Twitter<\/a>\n<\/div>\n<div class=\"share_wrap\">\n<a href=\"https:\/\/www.facebook.com\/sharer\/sharer.php?display=popup&u=https%3A%2F%2Fwww.ufmg.br%2Fcentrocultural%2Fdyana-santos-expoe-esculturas-corporais-vestiveis-em-metal%2F\" class=\"button cmsmasters-icon-facebook\">Facebook<\/a>\n<\/div>\n<\/div>\n<\/div><\/div>\n<\/div>\n<\/div>\n<\/div>\n<\/div>\n<\/div>\n<div id=\"cmsmasters_row_\" class=\"cmsmasters_row cmsmasters_color_scheme_default cmsmasters_row_top_default cmsmasters_row_bot_default cmsmasters_row_boxed\">\n<div class=\"cmsmasters_row_outer_parent\">\n<div class=\"cmsmasters_row_outer\">\n<div class=\"cmsmasters_row_inner\">\n<div class=\"cmsmasters_row_margin\">\n<div id=\"cmsmasters_column_\" class=\"cmsmasters_column one_first\">\n<div class=\"cmsmasters_column_inner\"><div class=\"cmsmasters_text\">\n<p>O Centro Cultural UFMG convida para a abertura da exposi\u00e7\u00e3o \u2018Cris\u00e1lida: fissuras reminiscentes\u2019,\u00a0da artista Dyana Santos, na sexta-feira, dia 23 de setembro de 2022, \u00e0s 19 horas. A mostra re\u00fane um conjunto de esculturas corporais vest\u00edveis em metal e poder\u00e1 ser vista at\u00e9 o dia 30 de outubro de 2022. A entrada \u00e9 gratuita com classifica\u00e7\u00e3o livre.<\/p>\n<p>Em \u2018Cris\u00e1lida: fissuras reminiscentes\u2019, Dyana Santos exp\u00f5e s\u00e9ries de esculturas vest\u00edveis realizadas principalmente a partir de chapas de a\u00e7o oxidado, cobre e das medidas anat\u00f4micas de seu corpo. As obras nascem da necessidade da artista de verter, sob a forma de imagens, reflex\u00f5es acerca das viol\u00eancias estruturantes de um sistema e Brasil neoliberal, patriarcal e, em muitos aspectos, ainda colonial, que atravessam seu corpo e sua exist\u00eancia.<\/p>\n<p><strong>Grito<\/strong><\/p>\n<p>\u201cMuitas vezes meus trabalhos nascem da dor e da necessidade de gritar para o mundo sobre as feridas estruturais e sist\u00eamicas que tangem a minha pr\u00f3pria exist\u00eancia\u201d, diz a artista.<\/p>\n<p>Para ela, durante esse processo, o fazer art\u00edstico adquire uma dimens\u00e3o quase espiritual, como se esse grito fosse tamb\u00e9m uma ora\u00e7\u00e3o. Dyana ressalta que n\u00e3o tem o desejo do culto \u00e0 dor e o que lhe move \u00e9 uma necessidade de resist\u00eancia a ela, um anseio de transcend\u00ea-la e a esperan\u00e7a futura de sua cura.<\/p>\n<p>O recorte de seus trabalhos se insere dentro do contexto de pesquisas escult\u00f3ricas e tridimensionais que vem desenvolvendo desde 2014 e que envolvem processos de fatura pr\u00f3ximos ao universo da costura \u2013\u00a0tanto nas t\u00e9cnicas de modelagem\/planifica\u00e7\u00e3o no metal das pe\u00e7as anat\u00f4micas que comp\u00f5em as esculturas quanto na fixa\u00e7\u00e3o das mesmas por meio de pontos de rebites ou fios de cobre.<\/p>\n<p><strong>A artista<\/strong><\/p>\n<p>Dyana Santos\u00a0\u00e9 uma artista e pesquisadora mineira e contagense, doutoranda pela Escola de Belas Artes da UFMG. Suas pesquisas partem de suas viv\u00eancias e se expandem em reflex\u00f5es acerca de aspectos sociais e estruturais, que envolvem, principalmente, a intersec\u00e7\u00e3o entre classe econ\u00f4mica, g\u00eanero, sexualidade e racializa\u00e7\u00e3o. Atualmente tem se dedicado \u00e0s linguagens da instala\u00e7\u00e3o, objetos e esculturas, em que parte das medidas anat\u00f4micas de seu corpo para desenvolver estruturas em a\u00e7o e cobre. Possui trabalhos nos acervos do Museu de Arte Contempor\u00e2nea de Jata\u00ed, no Centro Cultural de Contagem e na Casa de Cultura Maestro Dungas, em Itabirito, sendo reconhecidos com men\u00e7\u00e3o honrosa e pr\u00eamio aquisitivo como primeiro lugar em sal\u00f5es de arte nas respectivas cidades.<\/p>\n<\/div>\n<\/div><\/div>\n<\/div>\n<\/div>\n<\/div>\n<\/div>\n<\/div>\n<div id=\"cmsmasters_row_pnudv0y66\" class=\"cmsmasters_row cmsmasters_color_scheme_default cmsmasters_row_top_default cmsmasters_row_bot_default cmsmasters_row_boxed\">\n<div class=\"cmsmasters_row_outer_parent\">\n<div class=\"cmsmasters_row_outer\">\n<div class=\"cmsmasters_row_inner\">\n<div class=\"cmsmasters_row_margin\">\n<div id=\"cmsmasters_column_8acx6g4pim\" class=\"cmsmasters_column one_first\">\n<div class=\"cmsmasters_column_inner\">\n<div id=\"cmsmasters_divider_pqvjz9zy7f\" class=\"cmsmasters_divider cmsmasters_divider_width_long cmsmasters_divider_pos_center\"><\/div>\n<\/div><\/div>\n<\/div>\n<\/div>\n<\/div>\n<\/div>\n<\/div>\n<div id=\"cmsmasters_row_pdgimsrjob\" class=\"cmsmasters_row cmsmasters_color_scheme_default cmsmasters_row_top_default cmsmasters_row_bot_default cmsmasters_row_boxed\">\n<div class=\"cmsmasters_row_outer_parent\">\n<div class=\"cmsmasters_row_outer\">\n<div class=\"cmsmasters_row_inner\">\n<div class=\"cmsmasters_row_margin\">\n<div id=\"cmsmasters_column_l6jyybdbm7\" class=\"cmsmasters_column one_first\">\n<div class=\"cmsmasters_column_inner\"><div class=\"cmsmasters_text\">\n<p><strong>Exposi\u00e7\u00e3o<\/strong> \u2018<strong>Cris\u00e1lida<\/strong>: <strong>fissuras<\/strong> <strong>reminiscentes<\/strong>\u2019 \u2013 <strong>Dyana<\/strong> <strong>Santos<\/strong><\/p>\n<p>Abertura: 23 de setembro de 2022 | \u00e0s 19 horas<\/p>\n<p>Visita\u00e7\u00e3o: at\u00e9 o dia 30\/10\/2022<\/p>\n<p>Ter\u00e7as a sextas: 9h \u00e0s 20h<\/p>\n<p>S\u00e1bados, domingos e feriados: 9h \u00e0s 17h<\/p>\n<p>Classifica\u00e7\u00e3o indicativa: livre<\/p>\n<p>Entrada gratuita<\/p>\n<p>Sala Celso Renato do Centro Cultural UFMG<\/p>\n<p>Endere\u00e7o: Av. Santos Dumont 174 &#8211; Centro &#8211; Belo Horizonte &#8211; MG<\/p>\n<p><a href=\"https:\/\/www.google.com.br\/maps\/dir\/\/Av.+Santos+Dumont,+174+-+Centro,+Belo+Horizonte+-+MG,+30111-040\/@-19.9170546,-43.9360151,17z\/data=!4m6!4m5!1m0!1m2!1m1!1s0xa699fbd5aaae01:0xab4780c129fa0883!3e0\"><span style=\"color: #000080;\">Saiba como chegar<\/span><\/a><\/p>\n<\/div>\n<\/div><\/div>\n<\/div>\n<\/div>\n<\/div>\n<\/div>\n<\/div>\n<div id=\"cmsmasters_row_wab0em9de\" class=\"cmsmasters_row cmsmasters_color_scheme_default cmsmasters_row_top_default cmsmasters_row_bot_default cmsmasters_row_boxed\">\n<div class=\"cmsmasters_row_outer_parent\">\n<div class=\"cmsmasters_row_outer\">\n<div class=\"cmsmasters_row_inner\">\n<div class=\"cmsmasters_row_margin\">\n<div id=\"cmsmasters_column_929ddwbm2l\" class=\"cmsmasters_column one_first\">\n<div class=\"cmsmasters_column_inner\"><div id=\"cmsmasters_notice_m6xgh20ek\" class=\"cmsmasters_notice cmsmasters_notice_warning cmsmasters-icon-check-1\">\n<a href=\"#\" class=\"notice_close cmsmasters_theme_icon_cancel\"><\/a><div class=\"notice_content\">\n<p>Lembre-se: \u00e9 recomend\u00e1vel o uso de m\u00e1scara nos espa\u00e7os do Centro Cultural UFMG mesmo para imunizados<\/p>\n<\/div>\n<\/div>\n<\/div><\/div>\n<\/div>\n<\/div>\n<\/div>\n<\/div>\n<\/div>\n\n","protected":false},"excerpt":{"rendered":"","protected":false},"author":5,"featured_media":20443,"comment_status":"closed","ping_status":"closed","sticky":false,"template":"","format":"standard","meta":{"footnotes":""},"categories":[121,91],"tags":[163,368,122],"class_list":["post-20438","post","type-post","status-publish","format-standard","has-post-thumbnail","hentry","category-exposicoes","category-noticias","tag-arte","tag-dayanasantos","tag-exposicao"],"_links":{"self":[{"href":"https:\/\/www.ufmg.br\/centrocultural\/wp-json\/wp\/v2\/posts\/20438","targetHints":{"allow":["GET"]}}],"collection":[{"href":"https:\/\/www.ufmg.br\/centrocultural\/wp-json\/wp\/v2\/posts"}],"about":[{"href":"https:\/\/www.ufmg.br\/centrocultural\/wp-json\/wp\/v2\/types\/post"}],"author":[{"embeddable":true,"href":"https:\/\/www.ufmg.br\/centrocultural\/wp-json\/wp\/v2\/users\/5"}],"replies":[{"embeddable":true,"href":"https:\/\/www.ufmg.br\/centrocultural\/wp-json\/wp\/v2\/comments?post=20438"}],"version-history":[{"count":5,"href":"https:\/\/www.ufmg.br\/centrocultural\/wp-json\/wp\/v2\/posts\/20438\/revisions"}],"predecessor-version":[{"id":20444,"href":"https:\/\/www.ufmg.br\/centrocultural\/wp-json\/wp\/v2\/posts\/20438\/revisions\/20444"}],"wp:featuredmedia":[{"embeddable":true,"href":"https:\/\/www.ufmg.br\/centrocultural\/wp-json\/wp\/v2\/media\/20443"}],"wp:attachment":[{"href":"https:\/\/www.ufmg.br\/centrocultural\/wp-json\/wp\/v2\/media?parent=20438"}],"wp:term":[{"taxonomy":"category","embeddable":true,"href":"https:\/\/www.ufmg.br\/centrocultural\/wp-json\/wp\/v2\/categories?post=20438"},{"taxonomy":"post_tag","embeddable":true,"href":"https:\/\/www.ufmg.br\/centrocultural\/wp-json\/wp\/v2\/tags?post=20438"}],"curies":[{"name":"wp","href":"https:\/\/api.w.org\/{rel}","templated":true}]}}