{"id":20754,"date":"2022-10-17T10:42:00","date_gmt":"2022-10-17T13:42:00","guid":{"rendered":"https:\/\/www.ufmg.br\/centrocultural\/?p=20754"},"modified":"2023-05-29T12:42:21","modified_gmt":"2023-05-29T15:42:21","slug":"artista-negro-de-destaque-no-seculo-19-estevao-silva-tem-trajetoria-contada-em-video-do-ccult-o-artista","status":"publish","type":"post","link":"https:\/\/www.ufmg.br\/centrocultural\/artista-negro-de-destaque-no-seculo-19-estevao-silva-tem-trajetoria-contada-em-video-do-ccult-o-artista\/","title":{"rendered":"Artista negro de destaque no s\u00e9culo 19, Estev\u00e3o Silva tem trajet\u00f3ria contada em v\u00eddeo do CCult"},"content":{"rendered":"<div id=\"cmsmasters_row_p726ptfrhl\" class=\"cmsmasters_row cmsmasters_color_scheme_default cmsmasters_row_top_default cmsmasters_row_bot_default cmsmasters_row_boxed\">\n<div class=\"cmsmasters_row_outer_parent\">\n<div class=\"cmsmasters_row_outer\">\n<div class=\"cmsmasters_row_inner\">\n<div class=\"cmsmasters_row_margin\">\n<div id=\"cmsmasters_column_r48l6rzss\" class=\"cmsmasters_column one_first\">\n<div class=\"cmsmasters_column_inner\">\n<div class=\"cmsmasters_sharing\">\n<div class=\"share_wrap\">\n<a href=\"https:\/\/twitter.com\/intent\/tweet?text=Check+out+%27Artista+negro+de+destaque+no+s%C3%A9culo+19%2C+Estev%C3%A3o+Silva+tem+trajet%C3%B3ria+contada+em+v%C3%ADdeo+do+CCult%27+on+Centro+Cultural++UFMG+website&url=https%3A%2F%2Fwww.ufmg.br%2Fcentrocultural%2Fartista-negro-de-destaque-no-seculo-19-estevao-silva-tem-trajetoria-contada-em-video-do-ccult-o-artista%2F\" class=\"button cmsmasters-icon-twitter\">Twitter<\/a>\n<\/div>\n<div class=\"share_wrap\">\n<a href=\"https:\/\/www.facebook.com\/sharer\/sharer.php?display=popup&u=https%3A%2F%2Fwww.ufmg.br%2Fcentrocultural%2Fartista-negro-de-destaque-no-seculo-19-estevao-silva-tem-trajetoria-contada-em-video-do-ccult-o-artista%2F\" class=\"button cmsmasters-icon-facebook\">Facebook<\/a>\n<\/div>\n<\/div>\n<\/div><\/div>\n<\/div>\n<\/div>\n<\/div>\n<\/div>\n<\/div>\n<div id=\"cmsmasters_row_\" class=\"cmsmasters_row cmsmasters_color_scheme_default cmsmasters_row_top_default cmsmasters_row_bot_default cmsmasters_row_boxed\">\n<div class=\"cmsmasters_row_outer_parent\">\n<div class=\"cmsmasters_row_outer\">\n<div class=\"cmsmasters_row_inner\">\n<div class=\"cmsmasters_row_margin\">\n<\/div>\n<\/div>\n<\/div>\n<\/div>\n<\/div>\n<div id=\"cmsmasters_column_\" class=\"cmsmasters_column one_first\">\n<div class=\"cmsmasters_column_inner\"><\/div><\/div>\n<div class=\"cmsmasters_text\">\n<\/div>\n<\/p>\n<p>Estev\u00e3o Roberto da Silva foi o primeiro artista negro a ganhar destaque na Academia Imperial de Belas Artes, no Brasil. Carioca, viveu no s\u00e9culo 19 e se dedicou sobretudo ao g\u00eanero natureza morta em suas obras.<\/p>\n<p>Por meio da observa\u00e7\u00e3o da natureza do pa\u00eds e da dedica\u00e7\u00e3o aos estudos acad\u00eamicos, pintava frutas e plantas brasileiras em seus diversos formatos, cores e estados, criando composi\u00e7\u00f5es singulares.<\/p>\n<p>Nascido no Rio de Janeiro no ano de 1845, era filho dos africanos escravizados Victor Roberto da Silva e Ana Rita da Silva. Com a vivacidade das cores de suas obras e suas composi\u00e7\u00f5es singulares, Estev\u00e3o Roberto da Silva se tornou uma potente refer\u00eancia para a hist\u00f3ria da arte brasileira.<\/p>\n<p>Saiba mais no v\u00eddeo Quem ser\u00e1 o artista, projeto do Centro Cultural UFMG:<\/p>\n<p><iframe loading=\"lazy\" title=\"YouTube video player\" src=\"https:\/\/www.youtube.com\/embed\/ZpDemeCecyE\" width=\"560\" height=\"315\" frameborder=\"0\" allowfullscreen=\"allowfullscreen\"><\/iframe><\/p>\n<p><strong>Quem ser\u00e1 o artista<\/strong><\/p>\n<p><span style=\"color: #333399;\"><a style=\"color: #333399;\" href=\"https:\/\/www.ufmg.br\/centrocultural\/category\/pingo-de-tinta\/quem-sera-o-artista\/\">\u2018Quem ser\u00e1 o artista?\u2019<\/a><\/span> \u00e9 um projeto do setor Educativo do Centro Cultural UFMG que apresenta, em formato audiovisual, a obra e um breve hist\u00f3rico da trajet\u00f3ria de um artista. A proposta \u00e9 divulgar trabalhos consagrados e artistas locais para o p\u00fablico infantil e infantojuvenil conhecerem produ\u00e7\u00f5es diversas e ficarem por dentro do mundo da arte.<\/p>\n<p><sup>[Foto de capa: Reprodu\u00e7\u00e3o\/Biblioteca Nacional Digital (BND)]<\/sup><\/p>\n","protected":false},"excerpt":{"rendered":"<p>Estev\u00e3o Roberto da Silva foi o primeiro artista negro a ganhar destaque na Academia Imperial de Belas Artes, no Brasil. Carioca, viveu no s\u00e9culo 19 e se dedicou sobretudo ao&#8230;<\/p>\n","protected":false},"author":8,"featured_media":20768,"comment_status":"closed","ping_status":"closed","sticky":false,"template":"","format":"standard","meta":{"footnotes":""},"categories":[374,91,73,84],"tags":[],"class_list":["post-20754","post","type-post","status-publish","format-standard","has-post-thumbnail","hentry","category-educativo","category-noticias","category-pingo-de-tinta","category-quem-sera-o-artista"],"_links":{"self":[{"href":"https:\/\/www.ufmg.br\/centrocultural\/wp-json\/wp\/v2\/posts\/20754","targetHints":{"allow":["GET"]}}],"collection":[{"href":"https:\/\/www.ufmg.br\/centrocultural\/wp-json\/wp\/v2\/posts"}],"about":[{"href":"https:\/\/www.ufmg.br\/centrocultural\/wp-json\/wp\/v2\/types\/post"}],"author":[{"embeddable":true,"href":"https:\/\/www.ufmg.br\/centrocultural\/wp-json\/wp\/v2\/users\/8"}],"replies":[{"embeddable":true,"href":"https:\/\/www.ufmg.br\/centrocultural\/wp-json\/wp\/v2\/comments?post=20754"}],"version-history":[{"count":17,"href":"https:\/\/www.ufmg.br\/centrocultural\/wp-json\/wp\/v2\/posts\/20754\/revisions"}],"predecessor-version":[{"id":20775,"href":"https:\/\/www.ufmg.br\/centrocultural\/wp-json\/wp\/v2\/posts\/20754\/revisions\/20775"}],"wp:featuredmedia":[{"embeddable":true,"href":"https:\/\/www.ufmg.br\/centrocultural\/wp-json\/wp\/v2\/media\/20768"}],"wp:attachment":[{"href":"https:\/\/www.ufmg.br\/centrocultural\/wp-json\/wp\/v2\/media?parent=20754"}],"wp:term":[{"taxonomy":"category","embeddable":true,"href":"https:\/\/www.ufmg.br\/centrocultural\/wp-json\/wp\/v2\/categories?post=20754"},{"taxonomy":"post_tag","embeddable":true,"href":"https:\/\/www.ufmg.br\/centrocultural\/wp-json\/wp\/v2\/tags?post=20754"}],"curies":[{"name":"wp","href":"https:\/\/api.w.org\/{rel}","templated":true}]}}