{"id":20858,"date":"2022-10-26T12:24:15","date_gmt":"2022-10-26T15:24:15","guid":{"rendered":"https:\/\/www.ufmg.br\/centrocultural\/?p=20858"},"modified":"2023-06-20T09:09:04","modified_gmt":"2023-06-20T12:09:04","slug":"movimento-praia-da-estacao-e-tema-de-novo-episodio-de-podcast-do-centro-cultural-ufmg","status":"publish","type":"post","link":"https:\/\/www.ufmg.br\/centrocultural\/movimento-praia-da-estacao-e-tema-de-novo-episodio-de-podcast-do-centro-cultural-ufmg\/","title":{"rendered":"Movimento \u2018Praia da Esta\u00e7\u00e3o\u2019 \u00e9 tema de novo epis\u00f3dio de podcast do Centro Cultural UFMG"},"content":{"rendered":"<div id=\"cmsmasters_row_xtm1bc5e74\" class=\"cmsmasters_row cmsmasters_color_scheme_default cmsmasters_row_top_default cmsmasters_row_bot_default cmsmasters_row_boxed\">\n<div class=\"cmsmasters_row_outer_parent\">\n<div class=\"cmsmasters_row_outer\">\n<div class=\"cmsmasters_row_inner\">\n<div class=\"cmsmasters_row_margin\">\n<div id=\"cmsmasters_column_rthp7mkgjg\" class=\"cmsmasters_column one_first\">\n<div class=\"cmsmasters_column_inner\">\n<div class=\"cmsmasters_sharing\">\n<div class=\"share_wrap\">\n<a href=\"https:\/\/twitter.com\/intent\/tweet?text=Check+out+%27Movimento+%E2%80%98Praia+da+Esta%C3%A7%C3%A3o%E2%80%99+%C3%A9+tema+de+novo+epis%C3%B3dio+de+podcast+do+Centro+Cultural+UFMG%27+on+Centro+Cultural++UFMG+website&url=https%3A%2F%2Fwww.ufmg.br%2Fcentrocultural%2Fmovimento-praia-da-estacao-e-tema-de-novo-episodio-de-podcast-do-centro-cultural-ufmg%2F\" class=\"button cmsmasters-icon-twitter\">Twitter<\/a>\n<\/div>\n<div class=\"share_wrap\">\n<a href=\"https:\/\/www.facebook.com\/sharer\/sharer.php?display=popup&u=https%3A%2F%2Fwww.ufmg.br%2Fcentrocultural%2Fmovimento-praia-da-estacao-e-tema-de-novo-episodio-de-podcast-do-centro-cultural-ufmg%2F\" class=\"button cmsmasters-icon-facebook\">Facebook<\/a>\n<\/div>\n<\/div>\n<\/div><\/div>\n<\/div>\n<\/div>\n<\/div>\n<\/div>\n<\/div>\n<div id=\"cmsmasters_row_\" class=\"cmsmasters_row cmsmasters_color_scheme_default cmsmasters_row_top_default cmsmasters_row_bot_default cmsmasters_row_boxed\">\n<div class=\"cmsmasters_row_outer_parent\">\n<div class=\"cmsmasters_row_outer\">\n<div class=\"cmsmasters_row_inner\">\n<div class=\"cmsmasters_row_margin\">\n<div id=\"cmsmasters_column_\" class=\"cmsmasters_column one_first\">\n<div class=\"cmsmasters_column_inner\"><div class=\"cmsmasters_text\">\n<p>O segundo epis\u00f3dio da s\u00e9rie<span style=\"color: #333399;\"> <a style=\"color: #333399;\" href=\"https:\/\/www.ufmg.br\/centrocultural\/category\/podcast\/corredor-cultural-174\/\" target=\"_blank\" rel=\"noopener\">\u2018Corredor Cultural Pra\u00e7a da Esta\u00e7\u00e3o\u2019<\/a><\/span> traz um bate-papo sobre o movimento \u2018Praia da Esta\u00e7\u00e3o\u2019 e sua import\u00e2ncia como espa\u00e7o de luta e debate pelo uso da cidade de Belo Horizonte.<\/p>\n<p>A fot\u00f3grafa, arquiteta e urbanista Priscila Musa e o antrop\u00f3logo, foli\u00e3o, congadeiro e ativista social Rafa Barros s\u00e3o os convidados para essa conversa.<\/p>\n<ul>\n<li><span style=\"color: #000080;\"><a style=\"color: #000080;\" href=\"https:\/\/api.whatsapp.com\/send?text=https:\/\/www.ufmg.br\/centrocultural\/movimento-praia-da-estacao-e-tema-de-novo-episodio-de-podcast-do-centro-cultural-ufmg\/\">Compartilhe no WhatsApp<\/a><\/span><\/li>\n<li><span style=\"color: #333399;\"><a style=\"color: #333399;\" href=\"https:\/\/telegram.me\/share\/url?url=%20https:\/\/www.ufmg.br\/centrocultural\/movimento-praia-da-estacao-e-tema-de-novo-episodio-de-podcast-do-centro-cultural-ufmg\/\">Compartilhe no Telegram<\/a><\/span><\/li>\n<li><span style=\"color: #333399;\"><a style=\"color: #333399;\" href=\"https:\/\/www.ufmg.br\/centrocultural\/wp-content\/uploads\/2022\/10\/corredor-cultural-praia-estacao-flyer.png\" target=\"_blank\" rel=\"noopener\">Compartilhe o flyer\u00a0<\/a><\/span><\/li>\n<\/ul>\n<p>Unidos ao movimento, que teve in\u00edcio em 2010, os \u2018banhistas\u2019 integraram o protesto contra a proibi\u00e7\u00e3o da prefeitura de realizar eventos em pra\u00e7as p\u00fablicas da capital mineira. O ato ganhou for\u00e7a e contribuiu para a forma\u00e7\u00e3o de outras iniciativas centradas na ocupa\u00e7\u00e3o do espa\u00e7o p\u00fablico.<\/p>\n<p><strong>Grande vazio<\/strong><\/p>\n<figure id=\"attachment_20865\" aria-describedby=\"caption-attachment-20865\" style=\"width: 301px\" class=\"wp-caption alignleft\"><img loading=\"lazy\" decoding=\"async\" class=\" wp-image-20865\" src=\"https:\/\/www.ufmg.br\/centrocultural\/wp-content\/uploads\/2022\/10\/Priscila-Musa-Arquivo-pessoal-600x563.png\" alt=\"\" width=\"301\" height=\"282\" srcset=\"https:\/\/www.ufmg.br\/centrocultural\/wp-content\/uploads\/2022\/10\/Priscila-Musa-Arquivo-pessoal-600x563.png 600w, https:\/\/www.ufmg.br\/centrocultural\/wp-content\/uploads\/2022\/10\/Priscila-Musa-Arquivo-pessoal-1024x960.png 1024w, https:\/\/www.ufmg.br\/centrocultural\/wp-content\/uploads\/2022\/10\/Priscila-Musa-Arquivo-pessoal-768x720.png 768w, https:\/\/www.ufmg.br\/centrocultural\/wp-content\/uploads\/2022\/10\/Priscila-Musa-Arquivo-pessoal-580x544.png 580w, https:\/\/www.ufmg.br\/centrocultural\/wp-content\/uploads\/2022\/10\/Priscila-Musa-Arquivo-pessoal-860x806.png 860w, https:\/\/www.ufmg.br\/centrocultural\/wp-content\/uploads\/2022\/10\/Priscila-Musa-Arquivo-pessoal-1160x1088.png 1160w, https:\/\/www.ufmg.br\/centrocultural\/wp-content\/uploads\/2022\/10\/Priscila-Musa-Arquivo-pessoal.png 1318w\" sizes=\"auto, (max-width: 301px) 100vw, 301px\" \/><figcaption id=\"caption-attachment-20865\" class=\"wp-caption-text\">Priscila Musa\/Arquivo pessoal<\/figcaption><\/figure>\n<p>No podcast, Priscila descreve que sempre sentiu a Pra\u00e7a da Esta\u00e7\u00e3o como um grande vazio, pois costumava circular pelo centro da capital como transeunte, sem visualizar o espa\u00e7o como uma \u00e1rea potencial de ocupa\u00e7\u00e3o e de pr\u00e1ticas pol\u00edticas culturais antes da \u2018Praia\u2019.<\/p>\n<p>Em contrapartida, Rafael tem mem\u00f3rias afetivas e subjetivas da pra\u00e7a, pois por muitas vezes ela foi lugar de chegada e de conex\u00e3o com a cidade, pelo fato de n\u00e3o ser natural de BH. Al\u00e9m disso, ele viveu no local experi\u00eancias intensas com o Festival Internacional de Teatro, Palco &amp; Rua de Belo Horizonte (FIT BH), dentre outras manifesta\u00e7\u00f5es art\u00edsticas e tamb\u00e9m pol\u00edticas.<\/p>\n<p><strong>Proibi\u00e7\u00e3o<\/strong><\/p>\n<figure id=\"attachment_20868\" aria-describedby=\"caption-attachment-20868\" style=\"width: 301px\" class=\"wp-caption alignleft\"><img loading=\"lazy\" decoding=\"async\" class=\" wp-image-20868\" src=\"https:\/\/www.ufmg.br\/centrocultural\/wp-content\/uploads\/2022\/10\/Rafa-Barros-Arquivo-pessoal-600x585.jpg\" alt=\"\" width=\"301\" height=\"293\" srcset=\"https:\/\/www.ufmg.br\/centrocultural\/wp-content\/uploads\/2022\/10\/Rafa-Barros-Arquivo-pessoal-600x585.jpg 600w, https:\/\/www.ufmg.br\/centrocultural\/wp-content\/uploads\/2022\/10\/Rafa-Barros-Arquivo-pessoal-580x566.jpg 580w, https:\/\/www.ufmg.br\/centrocultural\/wp-content\/uploads\/2022\/10\/Rafa-Barros-Arquivo-pessoal.jpg 640w\" sizes=\"auto, (max-width: 301px) 100vw, 301px\" \/><figcaption id=\"caption-attachment-20868\" class=\"wp-caption-text\">Rafa Barros\/Arquivo pessoal<\/figcaption><\/figure>\n<p>Barros recorda que a \u2018Praia\u2019 surge depois de um decreto assinado pelo ex-prefeito M\u00e1rcio Lacerda, em dezembro de 2009, proibindo a realiza\u00e7\u00e3o de eventos de qualquer natureza na Pra\u00e7a da Esta\u00e7\u00e3o. Ele contextualiza que, naquela \u00e9poca, as pessoas n\u00e3o tinham tanta intensidade de conex\u00e3o como t\u00eam hoje com as redes sociais e aplicativos de troca de mensagens.<\/p>\n<p>&#8220;Dessa forma, a not\u00edcia demorou a chegar e circular na cidade e eles impulsionaram sua propaga\u00e7\u00e3o, principalmente, atrav\u00e9s de e-mails, assim como a convocat\u00f3ria para debater e discutir o que poderia ser feito contra essa arbitrariedade&#8221;, relata.<\/p>\n<p><strong>Primeiro chamado<\/strong><\/p>\n<figure id=\"attachment_20873\" aria-describedby=\"caption-attachment-20873\" style=\"width: 600px\" class=\"wp-caption alignnone\"><img loading=\"lazy\" decoding=\"async\" class=\"size-medium wp-image-20873\" src=\"https:\/\/www.ufmg.br\/centrocultural\/wp-content\/uploads\/2022\/10\/blog-praca-livre-600x332.png\" alt=\"\" width=\"600\" height=\"332\" srcset=\"https:\/\/www.ufmg.br\/centrocultural\/wp-content\/uploads\/2022\/10\/blog-praca-livre-600x332.png 600w, https:\/\/www.ufmg.br\/centrocultural\/wp-content\/uploads\/2022\/10\/blog-praca-livre-1024x567.png 1024w, https:\/\/www.ufmg.br\/centrocultural\/wp-content\/uploads\/2022\/10\/blog-praca-livre-768x425.png 768w, https:\/\/www.ufmg.br\/centrocultural\/wp-content\/uploads\/2022\/10\/blog-praca-livre-580x321.png 580w, https:\/\/www.ufmg.br\/centrocultural\/wp-content\/uploads\/2022\/10\/blog-praca-livre-860x476.png 860w, https:\/\/www.ufmg.br\/centrocultural\/wp-content\/uploads\/2022\/10\/blog-praca-livre.png 1035w\" sizes=\"auto, (max-width: 600px) 100vw, 600px\" \/><figcaption id=\"caption-attachment-20873\" class=\"wp-caption-text\">Via blog Pra\u00e7a Livre<\/figcaption><\/figure>\n<p>A partir desse encontro na Pra\u00e7a da Esta\u00e7\u00e3o, que foi extremamente pequeno, deu-se inicio a articula\u00e7\u00e3o de instigar, imageticamente, a cidade de Belo Horizonte atrav\u00e9s de um protesto est\u00e9tico que transformasse a pra\u00e7a em praia.<\/p>\n<p>Dessa reuni\u00e3o surgiu o chamado para a primeira \u2018Praia da Esta\u00e7\u00e3o\u2019, que aconteceu em 16 de janeiro de 2010, e desse ato nasceu o blog <span style=\"color: #333399;\"><a style=\"color: #333399;\" href=\"https:\/\/pracalivrebh.wordpress.com\/\" target=\"_blank\" rel=\"noopener\">Pra\u00e7a Livre BH<\/a><\/span>, onde as pronuncia\u00e7\u00f5es e os textos manifestos come\u00e7aram a ser difundidos.<\/p>\n<p>Segundo o antrop\u00f3logo, \u201ca \u2018Praia\u2019 foi palco de conflu\u00eancia da praia carnaval, da praia <span style=\"color: #333399;\"><a style=\"color: #333399;\" href=\"https:\/\/www.facebook.com\/Mov.ForaLacerda\/\" target=\"_blank\" rel=\"noopener\">Fora Lacerda<\/a><\/span>, da praia movimento <span style=\"color: #333399;\"><a style=\"color: #333399;\" href=\"https:\/\/twitter.com\/novacena\" target=\"_blank\" rel=\"noopener\">Nova Cena<\/a><\/span>, da praia Conselho Municipal de Cultura, da praia Pop Rua, da praia Ocupa\u00e7\u00f5es Urbanas, uma grande zona de lutas, protestos e reivindica\u00e7\u00f5es\u201d.<\/p>\n<p><strong>Ocupa\u00e7\u00e3o<\/strong><\/p>\n<figure id=\"attachment_20879\" aria-describedby=\"caption-attachment-20879\" style=\"width: 600px\" class=\"wp-caption alignnone\"><img loading=\"lazy\" decoding=\"async\" class=\"size-medium wp-image-20879\" src=\"https:\/\/www.ufmg.br\/centrocultural\/wp-content\/uploads\/2022\/10\/praca-estacao_qu4rto-studio-0005-600x337.jpg\" alt=\"\" width=\"600\" height=\"337\" srcset=\"https:\/\/www.ufmg.br\/centrocultural\/wp-content\/uploads\/2022\/10\/praca-estacao_qu4rto-studio-0005-600x337.jpg 600w, https:\/\/www.ufmg.br\/centrocultural\/wp-content\/uploads\/2022\/10\/praca-estacao_qu4rto-studio-0005-1024x575.jpg 1024w, https:\/\/www.ufmg.br\/centrocultural\/wp-content\/uploads\/2022\/10\/praca-estacao_qu4rto-studio-0005-768x431.jpg 768w, https:\/\/www.ufmg.br\/centrocultural\/wp-content\/uploads\/2022\/10\/praca-estacao_qu4rto-studio-0005-1536x862.jpg 1536w, https:\/\/www.ufmg.br\/centrocultural\/wp-content\/uploads\/2022\/10\/praca-estacao_qu4rto-studio-0005-580x326.jpg 580w, https:\/\/www.ufmg.br\/centrocultural\/wp-content\/uploads\/2022\/10\/praca-estacao_qu4rto-studio-0005-860x483.jpg 860w, https:\/\/www.ufmg.br\/centrocultural\/wp-content\/uploads\/2022\/10\/praca-estacao_qu4rto-studio-0005-1160x651.jpg 1160w, https:\/\/www.ufmg.br\/centrocultural\/wp-content\/uploads\/2022\/10\/praca-estacao_qu4rto-studio-0005.jpg 2000w\" sizes=\"auto, (max-width: 600px) 100vw, 600px\" \/><figcaption id=\"caption-attachment-20879\" class=\"wp-caption-text\">Divulga\u00e7\u00e3o\/Qu4rto Studio\/Acervo Belotur<\/figcaption><\/figure>\n<p>Priscila observa que s\u00e3o poucas as pessoas que cruzam o meio da pra\u00e7a, uma vez que a ocupa\u00e7\u00e3o acontece nas laterais, se transformando em um lugar ensolarado e de dif\u00edcil ocupa\u00e7\u00e3o cotidiana.<\/p>\n<p>Ela afirma que a \u2018Praia\u2019 \u00e9 uma a\u00e7\u00e3o que vem ocupar exatamente esse espa\u00e7o \u00e1rido da centralidade da pra\u00e7a, atrav\u00e9s de um movimento festivo que joga com o imagin\u00e1rio e com a sensibilidade da aus\u00eancia de praia em Minas Gerais.<\/p>\n<p>\u201cEssa a\u00e7\u00e3o cria uma praia no meio de uma pra\u00e7a, e cria n\u00e3o s\u00f3 isso, ela cria uma faixa de areia, a praia de cimento da l\u00fadica revolu\u00e7\u00e3o, como fala o Graveola, que potencializa v\u00e1rios movimentos sociais, cria um espa\u00e7o de encontro de pessoas e agentes diferentes, de classes sociais diferentes, de espa\u00e7os e lugares da cidade diferentes\u201d, diz Musa.<\/p>\n<p><strong>Inspira\u00e7\u00e3o<\/strong><\/p>\n<figure id=\"attachment_20871\" aria-describedby=\"caption-attachment-20871\" style=\"width: 300px\" class=\"wp-caption alignleft\"><img loading=\"lazy\" decoding=\"async\" class=\" wp-image-20871\" src=\"https:\/\/www.ufmg.br\/centrocultural\/wp-content\/uploads\/2022\/10\/praia-estacao-600x402.jpg\" alt=\"\" width=\"300\" height=\"201\" srcset=\"https:\/\/www.ufmg.br\/centrocultural\/wp-content\/uploads\/2022\/10\/praia-estacao-600x402.jpg 600w, https:\/\/www.ufmg.br\/centrocultural\/wp-content\/uploads\/2022\/10\/praia-estacao-768x514.jpg 768w, https:\/\/www.ufmg.br\/centrocultural\/wp-content\/uploads\/2022\/10\/praia-estacao-860x576.jpg 860w, https:\/\/www.ufmg.br\/centrocultural\/wp-content\/uploads\/2022\/10\/praia-estacao-580x388.jpg 580w, https:\/\/www.ufmg.br\/centrocultural\/wp-content\/uploads\/2022\/10\/praia-estacao.jpg 960w\" sizes=\"auto, (max-width: 300px) 100vw, 300px\" \/><figcaption id=\"caption-attachment-20871\" class=\"wp-caption-text\">Via Facebook de Mov. Fora Lacerda<\/figcaption><\/figure>\n<p>A fot\u00f3grafa acrescenta que a pra\u00e7a tem um potencial cat\u00e1rtico que criou outras movimenta\u00e7\u00f5es na cidade e que podem se desdobrar futuramente. V\u00e1rios movimentos, que seguem at\u00e9 mesmo para a institucionalidade, est\u00e3o ancorados nessa praia de cimento.<\/p>\n<p>\u201cFoi ali que a gente se encontrou e foi ali que a gente come\u00e7ou a imaginar outras formas de ocupar a cidade\u201d. Ela relembra que a \u2018Praia\u2019 explodiu, foi se diversificando e \u201cnunca foi t\u00e3o negra, t\u00e3o gay, t\u00e3o LGBTQIA+, t\u00e3o feminina, t\u00e3o perif\u00e9rica, t\u00e3o favelada e com uma potencialidade enorme\u201d.<\/p>\n<p>Rafael Barros diz que a praia se tornou t\u00e3o grande e t\u00e3o forte, que esse imagin\u00e1rio atravessou uma d\u00e9cada e ainda continua existindo enquanto um signo disruptivo de um ide\u00e1rio de cidade, de uma imagem pol\u00edtica, de um m\u00e9todo de elabora\u00e7\u00e3o de contesta\u00e7\u00e3o, que sempre se manteve com a possibilidade de apropria\u00e7\u00e3o e reinven\u00e7\u00e3o, de uma forma muito espont\u00e2nea e desprendida.<\/p>\n<p><strong>Ou\u00e7a e compartilhe<\/strong><\/p>\n<p>Ou\u00e7a o podcast na \u00edntegra e conhe\u00e7a um pouco mais sobre a trajet\u00f3ria do movimento \u2018Praia da Esta\u00e7\u00e3o\u2019, suas narrativas, resist\u00eancias e multiterritorialidade:<\/p>\n<iframe loading=\"lazy\" style=\"border-radius: 12px;\" src=\"https:\/\/open.spotify.com\/embed\/episode\/02yfZ5EkgdTKcnkoiv4E8j?utm_source=generator\" width=\"100%\" height=\"152\" frameborder=\"0\" allowfullscreen=\"allowfullscreen\"><\/iframe>\n<p><sup>[Esse podcast foi gravado no dia 6 de outubro de 2022]<\/sup><\/p>\n<p><strong>Corredor Cultural 174 Podcast<\/strong><\/p>\n<p>Corredor Cultural 174 Podcast \u00e9 um projeto que disponibiliza mensalmente no Spotify conversas com artistas, m\u00fasicos, escritores, cineastas, agentes culturais e demais pessoas que pensam, respiram e produzem cultura. &#8216;Corredor&#8217;, pelo fato do Centro Cultural UFMG estar situado no corredor cultural Pra\u00e7a da Esta\u00e7\u00e3o e tamb\u00e9m no sentido de espa\u00e7o de passagem, onde transitam ideias, movimentos e express\u00f5es art\u00edsticas em Belo Horizonte. &#8216;Cultural&#8217;, pois a tem\u00e1tica ser\u00e1 sempre cultura e &#8216;174&#8217; \u00e9 o n\u00famero de localiza\u00e7\u00e3o da institui\u00e7\u00e3o na Avenida Santos Dumont.<\/p>\n<p>&nbsp;<\/p>\n<\/div>\n<\/div><\/div>\n<\/div>\n<\/div>\n<\/div>\n<\/div>\n<\/div>\n\n","protected":false},"excerpt":{"rendered":"","protected":false},"author":5,"featured_media":20870,"comment_status":"closed","ping_status":"closed","sticky":false,"template":"","format":"standard","meta":{"footnotes":""},"categories":[244,91,80],"tags":[384,112,385,381,382,383],"class_list":["post-20858","post","type-post","status-publish","format-standard","has-post-thumbnail","hentry","category-corredor-cultural-174","category-noticias","category-podcast","tag-corredorcultural","tag-podcast","tag-pracadaestacao","tag-praiadaestacao","tag-priscilamusa","tag-rafabarros"],"_links":{"self":[{"href":"https:\/\/www.ufmg.br\/centrocultural\/wp-json\/wp\/v2\/posts\/20858","targetHints":{"allow":["GET"]}}],"collection":[{"href":"https:\/\/www.ufmg.br\/centrocultural\/wp-json\/wp\/v2\/posts"}],"about":[{"href":"https:\/\/www.ufmg.br\/centrocultural\/wp-json\/wp\/v2\/types\/post"}],"author":[{"embeddable":true,"href":"https:\/\/www.ufmg.br\/centrocultural\/wp-json\/wp\/v2\/users\/5"}],"replies":[{"embeddable":true,"href":"https:\/\/www.ufmg.br\/centrocultural\/wp-json\/wp\/v2\/comments?post=20858"}],"version-history":[{"count":23,"href":"https:\/\/www.ufmg.br\/centrocultural\/wp-json\/wp\/v2\/posts\/20858\/revisions"}],"predecessor-version":[{"id":20896,"href":"https:\/\/www.ufmg.br\/centrocultural\/wp-json\/wp\/v2\/posts\/20858\/revisions\/20896"}],"wp:featuredmedia":[{"embeddable":true,"href":"https:\/\/www.ufmg.br\/centrocultural\/wp-json\/wp\/v2\/media\/20870"}],"wp:attachment":[{"href":"https:\/\/www.ufmg.br\/centrocultural\/wp-json\/wp\/v2\/media?parent=20858"}],"wp:term":[{"taxonomy":"category","embeddable":true,"href":"https:\/\/www.ufmg.br\/centrocultural\/wp-json\/wp\/v2\/categories?post=20858"},{"taxonomy":"post_tag","embeddable":true,"href":"https:\/\/www.ufmg.br\/centrocultural\/wp-json\/wp\/v2\/tags?post=20858"}],"curies":[{"name":"wp","href":"https:\/\/api.w.org\/{rel}","templated":true}]}}