{"id":20914,"date":"2022-11-03T10:44:20","date_gmt":"2022-11-03T13:44:20","guid":{"rendered":"https:\/\/www.ufmg.br\/centrocultural\/?p=20914"},"modified":"2022-11-03T11:06:19","modified_gmt":"2022-11-03T14:06:19","slug":"prazo-para-enviar-propostas-culturais-ao-ccult-ufmg-se-encerra-no-domingo-dia-6","status":"publish","type":"post","link":"https:\/\/www.ufmg.br\/centrocultural\/prazo-para-enviar-propostas-culturais-ao-ccult-ufmg-se-encerra-no-domingo-dia-6\/","title":{"rendered":"Prazo para enviar propostas culturais ao CCult UFMG se encerra no domingo, dia 6"},"content":{"rendered":"<div id=\"cmsmasters_row_n3925hpmce\" class=\"cmsmasters_row cmsmasters_color_scheme_default cmsmasters_row_top_default cmsmasters_row_bot_default cmsmasters_row_boxed\">\n<div class=\"cmsmasters_row_outer_parent\">\n<div class=\"cmsmasters_row_outer\">\n<div class=\"cmsmasters_row_inner\">\n<div class=\"cmsmasters_row_margin\">\n<div id=\"cmsmasters_column_n1lpf92l7a\" class=\"cmsmasters_column one_first\">\n<div class=\"cmsmasters_column_inner\">\n<div class=\"cmsmasters_sharing\">\n<div class=\"share_wrap\">\n<a href=\"https:\/\/twitter.com\/intent\/tweet?text=Check+out+%27Prazo+para+enviar+propostas+culturais+ao+CCult+UFMG+se+encerra+no+domingo%2C+dia+6%27+on+Centro+Cultural++UFMG+website&url=https%3A%2F%2Fwww.ufmg.br%2Fcentrocultural%2Fprazo-para-enviar-propostas-culturais-ao-ccult-ufmg-se-encerra-no-domingo-dia-6%2F\" class=\"button cmsmasters-icon-twitter\">Twitter<\/a>\n<\/div>\n<div class=\"share_wrap\">\n<a href=\"https:\/\/www.facebook.com\/sharer\/sharer.php?display=popup&u=https%3A%2F%2Fwww.ufmg.br%2Fcentrocultural%2Fprazo-para-enviar-propostas-culturais-ao-ccult-ufmg-se-encerra-no-domingo-dia-6%2F\" class=\"button cmsmasters-icon-facebook\">Facebook<\/a>\n<\/div>\n<\/div>\n<\/div><\/div>\n<\/div>\n<\/div>\n<\/div>\n<\/div>\n<\/div>\n<div id=\"cmsmasters_row_\" class=\"cmsmasters_row cmsmasters_color_scheme_default cmsmasters_row_top_default cmsmasters_row_bot_default cmsmasters_row_boxed\">\n<div class=\"cmsmasters_row_outer_parent\">\n<div class=\"cmsmasters_row_outer\">\n<div class=\"cmsmasters_row_inner\">\n<div class=\"cmsmasters_row_margin\">\n<\/div>\n<\/div>\n<\/div>\n<\/div>\n<\/div>\n<div id=\"cmsmasters_column_\" class=\"cmsmasters_column one_first\">\n<div class=\"cmsmasters_column_inner\"><\/div><\/div>\n<div class=\"cmsmasters_text\">\n<\/div>\n<\/p>\n<p>O Centro Cultural UFMG recebe, at\u00e9 neste domingo, 6 de novembro de 2022, inscri\u00e7\u00e3o de propostas do p\u00fablico para realiza\u00e7\u00e3o de eventos culturais, atividades de resid\u00eancia art\u00edstica e para os projetos Galerias e CineCentro.<\/p>\n<p>As orienta\u00e7\u00f5es sobre como participar est\u00e3o dispon\u00edveis em <span style=\"color: #000000;\">chamadas p\u00fablicas,<\/span> abertas em 19 de setembro.<\/p>\n<ul>\n<li><span style=\"color: #333399;\"><a style=\"color: #333399;\" href=\"https:\/\/api.whatsapp.com\/send?text=https:\/\/www.ufmg.br\/centrocultural\/prazo-para-enviar-propostas-culturais-ao-ccult-ufmg-se-encerra-no-domingo-dia-6\/\">Compartilhar pelo WhatsApp<\/a><\/span><\/li>\n<li><span style=\"color: #333399;\"><a style=\"color: #333399;\" href=\"https:\/\/telegram.me\/share\/url?url=%20https:\/\/www.ufmg.br\/centrocultural\/prazo-para-enviar-propostas-culturais-ao-ccult-ufmg-se-encerra-no-domingo-dia-6\/\">Compartilhar pelo Telegram<\/a><\/span><\/li>\n<\/ul>\n<p><strong>Chamadas<\/strong><\/p>\n<div id='gallery-1' class='gallery galleryid-20914 gallery-columns-3 gallery-size-thumbnail'><figure class='gallery-item'>\n\t\t\t<div class='gallery-icon landscape'>\n\t\t\t\t<a href='https:\/\/www.ufmg.br\/centrocultural\/cinema-ccult-ufmg\/'><img loading=\"lazy\" decoding=\"async\" width=\"150\" height=\"150\" src=\"https:\/\/www.ufmg.br\/centrocultural\/wp-content\/uploads\/2022\/08\/cinema-ccult-ufmg-300x300.jpg\" class=\"attachment-thumbnail size-thumbnail\" alt=\"\" srcset=\"https:\/\/www.ufmg.br\/centrocultural\/wp-content\/uploads\/2022\/08\/cinema-ccult-ufmg-300x300.jpg 300w, https:\/\/www.ufmg.br\/centrocultural\/wp-content\/uploads\/2022\/08\/cinema-ccult-ufmg-180x180.jpg 180w, https:\/\/www.ufmg.br\/centrocultural\/wp-content\/uploads\/2022\/08\/cinema-ccult-ufmg-580x580.jpg 580w\" sizes=\"auto, (max-width: 150px) 100vw, 150px\" \/><\/a>\n\t\t\t<\/div><\/figure><figure class='gallery-item'>\n\t\t\t<div class='gallery-icon landscape'>\n\t\t\t\t<a href='https:\/\/www.ufmg.br\/centrocultural\/home-store\/img_5629\/'><img loading=\"lazy\" decoding=\"async\" width=\"150\" height=\"150\" src=\"https:\/\/www.ufmg.br\/centrocultural\/wp-content\/uploads\/2022\/08\/IMG_5629-300x300.jpg\" class=\"attachment-thumbnail size-thumbnail\" alt=\"\" srcset=\"https:\/\/www.ufmg.br\/centrocultural\/wp-content\/uploads\/2022\/08\/IMG_5629-300x300.jpg 300w, https:\/\/www.ufmg.br\/centrocultural\/wp-content\/uploads\/2022\/08\/IMG_5629-180x180.jpg 180w, https:\/\/www.ufmg.br\/centrocultural\/wp-content\/uploads\/2022\/08\/IMG_5629-580x580.jpg 580w\" sizes=\"auto, (max-width: 150px) 100vw, 150px\" \/><\/a>\n\t\t\t<\/div><\/figure><figure class='gallery-item'>\n\t\t\t<div class='gallery-icon landscape'>\n\t\t\t\t<a href='https:\/\/www.ufmg.br\/centrocultural\/festival-de-inverno-retoma-atividades-presenciais-e-projeta-futuro-da-cultura-na-ufmg\/velha-guarda-samba-bh-divulgacao\/'><img loading=\"lazy\" decoding=\"async\" width=\"150\" height=\"150\" src=\"https:\/\/www.ufmg.br\/centrocultural\/wp-content\/uploads\/2022\/07\/velha-guarda-samba-bh-divulgacao-300x300.jpg\" class=\"attachment-thumbnail size-thumbnail\" alt=\"\" srcset=\"https:\/\/www.ufmg.br\/centrocultural\/wp-content\/uploads\/2022\/07\/velha-guarda-samba-bh-divulgacao-300x300.jpg 300w, https:\/\/www.ufmg.br\/centrocultural\/wp-content\/uploads\/2022\/07\/velha-guarda-samba-bh-divulgacao-180x180.jpg 180w\" sizes=\"auto, (max-width: 150px) 100vw, 150px\" \/><\/a>\n\t\t\t<\/div><\/figure>\n\t\t<\/div>\n\n<p>A <span style=\"color: #333399;\"><a style=\"color: #333399;\" href=\"https:\/\/www.ufmg.br\/centrocultural\/wp-content\/uploads\/2022\/09\/chamada-003-2022-2023-residencia.pdf\">Chamada P\u00fablica 003\/2022<\/a><\/span> apresenta as informa\u00e7\u00f5es de sele\u00e7\u00e3o para experimenta\u00e7\u00e3o e pesquisa em regime de resid\u00eancia art\u00edstica nas \u00e1reas de artes c\u00eanicas, artes visuais, m\u00fasica livre, m\u00faltiplas linguagens e artes gr\u00e1ficas.<\/p>\n<p>J\u00e1 a <span style=\"color: #333399;\"><a style=\"color: #333399;\" href=\"https:\/\/www.ufmg.br\/centrocultural\/wp-content\/uploads\/2022\/09\/chamada-004-2022-2023-eventos.pdf\">Chamada P\u00fablica 004\/2022<\/a><\/span> vai selecionar propostas de eventos culturais nas \u00e1reas de artes c\u00eanicas, m\u00fasica, poesia e literatura para o per\u00edodo de mar\u00e7o a dezembro de 2023.<\/p>\n<p>Outra linha de sele\u00e7\u00e3o aberta abrange propostas para exibi\u00e7\u00f5es cinematogr\u00e1ficas no Centro Cultural UFMG. As as orienta\u00e7\u00f5es est\u00e3o dispon\u00edveis na <span style=\"color: #333399;\"><a style=\"color: #333399;\" href=\"https:\/\/www.ufmg.br\/centrocultural\/wp-content\/uploads\/2022\/09\/chamada-005-2022-2023-cinecentro.pdf\">Chamada P\u00fablica 005\/2022<\/a><\/span>.<\/p>\n<p>Para quem deseja apresentar proposta de exposi\u00e7\u00e3o nos espa\u00e7os do Centro Cultural UFMG (Grande Galeria, Sala Celso Renato de Lima e Sala Ana Horta e Experimenta\u00e7\u00e3o da Imagem), as informa\u00e7\u00f5es completas podem ser acessadas na <span style=\"color: #333399;\"><a style=\"color: #333399;\" href=\"https:\/\/www.ufmg.br\/centrocultural\/wp-content\/uploads\/2022\/09\/chamada-006-2022-2023-galerias.pdf\">Chamada P\u00fablica 006\/2022<\/a><\/span>.<\/p>\n<p>As atividades selecionadas pelas chamadas p\u00fablicas ser\u00e3o realizadas no ano de 2023.<\/p>\n<p>&nbsp;<\/p>\n<h5><strong>Para saber mais:<\/strong><\/h5>\n<p><span style=\"color: #333399;\"><a style=\"color: #333399;\" href=\"https:\/\/www.ufmg.br\/centrocultural\/projeto-cinecentro-recebe-propostas-para-exibicoes-cinematograficas\/\">Projeto CineCentro recebe propostas para exibi\u00e7\u00f5es cinematogr\u00e1ficas &gt;<\/a><\/span><\/p>\n<p><span style=\"color: #333399;\"><a style=\"color: #333399;\" href=\"https:\/\/www.ufmg.br\/centrocultural\/centro-cultural-ufmg-seleciona-propostas-para-exposicao-em-suas-galerias\/\">Centro Cultural UFMG seleciona propostas para exposi\u00e7\u00e3o em suas galerias &gt;<\/a><\/span><\/p>\n<p><span style=\"color: #333399;\"><a style=\"color: #333399;\" href=\"https:\/\/www.ufmg.br\/centrocultural\/chamada-para-residencia-estimula-pesquisa-na-musica-literatura-e-artes-cenicas-visuais-e-graficas\/\">Chamada para resid\u00eancia estimula pesquisa na m\u00fasica, literatura e artes c\u00eanicas, visuais e gr\u00e1ficas &gt;<\/a><\/span><\/p>\n<p><span style=\"color: #333399;\"><a style=\"color: #333399;\" href=\"https:\/\/www.ufmg.br\/centrocultural\/prazo-para-propostas-de-eventos-culturais-no-centro-cultural-ufmg-abre-em-19-de-setembro\/\">Aberto prazo para propostas de eventos culturais no Centro Cultural UFMG &gt;<\/a><\/span><\/p>\n","protected":false},"excerpt":{"rendered":"<p>O Centro Cultural UFMG recebe, at\u00e9 neste domingo, 6 de novembro de 2022, inscri\u00e7\u00e3o de propostas do p\u00fablico para realiza\u00e7\u00e3o de eventos culturais, atividades de resid\u00eancia art\u00edstica e para os&#8230;<\/p>\n","protected":false},"author":8,"featured_media":20922,"comment_status":"closed","ping_status":"closed","sticky":false,"template":"","format":"standard","meta":{"footnotes":""},"categories":[46],"tags":[93],"class_list":["post-20914","post","type-post","status-publish","format-standard","has-post-thumbnail","hentry","category-editais","tag-chamadapublica"],"_links":{"self":[{"href":"https:\/\/www.ufmg.br\/centrocultural\/wp-json\/wp\/v2\/posts\/20914","targetHints":{"allow":["GET"]}}],"collection":[{"href":"https:\/\/www.ufmg.br\/centrocultural\/wp-json\/wp\/v2\/posts"}],"about":[{"href":"https:\/\/www.ufmg.br\/centrocultural\/wp-json\/wp\/v2\/types\/post"}],"author":[{"embeddable":true,"href":"https:\/\/www.ufmg.br\/centrocultural\/wp-json\/wp\/v2\/users\/8"}],"replies":[{"embeddable":true,"href":"https:\/\/www.ufmg.br\/centrocultural\/wp-json\/wp\/v2\/comments?post=20914"}],"version-history":[{"count":7,"href":"https:\/\/www.ufmg.br\/centrocultural\/wp-json\/wp\/v2\/posts\/20914\/revisions"}],"predecessor-version":[{"id":20929,"href":"https:\/\/www.ufmg.br\/centrocultural\/wp-json\/wp\/v2\/posts\/20914\/revisions\/20929"}],"wp:featuredmedia":[{"embeddable":true,"href":"https:\/\/www.ufmg.br\/centrocultural\/wp-json\/wp\/v2\/media\/20922"}],"wp:attachment":[{"href":"https:\/\/www.ufmg.br\/centrocultural\/wp-json\/wp\/v2\/media?parent=20914"}],"wp:term":[{"taxonomy":"category","embeddable":true,"href":"https:\/\/www.ufmg.br\/centrocultural\/wp-json\/wp\/v2\/categories?post=20914"},{"taxonomy":"post_tag","embeddable":true,"href":"https:\/\/www.ufmg.br\/centrocultural\/wp-json\/wp\/v2\/tags?post=20914"}],"curies":[{"name":"wp","href":"https:\/\/api.w.org\/{rel}","templated":true}]}}