{"id":21071,"date":"2022-11-18T12:18:03","date_gmt":"2022-11-18T15:18:03","guid":{"rendered":"https:\/\/www.ufmg.br\/centrocultural\/?p=21071"},"modified":"2023-06-20T09:05:33","modified_gmt":"2023-06-20T12:05:33","slug":"artistas-visuais-finalizam-residencia-artistica-no-centro-cultural-ufmg-com-exposicao-de-seus-trabalhos","status":"publish","type":"post","link":"https:\/\/www.ufmg.br\/centrocultural\/artistas-visuais-finalizam-residencia-artistica-no-centro-cultural-ufmg-com-exposicao-de-seus-trabalhos\/","title":{"rendered":"Artistas visuais finalizam resid\u00eancia art\u00edstica no Centro Cultural UFMG com exposi\u00e7\u00e3o de seus trabalhos"},"content":{"rendered":"<div id=\"cmsmasters_row_byrp52m1lu\" class=\"cmsmasters_row cmsmasters_color_scheme_default cmsmasters_row_top_default cmsmasters_row_bot_default cmsmasters_row_boxed\">\n<div class=\"cmsmasters_row_outer_parent\">\n<div class=\"cmsmasters_row_outer\">\n<div class=\"cmsmasters_row_inner\">\n<div class=\"cmsmasters_row_margin\">\n<div id=\"cmsmasters_column_i24cwt1pcl\" class=\"cmsmasters_column one_first\">\n<div class=\"cmsmasters_column_inner\">\n<div class=\"cmsmasters_sharing\">\n<div class=\"share_wrap\">\n<a href=\"https:\/\/twitter.com\/intent\/tweet?text=Check+out+%27Artistas+visuais+finalizam+resid%C3%AAncia+art%C3%ADstica+no+Centro+Cultural+UFMG+com+exposi%C3%A7%C3%A3o+de+seus+trabalhos%27+on+Centro+Cultural++UFMG+website&url=https%3A%2F%2Fwww.ufmg.br%2Fcentrocultural%2Fartistas-visuais-finalizam-residencia-artistica-no-centro-cultural-ufmg-com-exposicao-de-seus-trabalhos%2F\" class=\"button cmsmasters-icon-twitter\">Twitter<\/a>\n<\/div>\n<div class=\"share_wrap\">\n<a href=\"https:\/\/www.facebook.com\/sharer\/sharer.php?display=popup&u=https%3A%2F%2Fwww.ufmg.br%2Fcentrocultural%2Fartistas-visuais-finalizam-residencia-artistica-no-centro-cultural-ufmg-com-exposicao-de-seus-trabalhos%2F\" class=\"button cmsmasters-icon-facebook\">Facebook<\/a>\n<\/div>\n<\/div>\n<\/div><\/div>\n<\/div>\n<\/div>\n<\/div>\n<\/div>\n<\/div>\n<div id=\"cmsmasters_row_\" class=\"cmsmasters_row cmsmasters_color_scheme_default cmsmasters_row_top_default cmsmasters_row_bot_default cmsmasters_row_boxed\">\n<div class=\"cmsmasters_row_outer_parent\">\n<div class=\"cmsmasters_row_outer\">\n<div class=\"cmsmasters_row_inner\">\n<div class=\"cmsmasters_row_margin\">\n<div id=\"cmsmasters_column_\" class=\"cmsmasters_column one_first\">\n<div class=\"cmsmasters_column_inner\"><div class=\"cmsmasters_text\">\n<p>O Centro Cultural UFMG convida para a abertura das exposi\u00e7\u00f5es dos artistas visuais que integraram a resid\u00eancia art\u00edstica Atelier Aberto em 2022, na sexta-feira, dia 25 de novembro de 2022, \u00e0s 19 horas.<\/p>\n<ul>\n<li><span style=\"color: #333399;\"><a style=\"color: #333399;\" href=\"https:\/\/api.whatsapp.com\/send?text=https:\/\/www.ufmg.br\/centrocultural\/artistas-visuais-finalizam-residencia-artistica-no-centro-cultural-ufmg-com-exposicao-de-seus-trabalhos\/\">Compartilhe no WhatsApp<\/a><\/span><\/li>\n<li><span style=\"color: #333399;\"><a style=\"color: #333399;\" href=\"https:\/\/telegram.me\/share\/url?url=%20https:\/\/www.ufmg.br\/centrocultural\/artistas-visuais-finalizam-residencia-artistica-no-centro-cultural-ufmg-com-exposicao-de-seus-trabalhos\/\">Compartilhe no Telegram<\/a><\/span><\/li>\n<li><span style=\"color: #333399;\"><a style=\"color: #333399;\" href=\"https:\/\/www.ufmg.br\/centrocultural\/wp-content\/uploads\/2022\/11\/exposicao-residencia-artistica-2022.jpg\" target=\"_blank\" rel=\"noopener\">Acesse o convite da exposi\u00e7\u00e3o<\/a><\/span><\/li>\n<\/ul>\n<p>A mostra re\u00fane cria\u00e7\u00f5es dos grupos \u2018Imagina\u00e7\u00e3o Comum\u2019, \u2018Rebento\u2019 e do projeto \u2018Apontamentos\u2019, contemplados pela chamada p\u00fablica 2019\/2020, como atividade de encerramento da resid\u00eancia art\u00edstica. As obras poder\u00e3o ser vistas at\u00e9 o dia 13 de dezembro de 2022. A entrada \u00e9 gratuita, com classifica\u00e7\u00e3o livre.<\/p>\n<p><strong>As exposi\u00e7\u00f5es<\/strong><\/p>\n<p>GERMINAR MEM\u00d3RIAS<br \/>\nGrupo Imagina\u00e7\u00e3o Comum<br \/>\nAmanda Abreu | Daiely Gon\u00e7alves | Luiza Poeiras | Manu Lima | Murilo Caixeta<\/p>\n<div id='gallery-1' class='gallery galleryid-21071 gallery-columns-3 gallery-size-thumbnail'><figure class='gallery-item'>\n\t\t\t<div class='gallery-icon landscape'>\n\t\t\t\t<a href='https:\/\/www.ufmg.br\/centrocultural\/artistas-visuais-finalizam-residencia-artistica-no-centro-cultural-ufmg-com-exposicao-de-seus-trabalhos\/exposicao-tudo-esta-em-tudo-grupo-germinar-1\/'><img loading=\"lazy\" decoding=\"async\" width=\"150\" height=\"150\" src=\"https:\/\/www.ufmg.br\/centrocultural\/wp-content\/uploads\/2022\/11\/exposicao-tudo-esta-em-tudo-grupo-germinar-1-300x300.jpg\" class=\"attachment-thumbnail size-thumbnail\" alt=\"\" srcset=\"https:\/\/www.ufmg.br\/centrocultural\/wp-content\/uploads\/2022\/11\/exposicao-tudo-esta-em-tudo-grupo-germinar-1-300x300.jpg 300w, https:\/\/www.ufmg.br\/centrocultural\/wp-content\/uploads\/2022\/11\/exposicao-tudo-esta-em-tudo-grupo-germinar-1-180x180.jpg 180w, https:\/\/www.ufmg.br\/centrocultural\/wp-content\/uploads\/2022\/11\/exposicao-tudo-esta-em-tudo-grupo-germinar-1-580x580.jpg 580w\" sizes=\"auto, (max-width: 150px) 100vw, 150px\" \/><\/a>\n\t\t\t<\/div><\/figure><figure class='gallery-item'>\n\t\t\t<div class='gallery-icon landscape'>\n\t\t\t\t<a href='https:\/\/www.ufmg.br\/centrocultural\/artistas-visuais-finalizam-residencia-artistica-no-centro-cultural-ufmg-com-exposicao-de-seus-trabalhos\/exposicao-tudo-esta-em-tudo-grupo-germinar-2\/'><img loading=\"lazy\" decoding=\"async\" width=\"150\" height=\"150\" src=\"https:\/\/www.ufmg.br\/centrocultural\/wp-content\/uploads\/2022\/11\/exposicao-tudo-esta-em-tudo-grupo-germinar-2-300x300.jpg\" class=\"attachment-thumbnail size-thumbnail\" alt=\"\" srcset=\"https:\/\/www.ufmg.br\/centrocultural\/wp-content\/uploads\/2022\/11\/exposicao-tudo-esta-em-tudo-grupo-germinar-2-300x300.jpg 300w, https:\/\/www.ufmg.br\/centrocultural\/wp-content\/uploads\/2022\/11\/exposicao-tudo-esta-em-tudo-grupo-germinar-2-180x180.jpg 180w, https:\/\/www.ufmg.br\/centrocultural\/wp-content\/uploads\/2022\/11\/exposicao-tudo-esta-em-tudo-grupo-germinar-2-580x580.jpg 580w\" sizes=\"auto, (max-width: 150px) 100vw, 150px\" \/><\/a>\n\t\t\t<\/div><\/figure><figure class='gallery-item'>\n\t\t\t<div class='gallery-icon landscape'>\n\t\t\t\t<a href='https:\/\/www.ufmg.br\/centrocultural\/artistas-visuais-finalizam-residencia-artistica-no-centro-cultural-ufmg-com-exposicao-de-seus-trabalhos\/exposicao-tudo-esta-em-tudo-grupo-germinar-3\/'><img loading=\"lazy\" decoding=\"async\" width=\"150\" height=\"150\" src=\"https:\/\/www.ufmg.br\/centrocultural\/wp-content\/uploads\/2022\/11\/exposicao-tudo-esta-em-tudo-grupo-germinar-3-300x300.jpg\" class=\"attachment-thumbnail size-thumbnail\" alt=\"\" srcset=\"https:\/\/www.ufmg.br\/centrocultural\/wp-content\/uploads\/2022\/11\/exposicao-tudo-esta-em-tudo-grupo-germinar-3-300x300.jpg 300w, https:\/\/www.ufmg.br\/centrocultural\/wp-content\/uploads\/2022\/11\/exposicao-tudo-esta-em-tudo-grupo-germinar-3-180x180.jpg 180w, https:\/\/www.ufmg.br\/centrocultural\/wp-content\/uploads\/2022\/11\/exposicao-tudo-esta-em-tudo-grupo-germinar-3-580x580.jpg 580w\" sizes=\"auto, (max-width: 150px) 100vw, 150px\" \/><\/a>\n\t\t\t<\/div><\/figure>\n\t\t<\/div>\n<p>&#8220;O movimento da exist\u00eancia produz todas as coisas: energia, elementos, mat\u00e9rias, formas de vida. Ciclos e camadas de experi\u00eancias e mem\u00f3rias minerais, vegetais e animais. \u00c9 um pulsar incessante, ligando tudo que veio antes de n\u00f3s e tudo que ainda vir\u00e1. Em um mundo de mercadorias, depreendido de sua pr\u00f3pria natureza e suas ancestralidades, buscamos retornar a terra. Germinar aquilo que brota nas matas, nos terreiros, nos jardins, nas ruas, pela for\u00e7a da pr\u00f3pria vida, num fluxo natural e perene de resist\u00eancia. Entre pensamentos que se complementam, trabalhamos coletivamente em pesquisas e estudos interconectados com as nossas pr\u00e1ticas art\u00edsticas e nossas buscas por transforma\u00e7\u00f5es sociais.&#8221;<\/p>\n<p>LINHA D<br \/>\nGrupo Rebento<br \/>\nJ\u00falia Abdalla | Lara Mortimer | Wander Rocha | Yan Nicolas<\/p>\n<div id='gallery-2' class='gallery galleryid-21071 gallery-columns-3 gallery-size-thumbnail'><figure class='gallery-item'>\n\t\t\t<div class='gallery-icon landscape'>\n\t\t\t\t<a href='https:\/\/www.ufmg.br\/centrocultural\/artistas-visuais-finalizam-residencia-artistica-no-centro-cultural-ufmg-com-exposicao-de-seus-trabalhos\/img_6247-2\/'><img loading=\"lazy\" decoding=\"async\" width=\"150\" height=\"150\" src=\"https:\/\/www.ufmg.br\/centrocultural\/wp-content\/uploads\/2022\/11\/IMG_6247-300x300.jpg\" class=\"attachment-thumbnail size-thumbnail\" alt=\"\" srcset=\"https:\/\/www.ufmg.br\/centrocultural\/wp-content\/uploads\/2022\/11\/IMG_6247-300x300.jpg 300w, https:\/\/www.ufmg.br\/centrocultural\/wp-content\/uploads\/2022\/11\/IMG_6247-180x180.jpg 180w, https:\/\/www.ufmg.br\/centrocultural\/wp-content\/uploads\/2022\/11\/IMG_6247-580x580.jpg 580w\" sizes=\"auto, (max-width: 150px) 100vw, 150px\" \/><\/a>\n\t\t\t<\/div><\/figure><figure class='gallery-item'>\n\t\t\t<div class='gallery-icon portrait'>\n\t\t\t\t<a href='https:\/\/www.ufmg.br\/centrocultural\/artistas-visuais-finalizam-residencia-artistica-no-centro-cultural-ufmg-com-exposicao-de-seus-trabalhos\/img_20221118_160214341-2\/'><img loading=\"lazy\" decoding=\"async\" width=\"150\" height=\"150\" src=\"https:\/\/www.ufmg.br\/centrocultural\/wp-content\/uploads\/2022\/11\/IMG_20221118_160214341-1-300x300.jpg\" class=\"attachment-thumbnail size-thumbnail\" alt=\"\" srcset=\"https:\/\/www.ufmg.br\/centrocultural\/wp-content\/uploads\/2022\/11\/IMG_20221118_160214341-1-300x300.jpg 300w, https:\/\/www.ufmg.br\/centrocultural\/wp-content\/uploads\/2022\/11\/IMG_20221118_160214341-1-180x180.jpg 180w, https:\/\/www.ufmg.br\/centrocultural\/wp-content\/uploads\/2022\/11\/IMG_20221118_160214341-1-580x580.jpg 580w\" sizes=\"auto, (max-width: 150px) 100vw, 150px\" \/><\/a>\n\t\t\t<\/div><\/figure><figure class='gallery-item'>\n\t\t\t<div class='gallery-icon landscape'>\n\t\t\t\t<a href='https:\/\/www.ufmg.br\/centrocultural\/artistas-visuais-finalizam-residencia-artistica-no-centro-cultural-ufmg-com-exposicao-de-seus-trabalhos\/p_20211117_154041_vhdr_on\/'><img loading=\"lazy\" decoding=\"async\" width=\"150\" height=\"150\" src=\"https:\/\/www.ufmg.br\/centrocultural\/wp-content\/uploads\/2022\/11\/P_20211117_154041_vHDR_On-300x300.jpg\" class=\"attachment-thumbnail size-thumbnail\" alt=\"\" srcset=\"https:\/\/www.ufmg.br\/centrocultural\/wp-content\/uploads\/2022\/11\/P_20211117_154041_vHDR_On-300x300.jpg 300w, https:\/\/www.ufmg.br\/centrocultural\/wp-content\/uploads\/2022\/11\/P_20211117_154041_vHDR_On-180x180.jpg 180w, https:\/\/www.ufmg.br\/centrocultural\/wp-content\/uploads\/2022\/11\/P_20211117_154041_vHDR_On-580x580.jpg 580w\" sizes=\"auto, (max-width: 150px) 100vw, 150px\" \/><\/a>\n\t\t\t<\/div><\/figure>\n\t\t<\/div>\n<p>Os artistas re\u00fanem trabalhos em diferentes t\u00e9cnicas e propostas art\u00edsticas, que abordam quest\u00f5es da imagem-escrita, paisagem, corpo e as m\u00faltiplas possibilidades do desenho. O grupo tem como interesse as reflex\u00f5es e experimenta\u00e7\u00f5es vivenciadas dentro do processo de cria\u00e7\u00e3o.<\/p>\n<p>O DURO, O MOLE E O COMPRIDO<br \/>\nProjeto Apontamentos<br \/>\nHenrique Biatto | Ma\u00edra Botelho<\/p>\n<div id='gallery-3' class='gallery galleryid-21071 gallery-columns-5 gallery-size-thumbnail'><figure class='gallery-item'>\n\t\t\t<div class='gallery-icon landscape'>\n\t\t\t\t<a href='https:\/\/www.ufmg.br\/centrocultural\/artistas-visuais-finalizam-residencia-artistica-no-centro-cultural-ufmg-com-exposicao-de-seus-trabalhos\/dialogo-2\/'><img loading=\"lazy\" decoding=\"async\" width=\"150\" height=\"150\" src=\"https:\/\/www.ufmg.br\/centrocultural\/wp-content\/uploads\/2022\/11\/dialogo-2-300x300.jpg\" class=\"attachment-thumbnail size-thumbnail\" alt=\"\" srcset=\"https:\/\/www.ufmg.br\/centrocultural\/wp-content\/uploads\/2022\/11\/dialogo-2-300x300.jpg 300w, https:\/\/www.ufmg.br\/centrocultural\/wp-content\/uploads\/2022\/11\/dialogo-2-180x180.jpg 180w, https:\/\/www.ufmg.br\/centrocultural\/wp-content\/uploads\/2022\/11\/dialogo-2-580x580.jpg 580w\" sizes=\"auto, (max-width: 150px) 100vw, 150px\" \/><\/a>\n\t\t\t<\/div><\/figure><figure class='gallery-item'>\n\t\t\t<div class='gallery-icon landscape'>\n\t\t\t\t<a href='https:\/\/www.ufmg.br\/centrocultural\/artistas-visuais-finalizam-residencia-artistica-no-centro-cultural-ufmg-com-exposicao-de-seus-trabalhos\/desenho3\/'><img loading=\"lazy\" decoding=\"async\" width=\"150\" height=\"150\" src=\"https:\/\/www.ufmg.br\/centrocultural\/wp-content\/uploads\/2022\/11\/desenho3-300x300.jpg\" class=\"attachment-thumbnail size-thumbnail\" alt=\"\" srcset=\"https:\/\/www.ufmg.br\/centrocultural\/wp-content\/uploads\/2022\/11\/desenho3-300x300.jpg 300w, https:\/\/www.ufmg.br\/centrocultural\/wp-content\/uploads\/2022\/11\/desenho3-180x180.jpg 180w, https:\/\/www.ufmg.br\/centrocultural\/wp-content\/uploads\/2022\/11\/desenho3-580x580.jpg 580w\" sizes=\"auto, (max-width: 150px) 100vw, 150px\" \/><\/a>\n\t\t\t<\/div><\/figure><figure class='gallery-item'>\n\t\t\t<div class='gallery-icon landscape'>\n\t\t\t\t<a href='https:\/\/www.ufmg.br\/centrocultural\/artistas-visuais-finalizam-residencia-artistica-no-centro-cultural-ufmg-com-exposicao-de-seus-trabalhos\/luva\/'><img loading=\"lazy\" decoding=\"async\" width=\"150\" height=\"150\" src=\"https:\/\/www.ufmg.br\/centrocultural\/wp-content\/uploads\/2022\/11\/luva-300x300.jpg\" class=\"attachment-thumbnail size-thumbnail\" alt=\"\" srcset=\"https:\/\/www.ufmg.br\/centrocultural\/wp-content\/uploads\/2022\/11\/luva-300x300.jpg 300w, https:\/\/www.ufmg.br\/centrocultural\/wp-content\/uploads\/2022\/11\/luva-180x180.jpg 180w, https:\/\/www.ufmg.br\/centrocultural\/wp-content\/uploads\/2022\/11\/luva-580x580.jpg 580w\" sizes=\"auto, (max-width: 150px) 100vw, 150px\" \/><\/a>\n\t\t\t<\/div><\/figure><figure class='gallery-item'>\n\t\t\t<div class='gallery-icon portrait'>\n\t\t\t\t<a href='https:\/\/www.ufmg.br\/centrocultural\/artistas-visuais-finalizam-residencia-artistica-no-centro-cultural-ufmg-com-exposicao-de-seus-trabalhos\/escultura_som\/'><img loading=\"lazy\" decoding=\"async\" width=\"150\" height=\"150\" src=\"https:\/\/www.ufmg.br\/centrocultural\/wp-content\/uploads\/2022\/11\/escultura_som-300x300.jpg\" class=\"attachment-thumbnail size-thumbnail\" alt=\"\" srcset=\"https:\/\/www.ufmg.br\/centrocultural\/wp-content\/uploads\/2022\/11\/escultura_som-300x300.jpg 300w, https:\/\/www.ufmg.br\/centrocultural\/wp-content\/uploads\/2022\/11\/escultura_som-180x180.jpg 180w, https:\/\/www.ufmg.br\/centrocultural\/wp-content\/uploads\/2022\/11\/escultura_som-580x580.jpg 580w\" sizes=\"auto, (max-width: 150px) 100vw, 150px\" \/><\/a>\n\t\t\t<\/div><\/figure><figure class='gallery-item'>\n\t\t\t<div class='gallery-icon portrait'>\n\t\t\t\t<a href='https:\/\/www.ufmg.br\/centrocultural\/artistas-visuais-finalizam-residencia-artistica-no-centro-cultural-ufmg-com-exposicao-de-seus-trabalhos\/veado\/'><img loading=\"lazy\" decoding=\"async\" width=\"150\" height=\"150\" src=\"https:\/\/www.ufmg.br\/centrocultural\/wp-content\/uploads\/2022\/11\/veado-300x300.jpg\" class=\"attachment-thumbnail size-thumbnail\" alt=\"\" srcset=\"https:\/\/www.ufmg.br\/centrocultural\/wp-content\/uploads\/2022\/11\/veado-300x300.jpg 300w, https:\/\/www.ufmg.br\/centrocultural\/wp-content\/uploads\/2022\/11\/veado-180x180.jpg 180w, https:\/\/www.ufmg.br\/centrocultural\/wp-content\/uploads\/2022\/11\/veado-580x580.jpg 580w\" sizes=\"auto, (max-width: 150px) 100vw, 150px\" \/><\/a>\n\t\t\t<\/div><\/figure>\n\t\t<\/div>\n<p>A exposi\u00e7\u00e3o \u00e9 resultado da resid\u00eancia art\u00edstica no Centro Cultural UFMG dedicada ao segundo ciclo do projeto \u2018Apontamentos\u2019. A investiga\u00e7\u00e3o culminou em uma exposi\u00e7\u00e3o e performance na cidade onde residem, Lisboa, Portugal, em 2021, e agora acontece em Belo Horizonte, cidade natal dos artistas. Biatto e Botelho criaram uma metodologia de trabalho que utiliza o gesto como dispositivo especulativo. \u2018Apontamentos\u2019 se refere ao gesto paradoxal de apontar manualmente um l\u00e1pis at\u00e9 o seu esgotamento. Essa opera\u00e7\u00e3o fenomenol\u00f3gica \u00e9 performada e a experi\u00eancia vivida \u00e9 o que instiga a cria\u00e7\u00e3o de novas mat\u00e9rias.<\/p>\n<p><span style=\"font-size: 10.8333px;\">[Foto de capa: imagem do grupo Linha d]<\/span><\/p>\n<\/div>\n<\/div><\/div>\n<\/div>\n<\/div>\n<\/div>\n<\/div>\n<\/div>\n<div id=\"cmsmasters_row_omwx088mvk\" class=\"cmsmasters_row cmsmasters_color_scheme_default cmsmasters_row_top_default cmsmasters_row_bot_default cmsmasters_row_boxed\">\n<div class=\"cmsmasters_row_outer_parent\">\n<div class=\"cmsmasters_row_outer\">\n<div class=\"cmsmasters_row_inner\">\n<div class=\"cmsmasters_row_margin\">\n<div id=\"cmsmasters_column_af3a67039i\" class=\"cmsmasters_column one_first\">\n<div class=\"cmsmasters_column_inner\">\n<div id=\"cmsmasters_divider_6d10s6ghgh\" class=\"cmsmasters_divider cmsmasters_divider_width_long cmsmasters_divider_pos_center\"><\/div>\n<\/div><\/div>\n<\/div>\n<\/div>\n<\/div>\n<\/div>\n<\/div>\n<div id=\"cmsmasters_row_t3c22q9w6m\" class=\"cmsmasters_row cmsmasters_color_scheme_default cmsmasters_row_top_default cmsmasters_row_bot_default cmsmasters_row_boxed\">\n<div class=\"cmsmasters_row_outer_parent\">\n<div class=\"cmsmasters_row_outer\">\n<div class=\"cmsmasters_row_inner\">\n<div class=\"cmsmasters_row_margin\">\n<div id=\"cmsmasters_column_toijiibenl\" class=\"cmsmasters_column one_first\">\n<div class=\"cmsmasters_column_inner\"><div class=\"cmsmasters_text\">\n<p><strong>Exposi\u00e7\u00e3o \u2018Resid\u00eancia Art\u00edstica Atelier Aberto\u2019<\/strong><\/p>\n<p>Abertura: 25 de novembro de 2022 | \u00e0s 19 horas<br \/>\nVisita\u00e7\u00e3o: at\u00e9 o dia 13\/12\/2022<br \/>\nTer\u00e7as a sextas: 9h \u00e0s 20h<br \/>\nS\u00e1bados, domingos e feriados: 9h \u00e0s 17h<br \/>\nClassifica\u00e7\u00e3o indicativa: livre<br \/>\nEntrada gratuita<br \/>\nGrande Galeria do Centro Cultural UFMG<br \/>\nEndere\u00e7o: Avenida Santos Dumont 174 &#8211; Centro &#8211; Belo Horizonte<br \/>\n<span style=\"color: #333399;\"><a style=\"color: #333399;\" href=\"https:\/\/www.google.com.br\/maps\/dir\/\/Av.+Santos+Dumont,+174+-+Centro,+Belo+Horizonte+-+MG,+30111-040\/@-19.9170546,-43.9360151,17z\/data=!4m6!4m5!1m0!1m2!1m1!1s0xa699fbd5aaae01:0xab4780c129fa0883!3e0\">Consulte rotas e meios para chegar<\/a><\/span><\/p>\n<\/div>\n<\/div><\/div>\n<\/div>\n<\/div>\n<\/div>\n<\/div>\n<\/div>\n<div id=\"cmsmasters_row_6kvmqaa7i\" class=\"cmsmasters_row cmsmasters_color_scheme_default cmsmasters_row_top_default cmsmasters_row_bot_default cmsmasters_row_boxed\">\n<div class=\"cmsmasters_row_outer_parent\">\n<div class=\"cmsmasters_row_outer\">\n<div class=\"cmsmasters_row_inner\">\n<div class=\"cmsmasters_row_margin\">\n<div id=\"cmsmasters_column_sf8b3oog58\" class=\"cmsmasters_column three_fourth\">\n<div class=\"cmsmasters_column_inner\"><div id=\"cmsmasters_notice_smk9h2u97i\" class=\"cmsmasters_notice cmsmasters_notice_warning cmsmasters-icon-check-1\">\n<a href=\"#\" class=\"notice_close cmsmasters_theme_icon_cancel\"><\/a><div class=\"notice_content\">\n<p>Lembre-se: \u00e9 recomend\u00e1vel o uso de m\u00e1scara nos espa\u00e7os do Centro Cultural UFMG mesmo para imunizados<\/p>\n<\/div>\n<\/div>\n<\/div><\/div>\n<div id=\"cmsmasters_column_ioy14g1s5h\" class=\"cmsmasters_column one_fourth\">\n<div class=\"cmsmasters_column_inner\"><\/div><\/div>\n<\/div>\n<\/div>\n<\/div>\n<\/div>\n<\/div>\n\n","protected":false},"excerpt":{"rendered":"","protected":false},"author":5,"featured_media":21097,"comment_status":"closed","ping_status":"closed","sticky":false,"template":"","format":"standard","meta":{"footnotes":""},"categories":[121,91],"tags":[402,397,403,122,398,195,196,404,399,405,406,113,400,401],"class_list":["post-21071","post","type-post","status-publish","format-standard","has-post-thumbnail","hentry","category-exposicoes","category-noticias","tag-amandaabreu","tag-atelieraberto","tag-daielygoncalves","tag-exposicao","tag-henriquebiatto","tag-juliaabdalla","tag-laramortimer","tag-luizapoeiras","tag-mairabotelho","tag-manulima","tag-murilocaixeta","tag-residenciaartistica","tag-wanderrocha","tag-yannicolas"],"_links":{"self":[{"href":"https:\/\/www.ufmg.br\/centrocultural\/wp-json\/wp\/v2\/posts\/21071","targetHints":{"allow":["GET"]}}],"collection":[{"href":"https:\/\/www.ufmg.br\/centrocultural\/wp-json\/wp\/v2\/posts"}],"about":[{"href":"https:\/\/www.ufmg.br\/centrocultural\/wp-json\/wp\/v2\/types\/post"}],"author":[{"embeddable":true,"href":"https:\/\/www.ufmg.br\/centrocultural\/wp-json\/wp\/v2\/users\/5"}],"replies":[{"embeddable":true,"href":"https:\/\/www.ufmg.br\/centrocultural\/wp-json\/wp\/v2\/comments?post=21071"}],"version-history":[{"count":18,"href":"https:\/\/www.ufmg.br\/centrocultural\/wp-json\/wp\/v2\/posts\/21071\/revisions"}],"predecessor-version":[{"id":21119,"href":"https:\/\/www.ufmg.br\/centrocultural\/wp-json\/wp\/v2\/posts\/21071\/revisions\/21119"}],"wp:featuredmedia":[{"embeddable":true,"href":"https:\/\/www.ufmg.br\/centrocultural\/wp-json\/wp\/v2\/media\/21097"}],"wp:attachment":[{"href":"https:\/\/www.ufmg.br\/centrocultural\/wp-json\/wp\/v2\/media?parent=21071"}],"wp:term":[{"taxonomy":"category","embeddable":true,"href":"https:\/\/www.ufmg.br\/centrocultural\/wp-json\/wp\/v2\/categories?post=21071"},{"taxonomy":"post_tag","embeddable":true,"href":"https:\/\/www.ufmg.br\/centrocultural\/wp-json\/wp\/v2\/tags?post=21071"}],"curies":[{"name":"wp","href":"https:\/\/api.w.org\/{rel}","templated":true}]}}