{"id":22091,"date":"2023-03-02T10:59:22","date_gmt":"2023-03-02T13:59:22","guid":{"rendered":"https:\/\/www.ufmg.br\/centrocultural\/?p=22091"},"modified":"2023-06-20T08:57:21","modified_gmt":"2023-06-20T11:57:21","slug":"com-ingressos-esgotados-os-orixas-do-giramundo-voltam-aos-palcos-no-centro-cultural-conheca-o-grupo","status":"publish","type":"post","link":"https:\/\/www.ufmg.br\/centrocultural\/com-ingressos-esgotados-os-orixas-do-giramundo-voltam-aos-palcos-no-centro-cultural-conheca-o-grupo\/","title":{"rendered":"Com ingressos esgotados, &#8216;Os orix\u00e1s&#8217;, do Giramundo, voltam aos palcos no Centro Cultural; conhe\u00e7a o grupo"},"content":{"rendered":"<div id=\"cmsmasters_row_p726ptfrhl\" class=\"cmsmasters_row cmsmasters_color_scheme_default cmsmasters_row_top_default cmsmasters_row_bot_default cmsmasters_row_boxed\">\n<div class=\"cmsmasters_row_outer_parent\">\n<div class=\"cmsmasters_row_outer\">\n<div class=\"cmsmasters_row_inner\">\n<div class=\"cmsmasters_row_margin\">\n<div id=\"cmsmasters_column_r48l6rzss\" class=\"cmsmasters_column one_first\">\n<div class=\"cmsmasters_column_inner\">\n<div class=\"cmsmasters_sharing\">\n<div class=\"share_wrap\">\n<a href=\"https:\/\/twitter.com\/intent\/tweet?text=Check+out+%27Com+ingressos+esgotados%2C+%E2%80%98Os+orix%C3%A1s%E2%80%99%2C+do+Giramundo%2C+voltam+aos+palcos+no+Centro+Cultural%3B+conhe%C3%A7a+o+grupo%27+on+Centro+Cultural++UFMG+website&url=https%3A%2F%2Fwww.ufmg.br%2Fcentrocultural%2Fcom-ingressos-esgotados-os-orixas-do-giramundo-voltam-aos-palcos-no-centro-cultural-conheca-o-grupo%2F\" class=\"button cmsmasters-icon-twitter\">Twitter<\/a>\n<\/div>\n<div class=\"share_wrap\">\n<a href=\"https:\/\/www.facebook.com\/sharer\/sharer.php?display=popup&u=https%3A%2F%2Fwww.ufmg.br%2Fcentrocultural%2Fcom-ingressos-esgotados-os-orixas-do-giramundo-voltam-aos-palcos-no-centro-cultural-conheca-o-grupo%2F\" class=\"button cmsmasters-icon-facebook\">Facebook<\/a>\n<\/div>\n<\/div>\n<\/div><\/div>\n<\/div>\n<\/div>\n<\/div>\n<\/div>\n<\/div>\n<div id=\"cmsmasters_row_\" class=\"cmsmasters_row cmsmasters_color_scheme_default cmsmasters_row_top_default cmsmasters_row_bot_default cmsmasters_row_boxed\">\n<div class=\"cmsmasters_row_outer_parent\">\n<div class=\"cmsmasters_row_outer\">\n<div class=\"cmsmasters_row_inner\">\n<div class=\"cmsmasters_row_margin\">\n<div id=\"cmsmasters_column_\" class=\"cmsmasters_column one_first\">\n<div class=\"cmsmasters_column_inner\"><div class=\"cmsmasters_text\">\n<p>Com dura\u00e7\u00e3o de uma hora, o grupo de bonecos Giramundo apresenta nesta sexta-feira, 3 de mar\u00e7o, o espet\u00e1culo &#8216;Os Orix\u00e1s&#8217;. O evento, programado para as 18h, no Centro Cultural UFMG, encerra a programa\u00e7\u00e3o do 17\u00ba Festival de Inverno da UFMG, que neste ano guiou suas atividades a partir do tema Cultura, Mem\u00f3ria e Democracia: a\u00e7\u00e3o cultural na universidade nas d\u00e9cadas de 1960 a 1980.<\/p>\n<ul>\n<li><a href=\"https:\/\/api.whatsapp.com\/send?text=https:\/\/www.ufmg.br\/centrocultural\/com-ingressos-esgotados-os-orixas-do-giramundo-voltam-aos-palcos-no-centro-cultural-conheca-o-grupo\/\" target=\"_blank\" rel=\"noopener\"><span style=\"color: #333399;\">Compartilhe no WhatsApp<\/span><\/a><\/li>\n<li><a href=\"https:\/\/telegram.me\/share\/url?url=%20https:\/\/www.ufmg.br\/centrocultural\/com-ingressos-esgotados-os-orixas-do-giramundo-voltam-aos-palcos-no-centro-cultural-conheca-o-grupo\/\" target=\"_blank\" rel=\"noopener\">C<span style=\"color: #333399;\">ompartilhe no Telegram<\/span><\/a><\/li>\n<\/ul>\n<p>Com entrada gratuita, os ingressos do espet\u00e1culo j\u00e1 est\u00e3o esgotados.<\/p>\n<p><strong>Remontagem<\/strong><\/p>\n<figure id=\"attachment_22097\" aria-describedby=\"caption-attachment-22097\" style=\"width: 600px\" class=\"wp-caption alignnone\"><img loading=\"lazy\" decoding=\"async\" class=\"size-medium wp-image-22097\" src=\"https:\/\/www.ufmg.br\/centrocultural\/wp-content\/uploads\/2023\/03\/giramundo-fundadores-600x550.jpg\" alt=\"\" width=\"600\" height=\"550\" srcset=\"https:\/\/www.ufmg.br\/centrocultural\/wp-content\/uploads\/2023\/03\/giramundo-fundadores-600x550.jpg 600w, https:\/\/www.ufmg.br\/centrocultural\/wp-content\/uploads\/2023\/03\/giramundo-fundadores-1024x938.jpg 1024w, https:\/\/www.ufmg.br\/centrocultural\/wp-content\/uploads\/2023\/03\/giramundo-fundadores-768x704.jpg 768w, https:\/\/www.ufmg.br\/centrocultural\/wp-content\/uploads\/2023\/03\/giramundo-fundadores-580x532.jpg 580w, https:\/\/www.ufmg.br\/centrocultural\/wp-content\/uploads\/2023\/03\/giramundo-fundadores-860x788.jpg 860w, https:\/\/www.ufmg.br\/centrocultural\/wp-content\/uploads\/2023\/03\/giramundo-fundadores-1160x1063.jpg 1160w, https:\/\/www.ufmg.br\/centrocultural\/wp-content\/uploads\/2023\/03\/giramundo-fundadores.jpg 1400w\" sizes=\"auto, (max-width: 600px) 100vw, 600px\" \/><figcaption id=\"caption-attachment-22097\" class=\"wp-caption-text\">Tereza, Apocalypse e Madu, pioneiros do Giramundo. Foto: Acervo Giramundo<\/figcaption><\/figure>\n<p>Os Orix\u00e1s \u00e9 uma remontagem do \u00faltimo espet\u00e1culo dirigido pelo criador do <span style=\"color: #333399;\"><a style=\"color: #333399;\" href=\"https:\/\/www.giramundo.org\/\" target=\"_blank\" rel=\"noopener\">Giramundo<\/a><\/span>, \u00c1lvaro Apocalypse, em 2001. O espet\u00e1culo apresenta a g\u00eanese do mundo, da terra e do homem e a riqueza do pante\u00e3o africano, seus deuses e her\u00f3is, sua mitologia e sua cosmogonia.<\/p>\n<p>A trilha sonora foi composta por S\u00e9rgio Perer\u00ea, com instrumentos como flautas de bambu, nbiras, ronrocos, tamas, recos e djemb\u00e9s.<\/p>\n<p><strong>Encantamento<\/strong><\/p>\n<iframe loading=\"lazy\" title=\"YouTube video player\" src=\"https:\/\/www.youtube.com\/embed\/LN7f45J0_ig?start=94\" width=\"560\" height=\"315\" frameborder=\"0\" allowfullscreen=\"allowfullscreen\"><\/iframe>\n<p>O grupo de teatro de bonecos <span style=\"color: #000000;\">Giramundo<\/span> j\u00e1 montou mais de 30 espet\u00e1culos, construindo um acervo de aproximadamente 1.500 bonecos, que se encontram em sua sede, em Belo Horizonte.<\/p>\n<p>A hist\u00f3ria do grupo est\u00e1 ligada aos artistas pl\u00e1sticos e professores da UFMG \u00c1lvaro Apocalypse, Tereza Veloso e Madu, que o criaram em 1970. No ano seguinte, estrearam a pe\u00e7a \u2018A Bela Adormecida\u2019, encantando o p\u00fablico, conforme ensaio fotogr\u00e1fico\u00a0 publicado no blog <span style=\"color: #333399;\"><a style=\"color: #333399;\" href=\"https:\/\/ufmg.medium.com\/giramundo-uma-hist\u00f3ria-em-cordas-f3397cb117e6\" target=\"_blank\" rel=\"noopener\">Medium UFMG.<\/a><\/span><\/p>\n<p>Ainda de acordo com a reportagem, a atual diretora do grupo e filha de \u00c1lvaro e Terezinha, Beatriz Apocalypse, relata que seus pais se inspiraram nos teatros de bonecos da Fran\u00e7a e trouxeram o conceito para o Brasil. \u201cMeus pais j\u00e1 tinham um hist\u00f3rico com anima\u00e7\u00e3o e escultura, por isso o interesse pelos bonecos\u201d, conta Beatriz.<\/p>\n<p>Parte da hist\u00f3ria do grupo e da constru\u00e7\u00e3o de seus bonecos pode ser conferida no v\u00eddeo acima, da UFMG, produzido no 49\u00ba Festival de Inverno da UFMG, em 2017<\/p>\n<p><em><sub>[Imagem de capa: boneco de &#8216;Os Orix\u00e1s&#8217;, do Giramundo, 2017. Lucas Braga\/UFMG]<\/sub><\/em><\/p>\n<\/div>\n<\/div><\/div>\n<\/div>\n<\/div>\n<\/div>\n<\/div>\n<\/div>\n<div id=\"cmsmasters_row_fjwnwo2tz2\" class=\"cmsmasters_row cmsmasters_color_scheme_default cmsmasters_row_top_default cmsmasters_row_bot_default cmsmasters_row_boxed\">\n<div class=\"cmsmasters_row_outer_parent\">\n<div class=\"cmsmasters_row_outer\">\n<div class=\"cmsmasters_row_inner\">\n<div class=\"cmsmasters_row_margin\">\n<div id=\"cmsmasters_column_jxz01acn2v\" class=\"cmsmasters_column one_first\">\n<div class=\"cmsmasters_column_inner\">\n<div id=\"cmsmasters_divider_lhyst8zmve\" class=\"cmsmasters_divider cmsmasters_divider_width_long cmsmasters_divider_pos_center\"><\/div>\n<\/div><\/div>\n<\/div>\n<\/div>\n<\/div>\n<\/div>\n<\/div>\n<div id=\"cmsmasters_row_7tx6p7amhk\" class=\"cmsmasters_row cmsmasters_color_scheme_default cmsmasters_row_top_default cmsmasters_row_bot_default cmsmasters_row_boxed\">\n<div class=\"cmsmasters_row_outer_parent\">\n<div class=\"cmsmasters_row_outer\">\n<div class=\"cmsmasters_row_inner\">\n<div class=\"cmsmasters_row_margin\">\n<div id=\"cmsmasters_column_5g5olsgdr\" class=\"cmsmasters_column one_first\">\n<div class=\"cmsmasters_column_inner\"><div class=\"cmsmasters_text\">\n<h4><strong>Espet\u00e1culo &#8216;Os Orix\u00e1s&#8217;<\/strong><br \/>\n<em>Grupo Giramundo<\/em><\/h4>\n<p><strong>Ficha t\u00e9cnica<\/strong><\/p>\n<p>Texto, bonecos e concep\u00e7\u00e3o original: \u00c1lvaro Apocalypse<br \/>\nDire\u00e7\u00e3o geral: Beatriz Apocalypse<br \/>\nProdu\u00e7\u00e3o executiva: Ricardo da Mata<br \/>\nDire\u00e7\u00e3o musical: S\u00e9rgio Perer\u00ea<br \/>\nAssistente de dire\u00e7\u00e3o: Ana Fagundes<br \/>\nDire\u00e7\u00e3o de atores: Beatriz Apocalypse e Ulisses Tavares<br \/>\nDire\u00e7\u00e3o de v\u00eddeo: Ulisses Tavares<br \/>\nMarionetistas: Ana Fagundes, Beatriz Apocalypse, Hot Apocalypse, Ulisses Tavares, Leo Campos, Endira Drumond<br \/>\nIlumina\u00e7\u00e3o: Ricardo da Mata<\/p>\n<\/div>\n<\/div><\/div>\n<\/div>\n<\/div>\n<\/div>\n<\/div>\n<\/div>\n<div id=\"cmsmasters_row_ztsw5oomjf\" class=\"cmsmasters_row cmsmasters_color_scheme_default cmsmasters_row_top_default cmsmasters_row_bot_default cmsmasters_row_boxed\">\n<div class=\"cmsmasters_row_outer_parent\">\n<div class=\"cmsmasters_row_outer\">\n<div class=\"cmsmasters_row_inner\">\n<div class=\"cmsmasters_row_margin\">\n<div id=\"cmsmasters_column_61c2wrpnei\" class=\"cmsmasters_column three_fourth\">\n<div class=\"cmsmasters_column_inner\"><div id=\"cmsmasters_notice_z3cdjvf2t\" class=\"cmsmasters_notice cmsmasters_notice_warning cmsmasters-icon-check-1\">\n<a href=\"#\" class=\"notice_close cmsmasters_theme_icon_cancel\"><\/a><div class=\"notice_content\">\n<p>Lembre-se: \u00e9 recomend\u00e1velo uso de m\u00e1scara nos espa\u00e7os do Centro Cultural UFMG mesmo para imunizados<\/p>\n<\/div>\n<\/div>\n<\/div><\/div>\n<div id=\"cmsmasters_column_anm2ucttnn\" class=\"cmsmasters_column one_fourth\">\n<div class=\"cmsmasters_column_inner\"><\/div><\/div>\n<\/div>\n<\/div>\n<\/div>\n<\/div>\n<\/div>\n\n","protected":false},"excerpt":{"rendered":"","protected":false},"author":5,"featured_media":22102,"comment_status":"closed","ping_status":"closed","sticky":false,"template":"","format":"standard","meta":{"footnotes":""},"categories":[165,314,91],"tags":[],"class_list":["post-22091","post","type-post","status-publish","format-standard","has-post-thumbnail","hentry","category-espetaculos","category-festivais","category-noticias"],"_links":{"self":[{"href":"https:\/\/www.ufmg.br\/centrocultural\/wp-json\/wp\/v2\/posts\/22091","targetHints":{"allow":["GET"]}}],"collection":[{"href":"https:\/\/www.ufmg.br\/centrocultural\/wp-json\/wp\/v2\/posts"}],"about":[{"href":"https:\/\/www.ufmg.br\/centrocultural\/wp-json\/wp\/v2\/types\/post"}],"author":[{"embeddable":true,"href":"https:\/\/www.ufmg.br\/centrocultural\/wp-json\/wp\/v2\/users\/5"}],"replies":[{"embeddable":true,"href":"https:\/\/www.ufmg.br\/centrocultural\/wp-json\/wp\/v2\/comments?post=22091"}],"version-history":[{"count":17,"href":"https:\/\/www.ufmg.br\/centrocultural\/wp-json\/wp\/v2\/posts\/22091\/revisions"}],"predecessor-version":[{"id":22114,"href":"https:\/\/www.ufmg.br\/centrocultural\/wp-json\/wp\/v2\/posts\/22091\/revisions\/22114"}],"wp:featuredmedia":[{"embeddable":true,"href":"https:\/\/www.ufmg.br\/centrocultural\/wp-json\/wp\/v2\/media\/22102"}],"wp:attachment":[{"href":"https:\/\/www.ufmg.br\/centrocultural\/wp-json\/wp\/v2\/media?parent=22091"}],"wp:term":[{"taxonomy":"category","embeddable":true,"href":"https:\/\/www.ufmg.br\/centrocultural\/wp-json\/wp\/v2\/categories?post=22091"},{"taxonomy":"post_tag","embeddable":true,"href":"https:\/\/www.ufmg.br\/centrocultural\/wp-json\/wp\/v2\/tags?post=22091"}],"curies":[{"name":"wp","href":"https:\/\/api.w.org\/{rel}","templated":true}]}}