{"id":22182,"date":"2023-03-14T10:21:26","date_gmt":"2023-03-14T13:21:26","guid":{"rendered":"https:\/\/www.ufmg.br\/centrocultural\/?p=22182"},"modified":"2023-03-14T10:21:26","modified_gmt":"2023-03-14T13:21:26","slug":"sabrina-damas","status":"publish","type":"post","link":"https:\/\/www.ufmg.br\/centrocultural\/sabrina-damas\/","title":{"rendered":"Sabrina Damas exp\u00f5e obras em cer\u00e2mica que simbolizam sua gesta\u00e7\u00e3o"},"content":{"rendered":"<div id=\"cmsmasters_row_byrp52m1lu\" class=\"cmsmasters_row cmsmasters_color_scheme_default cmsmasters_row_top_default cmsmasters_row_bot_default cmsmasters_row_boxed\">\n<div class=\"cmsmasters_row_outer_parent\">\n<div class=\"cmsmasters_row_outer\">\n<div class=\"cmsmasters_row_inner\">\n<div class=\"cmsmasters_row_margin\">\n<div id=\"cmsmasters_column_i24cwt1pcl\" class=\"cmsmasters_column one_first\">\n<div class=\"cmsmasters_column_inner\">\n<div class=\"cmsmasters_sharing\">\n<div class=\"share_wrap\">\n<a href=\"https:\/\/twitter.com\/intent\/tweet?text=Check+out+%27Sabrina+Damas+exp%C3%B5e+obras+em+cer%C3%A2mica+que+simbolizam+sua+gesta%C3%A7%C3%A3o%27+on+Centro+Cultural++UFMG+website&url=https%3A%2F%2Fwww.ufmg.br%2Fcentrocultural%2Fsabrina-damas%2F\" class=\"button cmsmasters-icon-twitter\">Twitter<\/a>\n<\/div>\n<div class=\"share_wrap\">\n<a href=\"https:\/\/www.facebook.com\/sharer\/sharer.php?display=popup&u=https%3A%2F%2Fwww.ufmg.br%2Fcentrocultural%2Fsabrina-damas%2F\" class=\"button cmsmasters-icon-facebook\">Facebook<\/a>\n<\/div>\n<\/div>\n<\/div><\/div>\n<\/div>\n<\/div>\n<\/div>\n<\/div>\n<\/div>\n<div id=\"cmsmasters_row_\" class=\"cmsmasters_row cmsmasters_color_scheme_default cmsmasters_row_top_default cmsmasters_row_bot_default cmsmasters_row_boxed\">\n<div class=\"cmsmasters_row_outer_parent\">\n<div class=\"cmsmasters_row_outer\">\n<div class=\"cmsmasters_row_inner\">\n<div class=\"cmsmasters_row_margin\">\n<div id=\"cmsmasters_column_\" class=\"cmsmasters_column one_first\">\n<div class=\"cmsmasters_column_inner\"><div class=\"cmsmasters_text\">\n<p>O Centro Cultural UFMG convida para a abertura da exposi\u00e7\u00e3o \u2018Embara\u00e7o\u2019, da artista Sabrina Damas, na ter\u00e7a-feira, dia 21 de mar\u00e7o de 2023, \u00e0s 19 horas. A mostra tem a curadoria do professor Fabr\u00edcio Fernandino e poder\u00e1 ser vista at\u00e9 o dia 23 de abril de 2023. A entrada \u00e9 gratuita e integra o projeto Escultura no Centro, que destaca os trabalhos tridimensionais desenvolvidos por alunos do curso de Artes Visuais com habilita\u00e7\u00e3o em Escultura da Escola de Belas Artes da UFMG. A classifica\u00e7\u00e3o \u00e9 livre.<\/p>\n<ul>\n<li><strong><span style=\"color: #333399;\"><a style=\"color: #333399;\" href=\"https:\/\/api.whatsapp.com\/send?text=https:\/\/www.ufmg.br\/centrocultural\/sabrina-damas\" target=\"_blank\" rel=\"noopener\">Compartilhe no WhatsApp<\/a><\/span><\/strong><\/li>\n<li><strong><span style=\"color: #333399;\">C<a style=\"color: #333399;\" href=\"https:\/\/telegram.me\/share\/url?url=%20https:\/\/www.ufmg.br\/centrocultural\/sabrina-damas\" target=\"_blank\" rel=\"noopener\">ompartilhe no Telegram<\/a><\/span><\/strong><\/li>\n<\/ul>\n<p><strong>Embara\u00e7o, por Sabrina Damas<\/strong><\/p>\n<p>\u201cO ato de criar e manusear o barro sensibiliza e invoca em mim mem\u00f3rias afetivas que afloram intuitivamente. S\u00e3o sentimentos profundos que, deslizantes por entre meus dedos, conformam o objeto arte. S\u00e3o percep\u00e7\u00f5es que antes foram moldadas no \u00edntimo da alma. Por meio da materialidade do barro consigo expressar o que verdadeiramente me importa: o que sou e o que sinto. Ao revelar essa intimidade, pelos meus gestos exponho minha identidade, minha ancestralidade e minha ess\u00eancia.<\/p>\n<p>Ser ventre, gestar de forma plena uma nova vida, me transformou profundamente de uma maneira muito feliz. Com a mesma intensidade, uma perda espont\u00e2nea que tive revelou uma dor aguda, indescrit\u00edvel e marcante. A maternidade trouxe respostas \u00e0s delicadas quest\u00f5es art\u00edsticas e subjetivas que insistiam estarem presentes em minha consci\u00eancia. Entendimentos que s\u00f3 pude compreender ap\u00f3s me tornar m\u00e3e. A maternidade me completa.<\/p>\n<p>Com a arte compreendi que eu sou meu pr\u00f3prio casulo. Esta \u00e9 uma forma recorrente em meu trabalho, porque sou ventre, sou casa, sou ninho, aconchego, prote\u00e7\u00e3o, alimento e afeto.<\/p>\n<p>As obras que apresento no Centro Cultural UFMG foram resultantes de reprodu\u00e7\u00f5es realizadas a partir de um molde h\u00e1 anos guardado. Esse molde foi feito da minha barriga gr\u00e1vida com nove meses de gesta\u00e7\u00e3o. Era a filha nascente, primeira filha, hoje com 14 anos.<\/p>\n<p>Nestas obras tento invocar subjetivamente o que representa a emo\u00e7\u00e3o de gerir uma vida. Nelas, entre as marcas de dedos e gestos, registro um turbilh\u00e3o de sentimentos fortemente ancorados em minha ess\u00eancia maternal. S\u00e3o processos intensos que continuam com o viver ou que, por casualidade foram interrompidos, podem vir a n\u00e3o se revelar em sua plenitude.<\/p>\n<p>Com minha arte descobri que na vida tudo \u00e9 um ciclo, tudo \u00e9 muta\u00e7\u00e3o. O fim pode ser o come\u00e7o, uma nova consci\u00eancia, outra vida. Do vir a ser m\u00e3e ou de quem vem ao mundo por meio dela.<\/p>\n<p>Assim tamb\u00e9m \u00e9 o processo da arte cer\u00e2mica. \u00c9 c\u00edclico, constitu\u00eddo pelos elementos universais. \u00c9 fogo, \u00e1gua, terra e ar. Tudo \u00e9 chama que arde e transmuta, \u00e9 a fragilidade da mat\u00e9ria \u00famida que se torna resistente pelo movimento do ar sob a a\u00e7\u00e3o do calor.<\/p>\n<p>Essa arte do barro ensina sobre desapego, sobre o inesperado, sobre a surpresa de uma obra que pode se romper e, a qualquer momento, voltar a sua ess\u00eancia, ser p\u00f3. Desta forma, o ciclo se completa e renova. Do p\u00f3 ao barro, do barro a forma, da forma ao p\u00f3.\u201d<\/p>\n<p><strong>A artista<\/strong><\/p>\n<p><strong>Sabrina Damas<\/strong> \u00e9 m\u00e3e de duas, ceramista, artista pesquisadora e arte-educadora. Atua, principalmente, na \u00e1rea da cria\u00e7\u00e3o tridimensional, tecelagem, tran\u00e7ado, pintura, desenho, po\u00e9ticas visuais e tecnologia dos materiais. \u00c9 mestranda em Artes Visuais pela Escola de Belas Artes da UFMG e arte-educadora do Centro Cultural Venda Nova, da Funda\u00e7\u00e3o Municipal de Cultura (FMC-PBH), onde ministra diversos cursos e oficinas.<\/p>\n<p><strong>Escultura no Centro<\/strong><br \/>\nO projeto busca valorizar e expor os trabalhos tridimensionais desenvolvidos pelos graduandos e p\u00f3s-graduandos do curso de Artes Visuais com habilita\u00e7\u00e3o em Escultura da Escola de Belas Artes da UFMG.<\/p>\n<\/div>\n<\/div><\/div>\n<\/div>\n<\/div>\n<\/div>\n<\/div>\n<\/div>\n<div id=\"cmsmasters_row_omwx088mvk\" class=\"cmsmasters_row cmsmasters_color_scheme_default cmsmasters_row_top_default cmsmasters_row_bot_default cmsmasters_row_boxed\">\n<div class=\"cmsmasters_row_outer_parent\">\n<div class=\"cmsmasters_row_outer\">\n<div class=\"cmsmasters_row_inner\">\n<div class=\"cmsmasters_row_margin\">\n<div id=\"cmsmasters_column_af3a67039i\" class=\"cmsmasters_column one_first\">\n<div class=\"cmsmasters_column_inner\">\n<div id=\"cmsmasters_divider_6d10s6ghgh\" class=\"cmsmasters_divider cmsmasters_divider_width_long cmsmasters_divider_pos_center\"><\/div>\n<\/div><\/div>\n<\/div>\n<\/div>\n<\/div>\n<\/div>\n<\/div>\n<div id=\"cmsmasters_row_t3c22q9w6m\" class=\"cmsmasters_row cmsmasters_color_scheme_default cmsmasters_row_top_default cmsmasters_row_bot_default cmsmasters_row_boxed\">\n<div class=\"cmsmasters_row_outer_parent\">\n<div class=\"cmsmasters_row_outer\">\n<div class=\"cmsmasters_row_inner\">\n<div class=\"cmsmasters_row_margin\">\n<div id=\"cmsmasters_column_toijiibenl\" class=\"cmsmasters_column one_first\">\n<div class=\"cmsmasters_column_inner\"><div class=\"cmsmasters_text\">\n<p><strong>Embara\u00e7o \u2013 Sabrina Damas<\/strong><\/p>\n<p>Per\u00edodo expositivo: 21\/03\/2023 a 23\/04\/2023<br \/>\nTer\u00e7as a sextas: 9h \u00e0s 20h<br \/>\nS\u00e1bados, domingos e feriados: 9h \u00e0s 17h<br \/>\nEspa\u00e7o Expositivo V\u00e3o da Escada<br \/>\nClassifica\u00e7\u00e3o: livre<br \/>\nEntrada gratuita<\/p>\n<p><span style=\"color: #0000ff;\"><strong><a style=\"color: #0000ff;\" href=\"https:\/\/www.google.com.br\/maps\/dir\/\/Av.+Santos+Dumont,+174+-+Centro,+Belo+Horizonte+-+MG,+30111-040\/@-19.9170546,-43.9360151,17z\/data=!4m6!4m5!1m0!1m2!1m1!1s0xa699fbd5aaae01:0xab4780c129fa0883!3e0\">Consulte rotas e meios para chegar<\/a><\/strong><\/span><\/p>\n<\/div>\n<\/div><\/div>\n<\/div>\n<\/div>\n<\/div>\n<\/div>\n<\/div>\n<div id=\"cmsmasters_row_6kvmqaa7i\" class=\"cmsmasters_row cmsmasters_color_scheme_default cmsmasters_row_top_default cmsmasters_row_bot_default cmsmasters_row_boxed\">\n<div class=\"cmsmasters_row_outer_parent\">\n<div class=\"cmsmasters_row_outer\">\n<div class=\"cmsmasters_row_inner\">\n<div class=\"cmsmasters_row_margin\">\n<div id=\"cmsmasters_column_sf8b3oog58\" class=\"cmsmasters_column three_fourth\">\n<div class=\"cmsmasters_column_inner\"><div id=\"cmsmasters_notice_smk9h2u97i\" class=\"cmsmasters_notice cmsmasters_notice_warning cmsmasters-icon-check-1\">\n<a href=\"#\" class=\"notice_close cmsmasters_theme_icon_cancel\"><\/a><div class=\"notice_content\">\n<p>Lembre-se: \u00e9 recomend\u00e1vel o uso de m\u00e1scara nos espa\u00e7os do Centro Cultural UFMG mesmo para imunizados<\/p>\n<\/div>\n<\/div>\n<\/div><\/div>\n<div id=\"cmsmasters_column_ioy14g1s5h\" class=\"cmsmasters_column one_fourth\">\n<div class=\"cmsmasters_column_inner\"><\/div><\/div>\n<\/div>\n<\/div>\n<\/div>\n<\/div>\n<\/div>\n\n","protected":false},"excerpt":{"rendered":"","protected":false},"author":6,"featured_media":22192,"comment_status":"closed","ping_status":"closed","sticky":false,"template":"","format":"standard","meta":{"footnotes":""},"categories":[121,91],"tags":[],"class_list":["post-22182","post","type-post","status-publish","format-standard","has-post-thumbnail","hentry","category-exposicoes","category-noticias"],"_links":{"self":[{"href":"https:\/\/www.ufmg.br\/centrocultural\/wp-json\/wp\/v2\/posts\/22182","targetHints":{"allow":["GET"]}}],"collection":[{"href":"https:\/\/www.ufmg.br\/centrocultural\/wp-json\/wp\/v2\/posts"}],"about":[{"href":"https:\/\/www.ufmg.br\/centrocultural\/wp-json\/wp\/v2\/types\/post"}],"author":[{"embeddable":true,"href":"https:\/\/www.ufmg.br\/centrocultural\/wp-json\/wp\/v2\/users\/6"}],"replies":[{"embeddable":true,"href":"https:\/\/www.ufmg.br\/centrocultural\/wp-json\/wp\/v2\/comments?post=22182"}],"version-history":[{"count":6,"href":"https:\/\/www.ufmg.br\/centrocultural\/wp-json\/wp\/v2\/posts\/22182\/revisions"}],"predecessor-version":[{"id":22190,"href":"https:\/\/www.ufmg.br\/centrocultural\/wp-json\/wp\/v2\/posts\/22182\/revisions\/22190"}],"wp:featuredmedia":[{"embeddable":true,"href":"https:\/\/www.ufmg.br\/centrocultural\/wp-json\/wp\/v2\/media\/22192"}],"wp:attachment":[{"href":"https:\/\/www.ufmg.br\/centrocultural\/wp-json\/wp\/v2\/media?parent=22182"}],"wp:term":[{"taxonomy":"category","embeddable":true,"href":"https:\/\/www.ufmg.br\/centrocultural\/wp-json\/wp\/v2\/categories?post=22182"},{"taxonomy":"post_tag","embeddable":true,"href":"https:\/\/www.ufmg.br\/centrocultural\/wp-json\/wp\/v2\/tags?post=22182"}],"curies":[{"name":"wp","href":"https:\/\/api.w.org\/{rel}","templated":true}]}}