{"id":22355,"date":"2023-04-10T15:49:30","date_gmt":"2023-04-10T18:49:30","guid":{"rendered":"https:\/\/www.ufmg.br\/centrocultural\/?p=22355"},"modified":"2023-04-14T13:47:08","modified_gmt":"2023-04-14T16:47:08","slug":"alunos-da-graduacao-em-teatro-da-ufmg-apresentam-espetaculo-inspirado-em-obras-do-dramaturgo-martins-pena","status":"publish","type":"post","link":"https:\/\/www.ufmg.br\/centrocultural\/alunos-da-graduacao-em-teatro-da-ufmg-apresentam-espetaculo-inspirado-em-obras-do-dramaturgo-martins-pena\/","title":{"rendered":"Alunos da gradua\u00e7\u00e3o em Teatro da UFMG apresentam espet\u00e1culo inspirado em obras do dramaturgo Martins Pena"},"content":{"rendered":"<div id=\"cmsmasters_row_byrp52m1lu\" class=\"cmsmasters_row cmsmasters_color_scheme_default cmsmasters_row_top_default cmsmasters_row_bot_default cmsmasters_row_boxed\">\n<div class=\"cmsmasters_row_outer_parent\">\n<div class=\"cmsmasters_row_outer\">\n<div class=\"cmsmasters_row_inner\">\n<div class=\"cmsmasters_row_margin\">\n<div id=\"cmsmasters_column_i24cwt1pcl\" class=\"cmsmasters_column one_first\">\n<div class=\"cmsmasters_column_inner\">\n<div class=\"cmsmasters_sharing\">\n<div class=\"share_wrap\">\n<a href=\"https:\/\/twitter.com\/intent\/tweet?text=Check+out+%27Alunos+da+gradua%C3%A7%C3%A3o+em+Teatro+da+UFMG+apresentam+espet%C3%A1culo+inspirado+em+obras+do+dramaturgo+Martins+Pena%27+on+Centro+Cultural++UFMG+website&url=https%3A%2F%2Fwww.ufmg.br%2Fcentrocultural%2Falunos-da-graduacao-em-teatro-da-ufmg-apresentam-espetaculo-inspirado-em-obras-do-dramaturgo-martins-pena%2F\" class=\"button cmsmasters-icon-twitter\">Twitter<\/a>\n<\/div>\n<div class=\"share_wrap\">\n<a href=\"https:\/\/www.facebook.com\/sharer\/sharer.php?display=popup&u=https%3A%2F%2Fwww.ufmg.br%2Fcentrocultural%2Falunos-da-graduacao-em-teatro-da-ufmg-apresentam-espetaculo-inspirado-em-obras-do-dramaturgo-martins-pena%2F\" class=\"button cmsmasters-icon-facebook\">Facebook<\/a>\n<\/div>\n<\/div>\n<\/div><\/div>\n<\/div>\n<\/div>\n<\/div>\n<\/div>\n<\/div>\n<div id=\"cmsmasters_row_\" class=\"cmsmasters_row cmsmasters_color_scheme_default cmsmasters_row_top_default cmsmasters_row_bot_default cmsmasters_row_boxed\">\n<div class=\"cmsmasters_row_outer_parent\">\n<div class=\"cmsmasters_row_outer\">\n<div class=\"cmsmasters_row_inner\">\n<div class=\"cmsmasters_row_margin\">\n<div id=\"cmsmasters_column_\" class=\"cmsmasters_column one_first\">\n<div class=\"cmsmasters_column_inner\"><div class=\"cmsmasters_text\">\n<p>Na sexta-feira, dia 14 de abril de 2023, \u00e0s 18h30, o Centro Cultural UFMG recebe alunos da gradua\u00e7\u00e3o em Teatro da UFMG para a apresenta\u00e7\u00e3o do espet\u00e1culo <strong>\u2018Teatro \u00e0 venda. Com\u00e9dias populares\u2019<\/strong>. A pe\u00e7a foi concebida por <strong>Bya Braga<\/strong>, que tamb\u00e9m dirige a montagem. O evento integra o projeto Baixo Centro En[cena], como parte da programa\u00e7\u00e3o do Circuito Cultural UFMG. A entrada \u00e9 gratuita, com classifica\u00e7\u00e3o livre.<\/p>\n<ul>\n<li><strong><span style=\"color: #333399;\"><a style=\"color: #333399;\" href=\"https:\/\/api.whatsapp.com\/send?text=https:\/\/www.ufmg.br\/centrocultural\/alunos-da-graduacao-em-teatro-da-ufmg-apresentam-espetaculo-inspirado-em-obras-do-dramaturgo-martins-pena\" target=\"_blank\" rel=\"noopener\">Compartilhe no WhatsApp<\/a><\/span><\/strong><\/li>\n<li><strong><span style=\"color: #333399;\">C<a style=\"color: #333399;\" href=\"https:\/\/telegram.me\/share\/url?url=%20https:\/\/www.ufmg.br\/centrocultural\/alunos-da-graduacao-em-teatro-da-ufmg-apresentam-espetaculo-inspirado-em-obras-do-dramaturgo-martins-pena\" target=\"_blank\" rel=\"noopener\">ompartilhe no Telegram<\/a><\/span><\/strong><\/li>\n<\/ul>\n<p><strong>Sinopse<\/strong><\/p>\n<p>Um grupo de doze artistas, come\u00e7ando a viver da arte do teatro, precisa vender seu espet\u00e1culo. A trupe apresenta, ent\u00e3o, seu trabalho como \u2018amostra gr\u00e1tis\u2019. Se o p\u00fablico gostar, poder\u00e1, ao final da apresenta\u00e7\u00e3o, fazer contato com a companhia e comprar suas cenas e performances.<\/p>\n<p><strong>Contexto da cria\u00e7\u00e3o<\/strong><\/p>\n<p>A encena\u00e7\u00e3o \u00e9 resultado das atividades de ensino e de pesquisa teatral realizadas no curso de gradua\u00e7\u00e3o em Teatro, disciplina Pr\u00e1tica de Cria\u00e7\u00e3o A e no Departamento de Artes C\u00eanicas, grupo de pesquisa c\u00eanica Lapa UFMG, da Escola de Belas Artes da UFMG.<\/p>\n<p>Inspirado na ideia do teatro de feira e do teatro c\u00f4mico popular, o espet\u00e1culo \u2018Teatro \u00e0 venda. Com\u00e9dias populares.\u2019 \u00e9 composto por cenas inspiradas em duas com\u00e9dias do dramaturgo brasileiro Martins Pena, escritas no s\u00e9culo XIX: \u2018Judas em s\u00e1bado de Aleluia\u2019 e \u2018A fam\u00edlia e a festa na ro\u00e7a\u2019.<\/p>\n<p>Na montagem, os alunos ressaltam quest\u00f5es culturais e sociais brasileiras importantes de se apresentar e tamb\u00e9m combater, como o patriarcado, o machismo, o racismo, a aporofobia, o autoritarismo e outros preconceitos ainda existentes, inclusive aqueles presentes na rela\u00e7\u00e3o com a cultura e a arte da cena c\u00f4mica popular.<\/p>\n<p>Valoriza-se o jogo da atua\u00e7\u00e3o nas composi\u00e7\u00f5es c\u00eanicas criadas, buscando a maior inventividade junto a elementos grotescos, farsescos e o uso de m\u00e1scaras, fortalecendo a arte da cena popular.<\/p>\n<p>O <strong>Baixo Centro En[cena]<\/strong> faz parte do Circuito Cultural UFMG, um projeto da Pr\u00f3-Reitoria de Cultura da UFMG, por meio do qual artistas locais, regionais e de relev\u00e2ncia nacional e internacional se apresentam para a comunidade. O objetivo principal \u00e9 promover a articula\u00e7\u00e3o, intera\u00e7\u00e3o e\u00a0interlocu\u00e7\u00e3o entre todos os espa\u00e7os culturais vinculados \u00e0 PROCULT, potencializando a integra\u00e7\u00e3o das a\u00e7\u00f5es art\u00edstico-culturais da UFMG. Todas as atividades s\u00e3o gratuitas e abertas para a comunidade externa.<\/p>\n<\/div>\n<\/div><\/div>\n<\/div>\n<\/div>\n<\/div>\n<\/div>\n<\/div>\n<div id=\"cmsmasters_row_omwx088mvk\" class=\"cmsmasters_row cmsmasters_color_scheme_default cmsmasters_row_top_default cmsmasters_row_bot_default cmsmasters_row_boxed\">\n<div class=\"cmsmasters_row_outer_parent\">\n<div class=\"cmsmasters_row_outer\">\n<div class=\"cmsmasters_row_inner\">\n<div class=\"cmsmasters_row_margin\">\n<div id=\"cmsmasters_column_af3a67039i\" class=\"cmsmasters_column one_first\">\n<div class=\"cmsmasters_column_inner\">\n<div id=\"cmsmasters_divider_6d10s6ghgh\" class=\"cmsmasters_divider cmsmasters_divider_width_long cmsmasters_divider_pos_center\"><\/div>\n<\/div><\/div>\n<\/div>\n<\/div>\n<\/div>\n<\/div>\n<\/div>\n<div id=\"cmsmasters_row_t3c22q9w6m\" class=\"cmsmasters_row cmsmasters_color_scheme_default cmsmasters_row_top_default cmsmasters_row_bot_default cmsmasters_row_boxed\">\n<div class=\"cmsmasters_row_outer_parent\">\n<div class=\"cmsmasters_row_outer\">\n<div class=\"cmsmasters_row_inner\">\n<div class=\"cmsmasters_row_margin\">\n<div id=\"cmsmasters_column_toijiibenl\" class=\"cmsmasters_column one_first\">\n<div class=\"cmsmasters_column_inner\"><div class=\"cmsmasters_text\">\n<p><strong>Teatro \u00e0 venda. Com\u00e9dias populares.<\/strong><br \/>\nAlunos da gradua\u00e7\u00e3o em Teatro da UFMG<br \/>\nData: 14\/04\/2023<br \/>\nHor\u00e1rio: 18h30<br \/>\nDura\u00e7\u00e3o: 60 minutos<br \/>\nLocal: audit\u00f3rio do Centro Cultural UFMG<br \/>\nEntrada gratuita | Classifica\u00e7\u00e3o: livre<\/p>\n<p><span style=\"color: #000080;\"><strong><a style=\"color: #000080;\" href=\"https:\/\/www.google.com.br\/maps\/dir\/\/Av.+Santos+Dumont,+174+-+Centro,+Belo+Horizonte+-+MG,+30111-040\/@-19.9170546,-43.9360151,17z\/data=!4m6!4m5!1m0!1m2!1m1!1s0xa699fbd5aaae01:0xab4780c129fa0883!3e0\" target=\"_blank\" rel=\"noopener\">Consulte rotas e meios para chegar<\/a><\/strong><\/span><\/p>\n<\/div>\n<\/div><\/div>\n<\/div>\n<\/div>\n<\/div>\n<\/div>\n<\/div>\n<div id=\"cmsmasters_row_6kvmqaa7i\" class=\"cmsmasters_row cmsmasters_color_scheme_default cmsmasters_row_top_default cmsmasters_row_bot_default cmsmasters_row_boxed\">\n<div class=\"cmsmasters_row_outer_parent\">\n<div class=\"cmsmasters_row_outer\">\n<div class=\"cmsmasters_row_inner\">\n<div class=\"cmsmasters_row_margin\">\n<div id=\"cmsmasters_column_sf8b3oog58\" class=\"cmsmasters_column three_fourth\">\n<div class=\"cmsmasters_column_inner\"><div id=\"cmsmasters_notice_smk9h2u97i\" class=\"cmsmasters_notice cmsmasters_notice_warning cmsmasters-icon-check-1\">\n<a href=\"#\" class=\"notice_close cmsmasters_theme_icon_cancel\"><\/a><div class=\"notice_content\">\n<p>Lembre-se: \u00e9 recomend\u00e1vel o uso de m\u00e1scara nos espa\u00e7os do Centro Cultural UFMG mesmo para imunizados<\/p>\n<\/div>\n<\/div>\n<\/div><\/div>\n<div id=\"cmsmasters_column_ioy14g1s5h\" class=\"cmsmasters_column one_fourth\">\n<div class=\"cmsmasters_column_inner\"><\/div><\/div>\n<\/div>\n<\/div>\n<\/div>\n<\/div>\n<\/div>\n\n","protected":false},"excerpt":{"rendered":"","protected":false},"author":6,"featured_media":22356,"comment_status":"closed","ping_status":"closed","sticky":false,"template":"","format":"standard","meta":{"footnotes":""},"categories":[165,91],"tags":[],"class_list":["post-22355","post","type-post","status-publish","format-standard","has-post-thumbnail","hentry","category-espetaculos","category-noticias"],"_links":{"self":[{"href":"https:\/\/www.ufmg.br\/centrocultural\/wp-json\/wp\/v2\/posts\/22355","targetHints":{"allow":["GET"]}}],"collection":[{"href":"https:\/\/www.ufmg.br\/centrocultural\/wp-json\/wp\/v2\/posts"}],"about":[{"href":"https:\/\/www.ufmg.br\/centrocultural\/wp-json\/wp\/v2\/types\/post"}],"author":[{"embeddable":true,"href":"https:\/\/www.ufmg.br\/centrocultural\/wp-json\/wp\/v2\/users\/6"}],"replies":[{"embeddable":true,"href":"https:\/\/www.ufmg.br\/centrocultural\/wp-json\/wp\/v2\/comments?post=22355"}],"version-history":[{"count":3,"href":"https:\/\/www.ufmg.br\/centrocultural\/wp-json\/wp\/v2\/posts\/22355\/revisions"}],"predecessor-version":[{"id":22441,"href":"https:\/\/www.ufmg.br\/centrocultural\/wp-json\/wp\/v2\/posts\/22355\/revisions\/22441"}],"wp:featuredmedia":[{"embeddable":true,"href":"https:\/\/www.ufmg.br\/centrocultural\/wp-json\/wp\/v2\/media\/22356"}],"wp:attachment":[{"href":"https:\/\/www.ufmg.br\/centrocultural\/wp-json\/wp\/v2\/media?parent=22355"}],"wp:term":[{"taxonomy":"category","embeddable":true,"href":"https:\/\/www.ufmg.br\/centrocultural\/wp-json\/wp\/v2\/categories?post=22355"},{"taxonomy":"post_tag","embeddable":true,"href":"https:\/\/www.ufmg.br\/centrocultural\/wp-json\/wp\/v2\/tags?post=22355"}],"curies":[{"name":"wp","href":"https:\/\/api.w.org\/{rel}","templated":true}]}}