{"id":22373,"date":"2023-04-13T14:43:53","date_gmt":"2023-04-13T17:43:53","guid":{"rendered":"https:\/\/www.ufmg.br\/centrocultural\/?p=22373"},"modified":"2023-04-14T13:44:21","modified_gmt":"2023-04-14T16:44:21","slug":"professor-medico-e-cartunista-lor-participa-de-novo-episodio-de-podcast","status":"publish","type":"post","link":"https:\/\/www.ufmg.br\/centrocultural\/professor-medico-e-cartunista-lor-participa-de-novo-episodio-de-podcast\/","title":{"rendered":"Professor, m\u00e9dico e cartunista \u2018LOR\u2019 participa de novo epis\u00f3dio de podcast"},"content":{"rendered":"<div id=\"cmsmasters_row_byrp52m1lu\" class=\"cmsmasters_row cmsmasters_color_scheme_default cmsmasters_row_top_default cmsmasters_row_bot_default cmsmasters_row_boxed\">\n<div class=\"cmsmasters_row_outer_parent\">\n<div class=\"cmsmasters_row_outer\">\n<div class=\"cmsmasters_row_inner\">\n<div class=\"cmsmasters_row_margin\">\n<div id=\"cmsmasters_column_i24cwt1pcl\" class=\"cmsmasters_column one_first\">\n<div class=\"cmsmasters_column_inner\">\n<div class=\"cmsmasters_sharing\">\n<div class=\"share_wrap\">\n<a href=\"https:\/\/twitter.com\/intent\/tweet?text=Check+out+%27Professor%2C+m%C3%A9dico+e+cartunista+%E2%80%98LOR%E2%80%99+participa+de+novo+epis%C3%B3dio+de+podcast%27+on+Centro+Cultural++UFMG+website&url=https%3A%2F%2Fwww.ufmg.br%2Fcentrocultural%2Fprofessor-medico-e-cartunista-lor-participa-de-novo-episodio-de-podcast%2F\" class=\"button cmsmasters-icon-twitter\">Twitter<\/a>\n<\/div>\n<div class=\"share_wrap\">\n<a href=\"https:\/\/www.facebook.com\/sharer\/sharer.php?display=popup&u=https%3A%2F%2Fwww.ufmg.br%2Fcentrocultural%2Fprofessor-medico-e-cartunista-lor-participa-de-novo-episodio-de-podcast%2F\" class=\"button cmsmasters-icon-facebook\">Facebook<\/a>\n<\/div>\n<\/div>\n<\/div><\/div>\n<\/div>\n<\/div>\n<\/div>\n<\/div>\n<\/div>\n<div id=\"cmsmasters_row_\" class=\"cmsmasters_row cmsmasters_color_scheme_default cmsmasters_row_top_default cmsmasters_row_bot_default cmsmasters_row_boxed\">\n<div class=\"cmsmasters_row_outer_parent\">\n<div class=\"cmsmasters_row_outer\">\n<div class=\"cmsmasters_row_inner\">\n<div class=\"cmsmasters_row_margin\">\n<\/div>\n<\/div>\n<\/div>\n<\/div>\n<\/div>\n<div id=\"cmsmasters_column_\" class=\"cmsmasters_column one_first\">\n<div class=\"cmsmasters_column_inner\"><\/div><\/div>\n<div class=\"cmsmasters_text\">\n<\/div>\n<\/p>\n<p>O oitavo epis\u00f3dio do <strong>Corredor Cultural 174 Podcast<\/strong>, produzido pelo Centro Cultural UFMG, traz um bate-papo com Luiz Oswaldo Carneiro Rodrigues, mais conhecido como <strong>LOR<\/strong>, \u2018maior cartunista do bairro Itapo\u00e3\u2019, como se auto-intitula. Ele j\u00e1 colaborou com diversos jornais, como \u2018Estado de Minas\u2019, \u2018Jornal do Brasil\u2019 e \u2018O Pasquim\u2019. \u00c9 professor aposentado da UFMG, pesquisador do CNPq e m\u00e9dico especialista em medicina esportiva no Centro de Refer\u00eancia em Neurofibromatoses do Hospital das Cl\u00ednicas da UFMG.<\/p>\n<ul>\n<li><span style=\"color: #333399;\"><a style=\"color: #333399;\" href=\"https:\/\/api.whatsapp.com\/send?text=https:\/\/www.ufmg.br\/centrocultural\/professor-medico-e-cartunista-lor-participa-de-novo-episodio-de-podcast\" target=\"_blank\" rel=\"noopener\">Compartilhe no WhatsApp<\/a><\/span><\/li>\n<li><span style=\"color: #333399;\"><a style=\"color: #333399;\" href=\"https:\/\/telegram.me\/share\/url?url=%20https:\/\/www.ufmg.br\/centrocultural\/professor-medico-e-cartunista-lor-participa-de-novo-episodio-de-podcast\" target=\"_blank\" rel=\"noopener\">Compartilhe no Telegram<\/a><\/span><\/li>\n<\/ul>\n<p><strong>Est\u00edmulo ao desenho<\/strong><\/p>\n<p>No podcast, LOR recorda que desde crian\u00e7a foi estimulado pelo pai a desenhar. Passado muitos anos, quando ganhou seu primeiro pr\u00eamio no Sal\u00e3o Internacional de Humor de Piracicaba, em 1978, foi compartilhar a conquista com seu pai, que lhe mostrou seus primeiros desenhos, guardados em um cofre, com os tra\u00e7os muito parecidos. \u201cDe alguma forma eu fui incentivado a continuar desenhando ao longo da minha vida, seja pelos colegas e pela minha fam\u00edlia\u201d, conta.<\/p>\n<p>Esse talento o acompanhou at\u00e9 a faculdade e seus colegas gostavam das caricaturas que ele fazia dos professores. Nessa \u00e9poca, seu irm\u00e3o Ernesto Rodrigues cursava jornalismo na PUC, onde ia ter uma palestra com o Ziraldo. Ele levou os cartoons de LOR para o criador do \u2018Menino Maluquinho\u2019 dar uma olhada, que recomendou enviar para \u2018O Pasquim\u2019. Foi assim que come\u00e7ou sua trajet\u00f3ria como cartunista.<\/p>\n<p><strong>A assinatura \u2018LOR\u2019<\/strong><\/p>\n<p>O cartunista relembra que quando era crian\u00e7a e estudava em um col\u00e9gio interno suas roupas tinham que ter as iniciais do nome bordadas. A bordadeira, ent\u00e3o, resolveu tirar \u2018Carneiro\u2019 de seu nome e bordou apenas as primeiras letras de \u2018Luiz Oswaldo Rodrigues\u2019, resultando em \u2018LOR\u2019, que passou a assinar desde a inf\u00e2ncia, por causa da abreviatura nas meias e roupas.<\/p>\n<p><strong>O Pasquim<\/strong><\/p>\n<p>LOR publicou relativamente pouco no \u2018O Pasquim\u2019, aproximadamente 30 cartoons, e considera muito mais um leitor ass\u00edduo, um eventual colaborador, do que propriamente um colaborador. \u201cA gente era inspirado e organizado pelas ideias que vinham no Pasquim, \u00e0 medida que ele foi se consolidando como um \u00f3rg\u00e3o de oposi\u00e7\u00e3o\u201d, diz referindo ao per\u00edodo da Ditadura Militar no Brasil.<\/p>\n<p>Ele lembra que havia outros jornais de oposi\u00e7\u00e3o na \u00e9poca, como o \u2018Movimento\u2019, \u2018Opini\u00e3o\u2019 e \u2018DeFato\u2019, tamb\u00e9m fontes de alimenta\u00e7\u00e3o pol\u00edtica, espiritual e intelectual, mas \u2018O Pasquim\u2019 tinha a gra\u00e7a do humor e a variedade, reunindo Henfil, Ziraldo e Mill\u00f4r, por exemplo, e era muito rico.<\/p>\n<p>O cartunista tamb\u00e9m queria fazer um Pasquim em Minas Gerais e criou junto com Proc\u00f3pio, Nilson, Afo e Aroeira um grupo chamado \u2018Humordaz\u2019 (humor de A a Z), que come\u00e7ou com uma pequena coluna do jornal Estado de Minas. Eles chegaram a produzir dois volumes do exemplar, mas ganharam censura pr\u00e9via, na ocasi\u00e3o, em raz\u00e3o da ditadura. O projeto faliu e n\u00e3o conseguiram seguir adiante.<\/p>\n<p><strong>A medicina e a arte<\/strong><\/p>\n<p>Logo que se formou em medicina, LOR fez resid\u00eancia em Cl\u00ednica M\u00e9dica e come\u00e7ou a trabalhar como professor da UFMG. \u201cA universidade \u00e9 um espa\u00e7o que te d\u00e1 \u00e0 liberdade de construir caminhos\u201d, declara. Ele p\u00f4de, dentro da universidade, muito mais que ser m\u00e9dico ou cartunista, ser um professor universit\u00e1rio com habilidades no desenho, na comunica\u00e7\u00e3o e na ci\u00eancia. \u201cA universidade que me permitiu essa multiplicidade de pap\u00e9is, sem que um tivesse que abandonar o outro\u201d, explica.<\/p>\n<p><strong>Liberdade de express\u00e3o<\/strong><\/p>\n<p>Para Lor, a liberdade do cartunista \u00e9 a mesma liberdade do cientista, no sentido de n\u00e3o poder faltar com a verdade. \u201cEu n\u00e3o posso fazer um cartoon que seja uma mentira. Eu n\u00e3o posso fazer uma charge falsa\u201d, alega. \u201cA liberdade art\u00edstica tem um limite \u00e9tico daquilo que voc\u00ea vai criar. Esse limite \u00e9tico t\u00e1 colocado para o cientista, para o m\u00e9dico, para o professor e para qualquer um de n\u00f3s\u201d, completa.<\/p>\n<p><strong>Contar hist\u00f3rias<\/strong><\/p>\n<p>Em 1979 LOR lan\u00e7ou seu primeiro livro, \u2018Retrato Falado\u2019, que teve a tiragem de cinco mil exemplares, todos esgotados. Em 2003 ele foi reeditado para a internet e em poucas semanas teve mais de dez mil downloads, lhe rendendo um pr\u00eamio de quadrinista brasileiro daquele ano. Agora, em 2023, a publica\u00e7\u00e3o est\u00e1 a caminho de uma terceira edi\u00e7\u00e3o. \u201c\u00c9 um libelo contra a ditadura, contra o autoritarismo, contra o fascismo e contra o capitalismo daquela \u00e9poca\u201d, resume.<\/p>\n<p>O cartunista tamb\u00e9m \u00e9 autor de outros livros, como os infantojuvenis \u2018Urso Fiote\u2019, que destaca em sua fala, pois \u00e9 uma hist\u00f3ria que contava para suas filhas, al\u00e9m de \u2018Cabe\u00e7a fria \u00e9 que faz gol\u2019, \u2018Cole\u00e7\u00e3o Gato Gaiato\u2019, \u2018As g\u00eameas que ficaram diferentes\u2019, composto junto de sua neta, dentre outros. \u201cCada hist\u00f3ria que eu escrevi tinha, de certa forma, esse fundo que n\u00f3s chamamos de fundo moral, no sentido \u00e9tico da palavra\u201d, explica.<\/p>\n<p><strong>Premia\u00e7\u00f5es<\/strong><\/p>\n<p>LOR recebeu in\u00fameros pr\u00eamios nacionais e internacionais ao longo de sua trajet\u00f3ria como cartunista, mas, desde 2006, n\u00e3o participa das competi\u00e7\u00f5es, at\u00e9 para ser coerente com o seu discurso contra a meritocracia. \u201cEsquece o pr\u00eamio, olha para a arte de cada um, de cada uma das crian\u00e7as, de cada um dos artistas. Eu n\u00e3o sou melhor que o Duke, o Duke n\u00e3o \u00e9 melhor do que eu, n\u00f3s temos uma an\u00e1lise diferente sobre o mundo\u201d, profere. \u201cEu, Aroeira, Ziraldo ou Henfil, seja quem for, n\u00e3o existe melhor, existe diferente e individual. O que n\u00f3s temos \u00e9 uma individualidade, a riqueza da diversidade que \u00e9 o ser humano, podendo de todas as formas ter o seu espa\u00e7o, o seu respeito\u201d, completa.<\/p>\n<p>Ou\u00e7a o podcast na \u00edntegra e conhe\u00e7a um pouco mais sobre a trajet\u00f3ria de \u2018LOR\u2019:<\/p>\n<p>&nbsp;<\/p>\n<p><iframe loading=\"lazy\" style=\"border-radius: 12px;\" src=\"https:\/\/open.spotify.com\/embed\/episode\/1Ldsox6qhUGsrYGrQais4M?utm_source=generator\" width=\"100%\" height=\"152\" frameborder=\"0\" allowfullscreen=\"allowfullscreen\"><span data-mce-type=\"bookmark\" style=\"display: inline-block; width: 0px; overflow: hidden; line-height: 0;\" class=\"mce_SELRES_start\">\ufeff<\/span><\/iframe><\/p>\n<p>&nbsp;<\/p>\n<p>Acompanhe o trabalho do cartunista em seu<strong> <span style=\"color: #333399;\"><a style=\"color: #333399;\" href=\"https:\/\/lorcartunista.blogspot.com\/\" target=\"_blank\" rel=\"noopener\">blog<\/a><\/span><\/strong>.<\/p>\n<p><strong>Corredor Cultural 174 Podcast<\/strong> \u00e9 um projeto que disponibiliza mensalmente no Spotify conversas com artistas, m\u00fasicos, escritores, cineastas, agentes culturais e demais pessoas que pensam, respiram e produzem cultura. \u201cCorredor\u201d, pelo fato do Centro Cultural UFMG estar situado no corredor cultural Pra\u00e7a da Esta\u00e7\u00e3o e tamb\u00e9m no sentido de espa\u00e7o de passagem, onde transitam ideias, movimentos e express\u00f5es art\u00edsticas em Belo Horizonte. \u201cCultural\u201d, pois a tem\u00e1tica ser\u00e1 sempre cultura e \u201c174\u201d \u00e9 o n\u00famero de localiza\u00e7\u00e3o da institui\u00e7\u00e3o na Avenida Santos Dumont.<\/p>\n<p><strong>Corredor Cultural 174 Podcast<\/strong><br \/>\nO podcast de cultura do Centro Cultural UFMG.<br \/>\nUma vez por m\u00eas no <a href=\"https:\/\/spoti.fi\/37VZnRa\" target=\"_blank\" rel=\"noopener\"><span style=\"color: #000080;\"><strong>Spotify<\/strong><\/span><\/a><\/p>\n","protected":false},"excerpt":{"rendered":"<p>O oitavo epis\u00f3dio do Corredor Cultural 174 Podcast, produzido pelo Centro Cultural UFMG, traz um bate-papo com Luiz Oswaldo Carneiro Rodrigues, mais conhecido como LOR, \u2018maior cartunista do bairro Itapo\u00e3\u2019,&#8230;<\/p>\n","protected":false},"author":6,"featured_media":22375,"comment_status":"closed","ping_status":"closed","sticky":false,"template":"","format":"standard","meta":{"footnotes":""},"categories":[244,91,80],"tags":[],"class_list":["post-22373","post","type-post","status-publish","format-standard","has-post-thumbnail","hentry","category-corredor-cultural-174","category-noticias","category-podcast"],"_links":{"self":[{"href":"https:\/\/www.ufmg.br\/centrocultural\/wp-json\/wp\/v2\/posts\/22373","targetHints":{"allow":["GET"]}}],"collection":[{"href":"https:\/\/www.ufmg.br\/centrocultural\/wp-json\/wp\/v2\/posts"}],"about":[{"href":"https:\/\/www.ufmg.br\/centrocultural\/wp-json\/wp\/v2\/types\/post"}],"author":[{"embeddable":true,"href":"https:\/\/www.ufmg.br\/centrocultural\/wp-json\/wp\/v2\/users\/6"}],"replies":[{"embeddable":true,"href":"https:\/\/www.ufmg.br\/centrocultural\/wp-json\/wp\/v2\/comments?post=22373"}],"version-history":[{"count":5,"href":"https:\/\/www.ufmg.br\/centrocultural\/wp-json\/wp\/v2\/posts\/22373\/revisions"}],"predecessor-version":[{"id":22380,"href":"https:\/\/www.ufmg.br\/centrocultural\/wp-json\/wp\/v2\/posts\/22373\/revisions\/22380"}],"wp:featuredmedia":[{"embeddable":true,"href":"https:\/\/www.ufmg.br\/centrocultural\/wp-json\/wp\/v2\/media\/22375"}],"wp:attachment":[{"href":"https:\/\/www.ufmg.br\/centrocultural\/wp-json\/wp\/v2\/media?parent=22373"}],"wp:term":[{"taxonomy":"category","embeddable":true,"href":"https:\/\/www.ufmg.br\/centrocultural\/wp-json\/wp\/v2\/categories?post=22373"},{"taxonomy":"post_tag","embeddable":true,"href":"https:\/\/www.ufmg.br\/centrocultural\/wp-json\/wp\/v2\/tags?post=22373"}],"curies":[{"name":"wp","href":"https:\/\/api.w.org\/{rel}","templated":true}]}}