{"id":22383,"date":"2023-04-14T11:21:58","date_gmt":"2023-04-14T14:21:58","guid":{"rendered":"https:\/\/www.ufmg.br\/centrocultural\/?p=22383"},"modified":"2023-04-14T11:21:58","modified_gmt":"2023-04-14T14:21:58","slug":"adriana-versiani-e-mario-alex-rosa-unem-suas-obras-em-exposicao-no-centro-cultural-ufmg","status":"publish","type":"post","link":"https:\/\/www.ufmg.br\/centrocultural\/adriana-versiani-e-mario-alex-rosa-unem-suas-obras-em-exposicao-no-centro-cultural-ufmg\/","title":{"rendered":"Adriana Versiani e M\u00e1rio Alex Rosa unem suas obras em exposi\u00e7\u00e3o no Centro Cultural UFMG"},"content":{"rendered":"<div id=\"cmsmasters_row_byrp52m1lu\" class=\"cmsmasters_row cmsmasters_color_scheme_default cmsmasters_row_top_default cmsmasters_row_bot_default cmsmasters_row_boxed\">\n<div class=\"cmsmasters_row_outer_parent\">\n<div class=\"cmsmasters_row_outer\">\n<div class=\"cmsmasters_row_inner\">\n<div class=\"cmsmasters_row_margin\">\n<div id=\"cmsmasters_column_i24cwt1pcl\" class=\"cmsmasters_column one_first\">\n<div class=\"cmsmasters_column_inner\">\n<div class=\"cmsmasters_sharing\">\n<div class=\"share_wrap\">\n<a href=\"https:\/\/twitter.com\/intent\/tweet?text=Check+out+%27Adriana+Versiani+e+M%C3%A1rio+Alex+Rosa+unem+suas+obras+em+exposi%C3%A7%C3%A3o+no+Centro+Cultural+UFMG%27+on+Centro+Cultural++UFMG+website&url=https%3A%2F%2Fwww.ufmg.br%2Fcentrocultural%2Fadriana-versiani-e-mario-alex-rosa-unem-suas-obras-em-exposicao-no-centro-cultural-ufmg%2F\" class=\"button cmsmasters-icon-twitter\">Twitter<\/a>\n<\/div>\n<div class=\"share_wrap\">\n<a href=\"https:\/\/www.facebook.com\/sharer\/sharer.php?display=popup&u=https%3A%2F%2Fwww.ufmg.br%2Fcentrocultural%2Fadriana-versiani-e-mario-alex-rosa-unem-suas-obras-em-exposicao-no-centro-cultural-ufmg%2F\" class=\"button cmsmasters-icon-facebook\">Facebook<\/a>\n<\/div>\n<\/div>\n<\/div><\/div>\n<\/div>\n<\/div>\n<\/div>\n<\/div>\n<\/div>\n<div id=\"cmsmasters_row_\" class=\"cmsmasters_row cmsmasters_color_scheme_default cmsmasters_row_top_default cmsmasters_row_bot_default cmsmasters_row_boxed\">\n<div class=\"cmsmasters_row_outer_parent\">\n<div class=\"cmsmasters_row_outer\">\n<div class=\"cmsmasters_row_inner\">\n<div class=\"cmsmasters_row_margin\">\n<div id=\"cmsmasters_column_\" class=\"cmsmasters_column one_first\">\n<div class=\"cmsmasters_column_inner\"><div class=\"cmsmasters_text\">\n<p>O Centro Cultural UFMG convida para a abertura da exposi\u00e7\u00e3o <strong>\u2018Bastidores e as hist\u00f3rias que nos contam as garrafas\u2019<\/strong>, dos artistas <strong>Adriana Versiani<\/strong> e <strong>M\u00e1rio Alex Rosa<\/strong>, na quinta-feira, dia 20 de abril de 2023, \u00e0s 19 horas. A mostra re\u00fane objetos que prop\u00f5em cruzamentos e di\u00e1logos poss\u00edveis entre produ\u00e7\u00f5es de diferentes suportes. As obras poder\u00e3o ser vistas at\u00e9 o dia 28 de maio de 2023. A entrada \u00e9 gratuita, com classifica\u00e7\u00e3o livre.<\/p>\n<ul>\n<li><strong><span style=\"color: #333399;\"><a style=\"color: #333399;\" href=\"https:\/\/api.whatsapp.com\/send?text=https:\/\/www.ufmg.br\/centrocultural\/adriana-versiani-e-mario-alex-rosa-unem-suas-obras-em-exposicao-no-centro-cultural-ufmg\" target=\"_blank\" rel=\"noopener\">Compartilhe no WhatsApp<\/a><\/span><\/strong><\/li>\n<li><strong><span style=\"color: #333399;\">C<a style=\"color: #333399;\" href=\"https:\/\/telegram.me\/share\/url?url=%20https:\/\/www.ufmg.br\/centrocultural\/adriana-versiani-e-mario-alex-rosa-unem-suas-obras-em-exposicao-no-centro-cultural-ufmg\" target=\"_blank\" rel=\"noopener\">ompartilhe no Telegram<\/a><\/span><\/strong><\/li>\n<\/ul>\n<p>A exposi\u00e7\u00e3o tem como ponto de partida o di\u00e1logo dos artistas visuais Adriana Versiani e M\u00e1rio Alex Rosa, nomeados como coletivo DIDOIS. Enquanto Adriana procura recolher objetos de toda natureza para agrupar em suas garrafas, M\u00e1rio traz para seus poemas visuais bordados, na velha tradi\u00e7\u00e3o dos bordados em bastidores.<\/p>\n<p>O coletivo procura dialogar, a partir de palavras, poemas, hist\u00f3rias, f\u00e1bulas e sobras do tempo, por meio de garrafas e poemas bordados. \u201cEscritas-cegas, escritas bordadas e garrafas transformadas se encontram alinhavadas por linhas, l\u00e1pis, canetas, cartas, borrachas, folhas e palavras\u201d, explicam os artistas.<\/p>\n<p><strong>O trabalho de Adriana Versiani<\/strong><\/p>\n<p>As garrafas de Adriana, recicladas, revitalizadas e repostas em diversas imagens, as quais comp\u00f5em cada uma delas, trazem a percep\u00e7\u00e3o de pe\u00e7as do cotidiano que se perdem, mas ganham outros conceitos nas m\u00e3os da artista. As obras, a seu modo, dialogam com diversos elementos de uma tradi\u00e7\u00e3o, como os dos artistas Cildo Meireles e Lygia Pape. Em pelo menos dois aspectos ela extrapola e cria novos sentidos, utilizando da palavra e da poesia em sua fatura.<\/p>\n<p><strong>O trabalho de M\u00e1rio Alex Rosa<\/strong><\/p>\n<p>M\u00e1rio refor\u00e7a a visualidade de cada palavra e o que se esconde dentro delas, recoloca em outros suportes, como as linhas que bordam manual e maquinalmente as palavras e os poemas nos bastidores.<\/p>\n<p><strong>Adriana Versiani dos Anjos<\/strong> \u00e9 poeta e artista visual. Publicou \u2018A F\u00edsica dos Beatles\u2019 (2005), \u2018Conto dos dias\u2019 (2007), \u2018Livro de papel\u2019 (2009), \u2018A l\u00e2mina que matou meu pai\u2019 (2012), \u2018Di\u00e1rio de A\u2019 (2013), \u2018Tr\u00eas Pedras\u2019 (2014), \u2018Arqueologia da Cal\u00e7ada\u2019 e \u2018Farmacopeuma\u2019 (2018), al\u00e9m do livro infantil \u2018Um bicho, dois gravetos, quatro pingos\u2019 (2020). Integrou o Grupo Dazibao (Divin\u00f3polis\/Belo Horizonte); foi co-organizadora da Cole\u00e7\u00e3o \u2018Poesia Orbital\u2019 (1997, produzida em comemora\u00e7\u00f5es aos 100 anos de Belo Horizonte) e do jornal \u2018Inferno\u2019. Foi tamb\u00e9m editora do jornal \u2018Dezfaces\u2019 e fez parte do conselho editorial da revista de literatura \u2018Ato\u2019. Desde 2010 desenvolve trabalhos no campo das artes visuais \u2013 que permanecem in\u00e9ditos \u2013 utilizando objetos e t\u00e9cnicas mistas que dialogam com seus textos po\u00e9ticos.<\/p>\n<p><strong>M\u00e1rio Alex Rosa<\/strong> \u00e9 graduado em Hist\u00f3ria pela Universidade Federal de Ouro Preto (UFOP), mestre e doutor em Literatura Brasileira pela Universidade de S\u00e3o Paulo (USP). \u00c9 autor dos livros \u2018Formigas\u2019, Cosac Naify, 2013 (Infantil); \u2018Ouro Preto\u2019 \u2013 poemas, Ed. Scriptum, 2012; \u2018Via F\u00e9rrea\u2019, Ed. Cosac Naify, 2013; \u2018ABC Futebol Clube\u2019, editora Aletria, 2015; \u2018Casa\u2019, Ed. Impress\u00f5es de Minas, 2020; \u2018Poemas Pitorescos\u2019, Galileu Edi\u00e7\u00f5es, 2020 e \u2018Cosmonauta\u2019, Ed. Aletria, 2022.<\/p>\n<\/div>\n<\/div><\/div>\n<\/div>\n<\/div>\n<\/div>\n<\/div>\n<\/div>\n<div id=\"cmsmasters_row_omwx088mvk\" class=\"cmsmasters_row cmsmasters_color_scheme_default cmsmasters_row_top_default cmsmasters_row_bot_default cmsmasters_row_boxed\">\n<div class=\"cmsmasters_row_outer_parent\">\n<div class=\"cmsmasters_row_outer\">\n<div class=\"cmsmasters_row_inner\">\n<div class=\"cmsmasters_row_margin\">\n<div id=\"cmsmasters_column_af3a67039i\" class=\"cmsmasters_column one_first\">\n<div class=\"cmsmasters_column_inner\">\n<div id=\"cmsmasters_divider_6d10s6ghgh\" class=\"cmsmasters_divider cmsmasters_divider_width_long cmsmasters_divider_pos_center\"><\/div>\n<\/div><\/div>\n<\/div>\n<\/div>\n<\/div>\n<\/div>\n<\/div>\n<div id=\"cmsmasters_row_t3c22q9w6m\" class=\"cmsmasters_row cmsmasters_color_scheme_default cmsmasters_row_top_default cmsmasters_row_bot_default cmsmasters_row_boxed\">\n<div class=\"cmsmasters_row_outer_parent\">\n<div class=\"cmsmasters_row_outer\">\n<div class=\"cmsmasters_row_inner\">\n<div class=\"cmsmasters_row_margin\">\n<div id=\"cmsmasters_column_toijiibenl\" class=\"cmsmasters_column one_first\">\n<div class=\"cmsmasters_column_inner\"><div class=\"cmsmasters_text\">\n<p><strong>Exposi\u00e7\u00e3o \u2018Bastidores e as hist\u00f3rias que nos contam as garrafas\u2019<\/strong><br \/>\n<strong>Adriana Versiani e M\u00e1rio Alex Rosa<\/strong><br \/>\nAbertura: 20 de abril de 2023 | \u00e0s 19 horas<br \/>\nVisita\u00e7\u00e3o: at\u00e9 o dia 28\/05\/2023<br \/>\nTer\u00e7as a sextas: 9h \u00e0s 20h<br \/>\nS\u00e1bados, domingos e feriados: 9h \u00e0s 17h<br \/>\nEspa\u00e7o Experimenta\u00e7\u00e3o da Imagem<br \/>\nClassifica\u00e7\u00e3o indicativa: livre<br \/>\nEntrada gratuita<\/p>\n<p><span style=\"color: #0000ff;\"><strong><a style=\"color: #0000ff;\" href=\"https:\/\/www.google.com.br\/maps\/dir\/\/Av.+Santos+Dumont,+174+-+Centro,+Belo+Horizonte+-+MG,+30111-040\/@-19.9170546,-43.9360151,17z\/data=!4m6!4m5!1m0!1m2!1m1!1s0xa699fbd5aaae01:0xab4780c129fa0883!3e0\">Consulte rotas e meios para chegar<\/a><\/strong><\/span><\/p>\n<\/div>\n<\/div><\/div>\n<\/div>\n<\/div>\n<\/div>\n<\/div>\n<\/div>\n<div id=\"cmsmasters_row_6kvmqaa7i\" class=\"cmsmasters_row cmsmasters_color_scheme_default cmsmasters_row_top_default cmsmasters_row_bot_default cmsmasters_row_boxed\">\n<div class=\"cmsmasters_row_outer_parent\">\n<div class=\"cmsmasters_row_outer\">\n<div class=\"cmsmasters_row_inner\">\n<div class=\"cmsmasters_row_margin\">\n<div id=\"cmsmasters_column_sf8b3oog58\" class=\"cmsmasters_column three_fourth\">\n<div class=\"cmsmasters_column_inner\"><div id=\"cmsmasters_notice_smk9h2u97i\" class=\"cmsmasters_notice cmsmasters_notice_warning cmsmasters-icon-check-1\">\n<a href=\"#\" class=\"notice_close cmsmasters_theme_icon_cancel\"><\/a><div class=\"notice_content\">\n<p>Lembre-se: \u00e9 recomend\u00e1vel o uso de m\u00e1scara nos espa\u00e7os do Centro Cultural UFMG mesmo para imunizados<\/p>\n<\/div>\n<\/div>\n<\/div><\/div>\n<div id=\"cmsmasters_column_ioy14g1s5h\" class=\"cmsmasters_column one_fourth\">\n<div class=\"cmsmasters_column_inner\"><\/div><\/div>\n<\/div>\n<\/div>\n<\/div>\n<\/div>\n<\/div>\n\n","protected":false},"excerpt":{"rendered":"","protected":false},"author":6,"featured_media":22384,"comment_status":"closed","ping_status":"closed","sticky":false,"template":"","format":"standard","meta":{"footnotes":""},"categories":[121,91],"tags":[],"class_list":["post-22383","post","type-post","status-publish","format-standard","has-post-thumbnail","hentry","category-exposicoes","category-noticias"],"_links":{"self":[{"href":"https:\/\/www.ufmg.br\/centrocultural\/wp-json\/wp\/v2\/posts\/22383","targetHints":{"allow":["GET"]}}],"collection":[{"href":"https:\/\/www.ufmg.br\/centrocultural\/wp-json\/wp\/v2\/posts"}],"about":[{"href":"https:\/\/www.ufmg.br\/centrocultural\/wp-json\/wp\/v2\/types\/post"}],"author":[{"embeddable":true,"href":"https:\/\/www.ufmg.br\/centrocultural\/wp-json\/wp\/v2\/users\/6"}],"replies":[{"embeddable":true,"href":"https:\/\/www.ufmg.br\/centrocultural\/wp-json\/wp\/v2\/comments?post=22383"}],"version-history":[{"count":5,"href":"https:\/\/www.ufmg.br\/centrocultural\/wp-json\/wp\/v2\/posts\/22383\/revisions"}],"predecessor-version":[{"id":22533,"href":"https:\/\/www.ufmg.br\/centrocultural\/wp-json\/wp\/v2\/posts\/22383\/revisions\/22533"}],"wp:featuredmedia":[{"embeddable":true,"href":"https:\/\/www.ufmg.br\/centrocultural\/wp-json\/wp\/v2\/media\/22384"}],"wp:attachment":[{"href":"https:\/\/www.ufmg.br\/centrocultural\/wp-json\/wp\/v2\/media?parent=22383"}],"wp:term":[{"taxonomy":"category","embeddable":true,"href":"https:\/\/www.ufmg.br\/centrocultural\/wp-json\/wp\/v2\/categories?post=22383"},{"taxonomy":"post_tag","embeddable":true,"href":"https:\/\/www.ufmg.br\/centrocultural\/wp-json\/wp\/v2\/tags?post=22383"}],"curies":[{"name":"wp","href":"https:\/\/api.w.org\/{rel}","templated":true}]}}