{"id":22532,"date":"2023-04-18T15:43:45","date_gmt":"2023-04-18T18:43:45","guid":{"rendered":"https:\/\/www.ufmg.br\/centrocultural\/?p=22532"},"modified":"2023-04-18T15:43:45","modified_gmt":"2023-04-18T18:43:45","slug":"exposicao-enquanto-espero-a-primavera-da-artista-camila-moreira-lanca-reflexoes-pelo-desejo-de-mudancas","status":"publish","type":"post","link":"https:\/\/www.ufmg.br\/centrocultural\/exposicao-enquanto-espero-a-primavera-da-artista-camila-moreira-lanca-reflexoes-pelo-desejo-de-mudancas\/","title":{"rendered":"Exposi\u00e7\u00e3o \u2018enquanto espero a primavera\u2019, da artista Camila Moreira, lan\u00e7a reflex\u00f5es pelo desejo de mudan\u00e7as"},"content":{"rendered":"<div id=\"cmsmasters_row_byrp52m1lu\" class=\"cmsmasters_row cmsmasters_color_scheme_default cmsmasters_row_top_default cmsmasters_row_bot_default cmsmasters_row_boxed\">\n<div class=\"cmsmasters_row_outer_parent\">\n<div class=\"cmsmasters_row_outer\">\n<div class=\"cmsmasters_row_inner\">\n<div class=\"cmsmasters_row_margin\">\n<div id=\"cmsmasters_column_i24cwt1pcl\" class=\"cmsmasters_column one_first\">\n<div class=\"cmsmasters_column_inner\">\n<div class=\"cmsmasters_sharing\">\n<div class=\"share_wrap\">\n<a href=\"https:\/\/twitter.com\/intent\/tweet?text=Check+out+%27Exposi%C3%A7%C3%A3o+%E2%80%98enquanto+espero+a+primavera%E2%80%99%2C+da+artista+Camila+Moreira%2C+lan%C3%A7a+reflex%C3%B5es+pelo+desejo+de+mudan%C3%A7as%27+on+Centro+Cultural++UFMG+website&url=https%3A%2F%2Fwww.ufmg.br%2Fcentrocultural%2Fexposicao-enquanto-espero-a-primavera-da-artista-camila-moreira-lanca-reflexoes-pelo-desejo-de-mudancas%2F\" class=\"button cmsmasters-icon-twitter\">Twitter<\/a>\n<\/div>\n<div class=\"share_wrap\">\n<a href=\"https:\/\/www.facebook.com\/sharer\/sharer.php?display=popup&u=https%3A%2F%2Fwww.ufmg.br%2Fcentrocultural%2Fexposicao-enquanto-espero-a-primavera-da-artista-camila-moreira-lanca-reflexoes-pelo-desejo-de-mudancas%2F\" class=\"button cmsmasters-icon-facebook\">Facebook<\/a>\n<\/div>\n<\/div>\n<\/div><\/div>\n<\/div>\n<\/div>\n<\/div>\n<\/div>\n<\/div>\n<div id=\"cmsmasters_row_\" class=\"cmsmasters_row cmsmasters_color_scheme_default cmsmasters_row_top_default cmsmasters_row_bot_default cmsmasters_row_boxed\">\n<div class=\"cmsmasters_row_outer_parent\">\n<div class=\"cmsmasters_row_outer\">\n<div class=\"cmsmasters_row_inner\">\n<div class=\"cmsmasters_row_margin\">\n<div id=\"cmsmasters_column_\" class=\"cmsmasters_column one_first\">\n<div class=\"cmsmasters_column_inner\"><div class=\"cmsmasters_text\">\n<p>O Centro Cultural UFMG convida para a abertura da exposi\u00e7\u00e3o <strong>\u2018enquanto espero a primavera\u2019<\/strong>, da artista mineira <strong>Camila Moreira<\/strong>, com curadoria de Sandro Ka, na ter\u00e7a-feira, dia 25 de abril de 2023, \u00e0s 19 horas. A partir da met\u00e1fora da primavera, a mostra re\u00fane um conjunto de obras entre desenhos, fotografias, v\u00eddeos e instala\u00e7\u00f5es, que trazem como tema central as expectativas pelo novo \u2013 do tempo da espera ao engajamento transformador \u2013 e poder\u00e1 ser vista at\u00e9 28 de maio de 2023. A entrada \u00e9 gratuita e tem classifica\u00e7\u00e3o livre.<\/p>\n<ul>\n<li><strong><span style=\"color: #333399;\"><a style=\"color: #333399;\" href=\"https:\/\/api.whatsapp.com\/send?text=https:\/\/www.ufmg.br\/centrocultural\/exposicao-enquanto-espero-a-primavera-da-artista-camila-moreira-lanca-reflexoes-pelo-desejo-de-mudancas\" target=\"_blank\" rel=\"noopener\">Compartilhe no WhatsApp<\/a><\/span><\/strong><\/li>\n<li><strong><span style=\"color: #333399;\">C<a style=\"color: #333399;\" href=\"https:\/\/telegram.me\/share\/url?url=%20https:\/\/www.ufmg.br\/centrocultural\/exposicao-enquanto-espero-a-primavera-da-artista-camila-moreira-lanca-reflexoes-pelo-desejo-de-mudancas\" target=\"_blank\" rel=\"noopener\">ompartilhe no Telegram<\/a><\/span><\/strong><\/li>\n<\/ul>\n<p>De suportes convencionais ao uso do espa\u00e7o, a obra da artista toma o desenho como pensamento e pr\u00e1tica reflexiva, cruzando fronteiras e materialidades como uma condi\u00e7\u00e3o contempor\u00e2nea presente em tal linguagem. Apresentando proposi\u00e7\u00f5es art\u00edsticas desenvolvidas em Paris e Belo Horizonte entre 2013 e 2023, a exposi\u00e7\u00e3o reflete inquieta\u00e7\u00f5es da artista acerca de deslocamentos, ex\u00edlio, condi\u00e7\u00f5es humanas e, sobretudo, da necessidade da tomada de posicionamentos sobre as mudan\u00e7as no mundo ao redor, pela ordem dos afetos, em sua constru\u00e7\u00e3o cotidiana e coletiva.<\/p>\n<p>Tendo a primavera como met\u00e1fora, as obras prop\u00f5em reflex\u00f5es sobre o processo, necessidades e expectativas de transforma\u00e7\u00f5es do sujeito. Silenciosas ou arrebatadoras, como uma das esta\u00e7\u00f5es do ano ou como nas recentes grandes revolu\u00e7\u00f5es pol\u00edticas de luta por direitos e condi\u00e7\u00f5es sociais mundo afora, toda primavera traz em si a esperan\u00e7a do novo. Do novo idealizado e constru\u00eddo, em seu tempo \u00fanico \u2013 da espera, da cria\u00e7\u00e3o e da viv\u00eancia \u2013 , seja no \u00e2mbito privado das pequenas mudan\u00e7as ou na vontade do fazer coletivo, engajado das revolu\u00e7\u00f5es. Como frutos e bonan\u00e7a: no desejo e na esperan\u00e7a do que h\u00e1 de vir.<\/p>\n<p><strong>Camila Moreira<\/strong> (Formiga, MG, 1981) \u00e9 artista pl\u00e1stica. Vive e trabalha em Belo Horizonte\/MG. Doutora e mestre em Arts Plastiques pela Universit\u00e9 Paris 1 &#8211; Panth\u00e9on Sorbonne &#8211; Fran\u00e7a. Graduada em Artes Pl\u00e1sticas (UFU). Professora Adjunta do Departamento de Desenho (EBA\/UFMG) e do Programa de Mestrado Profissional &#8211; Prof. Artes (EBA\/UFMG). Sua pesquisa contempla o desenho na atualidade, processos h\u00edbridos, o ex\u00edlio, a mesti\u00e7agem na arte e o processo de cria\u00e7\u00e3o. Atua como artista visual com mostras no Brasil e no exterior. \u00c9 fundadora e coordenadora do grupo de pesquisa NEDEC\/UFMG (N\u00facleo de Estudos e Ensino em Desenho Contempor\u00e2neo), atuante nas linhas de pesquisa: Desenho contempor\u00e2neo, Desenho e Hibridismo de Linguagens e Desenho Pensamento e Escrita; pesquisadora do NUPPE\/UFU (N\u00facleo de Pesquisa em Pintura e Ensino) nas linhas de pesquisa: Pintura e Interfaces com outras linguagens (coordenadora) e Estudos Crom\u00e1ticos. \u00c9 membro da Associa\u00e7\u00e3o de Artistas (Art)\u00e8re- Paris-Fran\u00e7a. \u00c9 Presidente do Comit\u00e9 de Organiza\u00e7\u00e3o Encyclopedie Num\u00e9rique des Couleurs &#8211; Universit\u00e9 de Sfax \/ Universit\u00e9 de Monastir &#8211; Tunisia, Universit\u00e9 de Bordeaux\/Montagne\/Fran\u00e7a, Universit\u00e9 de Lorraine &#8211; Universidade Federal de Uberl\u00e2ndia. Possui no Brasil cole\u00e7\u00f5es do MACRS e MAC Drag\u00e3o do Mar, e no exterior.<\/p>\n<p><strong>Sandro Ka<\/strong> (Porto Alegre\/RS, 1981) \u00e9 artista visual e pesquisador. Doutor e mestre em Artes Visuais (PPGAV\/UFRGS) e bacharel em Artes Pl\u00e1sticas (DAV\/UFRGS). Professor Adjunto de Artes Visuais &#8211; Departamento de Desenho (EBA\/UFMG). Desde 2003, participa de a\u00e7\u00f5es e mostras individuais e coletivas em diversas cidades, no Brasil e no exterior, desenvolvendo trabalhos nas linguagens de desenho, objeto, instala\u00e7\u00e3o e interven\u00e7\u00e3o urbana. Em \u00e2mbito de pesquisa, se interessa pelas rela\u00e7\u00f5es entre Artes Visuais e Produ\u00e7\u00e3o Cultural, bem como nas articula\u00e7\u00f5es entre Arte, Pol\u00edtica e Sexualidade. Recebeu pr\u00eamios na \u00e1rea de Artes Visuais, como o Pr\u00eamio Alian\u00e7a Francesa de Arte Contempor\u00e2nea (2017) e Pr\u00eamio A\u00e7orianos de Artes Pl\u00e1sticas (2009), sendo indicado em outras edi\u00e7\u00f5es do mesmo pr\u00eamio (2014, 2015 e 2018). Possui obras em acervos p\u00fablicos e cole\u00e7\u00f5es privadas.<\/p>\n<\/div>\n<\/div><\/div>\n<\/div>\n<\/div>\n<\/div>\n<\/div>\n<\/div>\n<div id=\"cmsmasters_row_omwx088mvk\" class=\"cmsmasters_row cmsmasters_color_scheme_default cmsmasters_row_top_default cmsmasters_row_bot_default cmsmasters_row_boxed\">\n<div class=\"cmsmasters_row_outer_parent\">\n<div class=\"cmsmasters_row_outer\">\n<div class=\"cmsmasters_row_inner\">\n<div class=\"cmsmasters_row_margin\">\n<div id=\"cmsmasters_column_af3a67039i\" class=\"cmsmasters_column one_first\">\n<div class=\"cmsmasters_column_inner\">\n<div id=\"cmsmasters_divider_6d10s6ghgh\" class=\"cmsmasters_divider cmsmasters_divider_width_long cmsmasters_divider_pos_center\"><\/div>\n<\/div><\/div>\n<\/div>\n<\/div>\n<\/div>\n<\/div>\n<\/div>\n<div id=\"cmsmasters_row_t3c22q9w6m\" class=\"cmsmasters_row cmsmasters_color_scheme_default cmsmasters_row_top_default cmsmasters_row_bot_default cmsmasters_row_boxed\">\n<div class=\"cmsmasters_row_outer_parent\">\n<div class=\"cmsmasters_row_outer\">\n<div class=\"cmsmasters_row_inner\">\n<div class=\"cmsmasters_row_margin\">\n<div id=\"cmsmasters_column_toijiibenl\" class=\"cmsmasters_column one_first\">\n<div class=\"cmsmasters_column_inner\"><div class=\"cmsmasters_text\">\n<p><strong>Exposi\u00e7\u00e3o \u2018enquanto espero a primavera\u2019<\/strong><br \/>\n<strong>Camila Moreira | Curadoria: Sandro Ka<\/strong><br \/>\nAbertura: 25 de abril de 2023 | \u00e0s 19 horas<br \/>\nVisita\u00e7\u00e3o: at\u00e9 o dia 28\/05\/2023<br \/>\nTer\u00e7as a sextas: 9h \u00e0s 20h<br \/>\nS\u00e1bados, domingos e feriados: 9h \u00e0s 17h<br \/>\nGrande Galeria<br \/>\nClassifica\u00e7\u00e3o indicativa: livre<br \/>\nEntrada gratuita<\/p>\n<p><span style=\"color: #0000ff;\"><strong><a style=\"color: #0000ff;\" href=\"https:\/\/www.google.com.br\/maps\/dir\/\/Av.+Santos+Dumont,+174+-+Centro,+Belo+Horizonte+-+MG,+30111-040\/@-19.9170546,-43.9360151,17z\/data=!4m6!4m5!1m0!1m2!1m1!1s0xa699fbd5aaae01:0xab4780c129fa0883!3e0\">Consulte rotas e meios para chegar<\/a><\/strong><\/span><\/p>\n<\/div>\n<\/div><\/div>\n<\/div>\n<\/div>\n<\/div>\n<\/div>\n<\/div>\n<div id=\"cmsmasters_row_6kvmqaa7i\" class=\"cmsmasters_row cmsmasters_color_scheme_default cmsmasters_row_top_default cmsmasters_row_bot_default cmsmasters_row_boxed\">\n<div class=\"cmsmasters_row_outer_parent\">\n<div class=\"cmsmasters_row_outer\">\n<div class=\"cmsmasters_row_inner\">\n<div class=\"cmsmasters_row_margin\">\n<div id=\"cmsmasters_column_sf8b3oog58\" class=\"cmsmasters_column three_fourth\">\n<div class=\"cmsmasters_column_inner\"><div id=\"cmsmasters_notice_smk9h2u97i\" class=\"cmsmasters_notice cmsmasters_notice_warning cmsmasters-icon-check-1\">\n<a href=\"#\" class=\"notice_close cmsmasters_theme_icon_cancel\"><\/a><div class=\"notice_content\">\n<p>Lembre-se: \u00e9 recomend\u00e1vel o uso de m\u00e1scara nos espa\u00e7os do Centro Cultural UFMG mesmo para imunizados<\/p>\n<\/div>\n<\/div>\n<\/div><\/div>\n<div id=\"cmsmasters_column_ioy14g1s5h\" class=\"cmsmasters_column one_fourth\">\n<div class=\"cmsmasters_column_inner\"><\/div><\/div>\n<\/div>\n<\/div>\n<\/div>\n<\/div>\n<\/div>\n\n","protected":false},"excerpt":{"rendered":"","protected":false},"author":6,"featured_media":22538,"comment_status":"closed","ping_status":"closed","sticky":false,"template":"","format":"standard","meta":{"footnotes":""},"categories":[91],"tags":[],"class_list":["post-22532","post","type-post","status-publish","format-standard","has-post-thumbnail","hentry","category-noticias"],"_links":{"self":[{"href":"https:\/\/www.ufmg.br\/centrocultural\/wp-json\/wp\/v2\/posts\/22532","targetHints":{"allow":["GET"]}}],"collection":[{"href":"https:\/\/www.ufmg.br\/centrocultural\/wp-json\/wp\/v2\/posts"}],"about":[{"href":"https:\/\/www.ufmg.br\/centrocultural\/wp-json\/wp\/v2\/types\/post"}],"author":[{"embeddable":true,"href":"https:\/\/www.ufmg.br\/centrocultural\/wp-json\/wp\/v2\/users\/6"}],"replies":[{"embeddable":true,"href":"https:\/\/www.ufmg.br\/centrocultural\/wp-json\/wp\/v2\/comments?post=22532"}],"version-history":[{"count":2,"href":"https:\/\/www.ufmg.br\/centrocultural\/wp-json\/wp\/v2\/posts\/22532\/revisions"}],"predecessor-version":[{"id":22537,"href":"https:\/\/www.ufmg.br\/centrocultural\/wp-json\/wp\/v2\/posts\/22532\/revisions\/22537"}],"wp:featuredmedia":[{"embeddable":true,"href":"https:\/\/www.ufmg.br\/centrocultural\/wp-json\/wp\/v2\/media\/22538"}],"wp:attachment":[{"href":"https:\/\/www.ufmg.br\/centrocultural\/wp-json\/wp\/v2\/media?parent=22532"}],"wp:term":[{"taxonomy":"category","embeddable":true,"href":"https:\/\/www.ufmg.br\/centrocultural\/wp-json\/wp\/v2\/categories?post=22532"},{"taxonomy":"post_tag","embeddable":true,"href":"https:\/\/www.ufmg.br\/centrocultural\/wp-json\/wp\/v2\/tags?post=22532"}],"curies":[{"name":"wp","href":"https:\/\/api.w.org\/{rel}","templated":true}]}}