{"id":22686,"date":"2023-04-20T16:37:30","date_gmt":"2023-04-20T19:37:30","guid":{"rendered":"https:\/\/www.ufmg.br\/centrocultural\/?p=22686"},"modified":"2023-04-20T16:37:30","modified_gmt":"2023-04-20T19:37:30","slug":"escultura-de-wladimir-pierre-homenageia-o-bar-mais-antigo-de-belo-horizonte-o-bar-do-orlando","status":"publish","type":"post","link":"https:\/\/www.ufmg.br\/centrocultural\/escultura-de-wladimir-pierre-homenageia-o-bar-mais-antigo-de-belo-horizonte-o-bar-do-orlando\/","title":{"rendered":"Escultura de Wladimir Pierre homenageia o bar mais antigo de Belo Horizonte: o Bar do Orlando"},"content":{"rendered":"<div id=\"cmsmasters_row_byrp52m1lu\" class=\"cmsmasters_row cmsmasters_color_scheme_default cmsmasters_row_top_default cmsmasters_row_bot_default cmsmasters_row_boxed\">\n<div class=\"cmsmasters_row_outer_parent\">\n<div class=\"cmsmasters_row_outer\">\n<div class=\"cmsmasters_row_inner\">\n<div class=\"cmsmasters_row_margin\">\n<div id=\"cmsmasters_column_i24cwt1pcl\" class=\"cmsmasters_column one_first\">\n<div class=\"cmsmasters_column_inner\">\n<div class=\"cmsmasters_sharing\">\n<div class=\"share_wrap\">\n<a href=\"https:\/\/twitter.com\/intent\/tweet?text=Check+out+%27Escultura+de+Wladimir+Pierre+homenageia+o+bar+mais+antigo+de+Belo+Horizonte%3A+o+Bar+do+Orlando%27+on+Centro+Cultural++UFMG+website&url=https%3A%2F%2Fwww.ufmg.br%2Fcentrocultural%2Fescultura-de-wladimir-pierre-homenageia-o-bar-mais-antigo-de-belo-horizonte-o-bar-do-orlando%2F\" class=\"button cmsmasters-icon-twitter\">Twitter<\/a>\n<\/div>\n<div class=\"share_wrap\">\n<a href=\"https:\/\/www.facebook.com\/sharer\/sharer.php?display=popup&u=https%3A%2F%2Fwww.ufmg.br%2Fcentrocultural%2Fescultura-de-wladimir-pierre-homenageia-o-bar-mais-antigo-de-belo-horizonte-o-bar-do-orlando%2F\" class=\"button cmsmasters-icon-facebook\">Facebook<\/a>\n<\/div>\n<\/div>\n<\/div><\/div>\n<\/div>\n<\/div>\n<\/div>\n<\/div>\n<\/div>\n<div id=\"cmsmasters_row_\" class=\"cmsmasters_row cmsmasters_color_scheme_default cmsmasters_row_top_default cmsmasters_row_bot_default cmsmasters_row_boxed\">\n<div class=\"cmsmasters_row_outer_parent\">\n<div class=\"cmsmasters_row_outer\">\n<div class=\"cmsmasters_row_inner\">\n<div class=\"cmsmasters_row_margin\">\n<div id=\"cmsmasters_column_\" class=\"cmsmasters_column one_first\">\n<div class=\"cmsmasters_column_inner\"><div class=\"cmsmasters_text\">\n<p>O Centro Cultural UFMG convida para a abertura da exposi\u00e7\u00e3o da escultura <strong>\u2018Bar do Orlando\u2019<\/strong>, do artista <strong>Wladimir Pierre<\/strong>, na ter\u00e7a-feira, dia 25 de abril de 2023, \u00e0s 19 horas. A mostra tem a curadoria do professor Fabr\u00edcio Fernandino e poder\u00e1 ser vista at\u00e9 o dia 28 de maio de 2023. A entrada \u00e9 gratuita e integra o projeto Escultura no Centro, que destaca os trabalhos tridimensionais desenvolvidos por alunos do curso de Artes Visuais com habilita\u00e7\u00e3o em Escultura da Escola de Belas Artes da UFMG. A classifica\u00e7\u00e3o \u00e9 livre.<\/p>\n<ul>\n<li><strong><span style=\"color: #333399;\"><a style=\"color: #333399;\" href=\"https:\/\/api.whatsapp.com\/send?text=https:\/\/www.ufmg.br\/centrocultural\/escultura-de-wladimir-pierre-homenageia-o-bar-mais-antigo-de-belo-horizonte-o-bar-do-orlando\" target=\"_blank\" rel=\"noopener\">Compartilhe no WhatsApp<\/a><\/span><\/strong><\/li>\n<li><strong><span style=\"color: #333399;\">C<a style=\"color: #333399;\" href=\"https:\/\/telegram.me\/share\/url?url=%20https:\/\/www.ufmg.br\/centrocultural\/escultura-de-wladimir-pierre-homenageia-o-bar-mais-antigo-de-belo-horizonte-o-bar-do-orlando\" target=\"_blank\" rel=\"noopener\">ompartilhe no Telegram<\/a><\/span><\/strong><\/li>\n<\/ul>\n<p><strong>O processo criativo<\/strong><\/p>\n<p>Para criar a obra, Wladimir fez uma pesquisa detalhada sobre o Bar do Orlando e toda a sua hist\u00f3ria. O artista visitou o local por diversas vezes, tirou fotos do estabelecimento e observou cada detalhe da arquitetura, decora\u00e7\u00e3o e do ambiente em geral. Em seguida, utilizou materiais como papel recicl\u00e1vel, madeira, espuma e tintas para criar os elementos que comp\u00f5em a escultura.<\/p>\n<p><strong>A obra<\/strong><\/p>\n<p>No diagrama \u00e9 poss\u00edvel ver a reprodu\u00e7\u00e3o da fachada de forma bem realista. Na parte interna ele criou uma miniatura do balc\u00e3o com garrafas de bebidas e copos, al\u00e9m de mesas e cadeiras para os clientes. Incluiu detalhes como quadros na parede, lumin\u00e1rias e at\u00e9 mesmo um banheiro.<\/p>\n<p><strong>A homenagem<\/strong><\/p>\n<p>\u201cO objetivo dessa escultura \u00e9 homenagear um dos locais mais ic\u00f4nicos de Belo Horizonte, que faz parte da cultura e hist\u00f3ria da cidade. \u00c9 uma forma de preservar a mem\u00f3ria desse bar tradicional e transmiti-la para as pr\u00f3ximas gera\u00e7\u00f5es\u201d, descreve Wladimir Pierre.<\/p>\n<p><strong>O artista<\/strong><\/p>\n<p><strong>Wladimir Pierre<\/strong> \u00e9 estudante de Artes Visuais na Escola de Belas Artes da UFMG, com habilita\u00e7\u00e3o em Escultura. Entre v\u00e1rias propostas esculturais que vem desenvolvendo, as miniaturas s\u00e3o uma refer\u00eancia recorrente em sua obra. O artista tem constru\u00eddo uma trajet\u00f3ria com participa\u00e7\u00e3o em exposi\u00e7\u00f5es coletivas e j\u00e1 desenvolveu diversos trabalhos profissionais na \u00e1rea.<\/p>\n<p><strong>Escultura no Centro<\/strong><\/p>\n<p>O projeto busca valorizar e expor os trabalhos tridimensionais desenvolvidos pelos graduandos e p\u00f3s-graduandos do curso de Artes Visuais com habilita\u00e7\u00e3o em Escultura da Escola de Belas Artes da UFMG.<\/p>\n<\/div>\n<\/div><\/div>\n<\/div>\n<\/div>\n<\/div>\n<\/div>\n<\/div>\n<div id=\"cmsmasters_row_omwx088mvk\" class=\"cmsmasters_row cmsmasters_color_scheme_default cmsmasters_row_top_default cmsmasters_row_bot_default cmsmasters_row_boxed\">\n<div class=\"cmsmasters_row_outer_parent\">\n<div class=\"cmsmasters_row_outer\">\n<div class=\"cmsmasters_row_inner\">\n<div class=\"cmsmasters_row_margin\">\n<div id=\"cmsmasters_column_af3a67039i\" class=\"cmsmasters_column one_first\">\n<div class=\"cmsmasters_column_inner\">\n<div id=\"cmsmasters_divider_6d10s6ghgh\" class=\"cmsmasters_divider cmsmasters_divider_width_long cmsmasters_divider_pos_center\"><\/div>\n<\/div><\/div>\n<\/div>\n<\/div>\n<\/div>\n<\/div>\n<\/div>\n<div id=\"cmsmasters_row_t3c22q9w6m\" class=\"cmsmasters_row cmsmasters_color_scheme_default cmsmasters_row_top_default cmsmasters_row_bot_default cmsmasters_row_boxed\">\n<div class=\"cmsmasters_row_outer_parent\">\n<div class=\"cmsmasters_row_outer\">\n<div class=\"cmsmasters_row_inner\">\n<div class=\"cmsmasters_row_margin\">\n<div id=\"cmsmasters_column_toijiibenl\" class=\"cmsmasters_column one_first\">\n<div class=\"cmsmasters_column_inner\"><div class=\"cmsmasters_text\">\n<p><strong>Bar do Orlando \u2013 Wladimir Pierre<\/strong><br \/>\nPer\u00edodo expositivo: 25\/04\/2023 a 28\/05\/2023<br \/>\nTer\u00e7as a sextas: 9h \u00e0s 20h<br \/>\nS\u00e1bados, domingos e feriados: 9h \u00e0s 17h<br \/>\nEspa\u00e7o Expositivo V\u00e3o da Escada<br \/>\nClassifica\u00e7\u00e3o: livre<br \/>\nEntrada gratuita<\/p>\n<p><span style=\"color: #0000ff;\"><strong><a style=\"color: #0000ff;\" href=\"https:\/\/www.google.com.br\/maps\/dir\/\/Av.+Santos+Dumont,+174+-+Centro,+Belo+Horizonte+-+MG,+30111-040\/@-19.9170546,-43.9360151,17z\/data=!4m6!4m5!1m0!1m2!1m1!1s0xa699fbd5aaae01:0xab4780c129fa0883!3e0\">Consulte rotas e meios para chegar<\/a><\/strong><\/span><\/p>\n<\/div>\n<\/div><\/div>\n<\/div>\n<\/div>\n<\/div>\n<\/div>\n<\/div>\n<div id=\"cmsmasters_row_6kvmqaa7i\" class=\"cmsmasters_row cmsmasters_color_scheme_default cmsmasters_row_top_default cmsmasters_row_bot_default cmsmasters_row_boxed\">\n<div class=\"cmsmasters_row_outer_parent\">\n<div class=\"cmsmasters_row_outer\">\n<div class=\"cmsmasters_row_inner\">\n<div class=\"cmsmasters_row_margin\">\n<div id=\"cmsmasters_column_sf8b3oog58\" class=\"cmsmasters_column three_fourth\">\n<div class=\"cmsmasters_column_inner\"><div id=\"cmsmasters_notice_smk9h2u97i\" class=\"cmsmasters_notice cmsmasters_notice_warning cmsmasters-icon-check-1\">\n<a href=\"#\" class=\"notice_close cmsmasters_theme_icon_cancel\"><\/a><div class=\"notice_content\">\n<p>Lembre-se: \u00e9 recomend\u00e1vel o uso de m\u00e1scara nos espa\u00e7os do Centro Cultural UFMG mesmo para imunizados<\/p>\n<\/div>\n<\/div>\n<\/div><\/div>\n<div id=\"cmsmasters_column_ioy14g1s5h\" class=\"cmsmasters_column one_fourth\">\n<div class=\"cmsmasters_column_inner\"><\/div><\/div>\n<\/div>\n<\/div>\n<\/div>\n<\/div>\n<\/div>\n\n","protected":false},"excerpt":{"rendered":"","protected":false},"author":6,"featured_media":22687,"comment_status":"closed","ping_status":"closed","sticky":false,"template":"","format":"standard","meta":{"footnotes":""},"categories":[121,91],"tags":[],"class_list":["post-22686","post","type-post","status-publish","format-standard","has-post-thumbnail","hentry","category-exposicoes","category-noticias"],"_links":{"self":[{"href":"https:\/\/www.ufmg.br\/centrocultural\/wp-json\/wp\/v2\/posts\/22686","targetHints":{"allow":["GET"]}}],"collection":[{"href":"https:\/\/www.ufmg.br\/centrocultural\/wp-json\/wp\/v2\/posts"}],"about":[{"href":"https:\/\/www.ufmg.br\/centrocultural\/wp-json\/wp\/v2\/types\/post"}],"author":[{"embeddable":true,"href":"https:\/\/www.ufmg.br\/centrocultural\/wp-json\/wp\/v2\/users\/6"}],"replies":[{"embeddable":true,"href":"https:\/\/www.ufmg.br\/centrocultural\/wp-json\/wp\/v2\/comments?post=22686"}],"version-history":[{"count":5,"href":"https:\/\/www.ufmg.br\/centrocultural\/wp-json\/wp\/v2\/posts\/22686\/revisions"}],"predecessor-version":[{"id":25108,"href":"https:\/\/www.ufmg.br\/centrocultural\/wp-json\/wp\/v2\/posts\/22686\/revisions\/25108"}],"wp:featuredmedia":[{"embeddable":true,"href":"https:\/\/www.ufmg.br\/centrocultural\/wp-json\/wp\/v2\/media\/22687"}],"wp:attachment":[{"href":"https:\/\/www.ufmg.br\/centrocultural\/wp-json\/wp\/v2\/media?parent=22686"}],"wp:term":[{"taxonomy":"category","embeddable":true,"href":"https:\/\/www.ufmg.br\/centrocultural\/wp-json\/wp\/v2\/categories?post=22686"},{"taxonomy":"post_tag","embeddable":true,"href":"https:\/\/www.ufmg.br\/centrocultural\/wp-json\/wp\/v2\/tags?post=22686"}],"curies":[{"name":"wp","href":"https:\/\/api.w.org\/{rel}","templated":true}]}}