{"id":22787,"date":"2023-04-25T14:39:04","date_gmt":"2023-04-25T17:39:04","guid":{"rendered":"https:\/\/www.ufmg.br\/centrocultural\/?p=22787"},"modified":"2023-04-25T14:39:04","modified_gmt":"2023-04-25T17:39:04","slug":"jean-belmonte-propoe-pensar-a-impermanencia-da-materia-em-nova-exposicao","status":"publish","type":"post","link":"https:\/\/www.ufmg.br\/centrocultural\/jean-belmonte-propoe-pensar-a-impermanencia-da-materia-em-nova-exposicao\/","title":{"rendered":"Jean Belmonte prop\u00f5e pensar a imperman\u00eancia da mat\u00e9ria em nova exposi\u00e7\u00e3o"},"content":{"rendered":"<div id=\"cmsmasters_row_byrp52m1lu\" class=\"cmsmasters_row cmsmasters_color_scheme_default cmsmasters_row_top_default cmsmasters_row_bot_default cmsmasters_row_boxed\">\n<div class=\"cmsmasters_row_outer_parent\">\n<div class=\"cmsmasters_row_outer\">\n<div class=\"cmsmasters_row_inner\">\n<div class=\"cmsmasters_row_margin\">\n<div id=\"cmsmasters_column_i24cwt1pcl\" class=\"cmsmasters_column one_first\">\n<div class=\"cmsmasters_column_inner\">\n<div class=\"cmsmasters_sharing\">\n<div class=\"share_wrap\">\n<a href=\"https:\/\/twitter.com\/intent\/tweet?text=Check+out+%27Jean+Belmonte+prop%C3%B5e+pensar+a+imperman%C3%AAncia+da+mat%C3%A9ria+em+nova+exposi%C3%A7%C3%A3o%27+on+Centro+Cultural++UFMG+website&url=https%3A%2F%2Fwww.ufmg.br%2Fcentrocultural%2Fjean-belmonte-propoe-pensar-a-impermanencia-da-materia-em-nova-exposicao%2F\" class=\"button cmsmasters-icon-twitter\">Twitter<\/a>\n<\/div>\n<div class=\"share_wrap\">\n<a href=\"https:\/\/www.facebook.com\/sharer\/sharer.php?display=popup&u=https%3A%2F%2Fwww.ufmg.br%2Fcentrocultural%2Fjean-belmonte-propoe-pensar-a-impermanencia-da-materia-em-nova-exposicao%2F\" class=\"button cmsmasters-icon-facebook\">Facebook<\/a>\n<\/div>\n<\/div>\n<\/div><\/div>\n<\/div>\n<\/div>\n<\/div>\n<\/div>\n<\/div>\n<div id=\"cmsmasters_row_\" class=\"cmsmasters_row cmsmasters_color_scheme_default cmsmasters_row_top_default cmsmasters_row_bot_default cmsmasters_row_boxed\">\n<div class=\"cmsmasters_row_outer_parent\">\n<div class=\"cmsmasters_row_outer\">\n<div class=\"cmsmasters_row_inner\">\n<div class=\"cmsmasters_row_margin\">\n<div id=\"cmsmasters_column_\" class=\"cmsmasters_column one_first\">\n<div class=\"cmsmasters_column_inner\"><div class=\"cmsmasters_text\">\n<p>O Centro Cultural UFMG convida para a abertura da exposi\u00e7\u00e3o <strong>\u2018A im(perman\u00eancia) das coisas\u2019<\/strong>, do artista catarinense <strong>Jean Belmonte<\/strong>, na sexta-feira, dia 28 de abril de 2023, \u00e0s 19 horas. A mostra re\u00fane objetos que caracterizam um campo de fragilidade e instabilidade e poder\u00e1 ser vista at\u00e9 04 de junho de 2023. A entrada \u00e9 gratuita e tem classifica\u00e7\u00e3o livre.<\/p>\n<ul>\n<li><strong><span style=\"color: #333399;\"><a style=\"color: #333399;\" href=\"https:\/\/api.whatsapp.com\/send?text=https:\/\/www.ufmg.br\/centrocultural\/jean-belmonte-propoe-pensar-a-impermanencia-da-materia-em-nova-exposicao\" target=\"_blank\" rel=\"noopener\">Compartilhe no WhatsApp<\/a><\/span><\/strong><\/li>\n<li><strong><span style=\"color: #333399;\">C<a style=\"color: #333399;\" href=\"https:\/\/telegram.me\/share\/url?url=%20https:\/\/www.ufmg.br\/centrocultural\/jean-belmonte-propoe-pensar-a-impermanencia-da-materia-em-nova-exposicao\" target=\"_blank\" rel=\"noopener\">ompartilhe no Telegram<\/a><\/span><\/strong><\/li>\n<\/ul>\n<p>Papel\u00f5es, jornais, madeiras, caixas de f\u00f3sforos e materiais que poderiam facilmente ser considerados apenas res\u00edduos industriais s\u00e3o objetos usados na constru\u00e7\u00e3o das obras de Jean Belmonte.<\/p>\n<p>O gesto do artista prefigura uma a\u00e7\u00e3o arqueol\u00f3gica, por localizar nesses objetos, encontrados ao acaso ou dispon\u00edveis em qualquer prateleira de supermercado, uma pr\u00e9-configura\u00e7\u00e3o est\u00e9tica, preservando, em alguns desses dispositivos, sua ess\u00eancia original.<\/p>\n<p>Desta maneira, Jean Belmonte sugere pensar a geometria aplicada a\u0300 mat\u00e9ria ef\u00eamera, tamb\u00e9m, como um elemento de sustentabilidade. O artista se aproxima dessas quest\u00f5es que lhe s\u00e3o relevantes e enxerga na geometria uma organiza\u00e7\u00e3o pl\u00e1stica formal, que mant\u00e9m um v\u00ednculo seguro de comunica\u00e7\u00e3o quando aplicada ao objeto descart\u00e1vel.<\/p>\n<p><strong>Jean Belmonte<\/strong> (1983 \u2013 Rio do Sul \u2013 Santa Catarina): \u00e9 bacharel em Comunica\u00e7\u00e3o Social pela Faculdade de Tecnologia e Educa\u00e7\u00e3o de Maring\u00e1 \u2013 PR, especialista em Arte Contempor\u00e2nea pela PUC Minas, especialista em Artes Pl\u00e1sticas e Contemporaneidade pela Escola Guignard (UEMG) e mestre em Artes pela Universidade do Estado de Minas Gerais (UEMG). Trabalha a particularidade do objeto, sua efemeridade e transitoriedade alinhando-o \u00e0 est\u00e9tica geom\u00e9trica. Nessa linha de pesquisa destaca-se a exposi\u00e7\u00e3o individual \u2018Inser\u00e7\u00f5es no tempo\u2019 (2022) e as coletivas \u2018Po\u00e9ticas de um outro\u2019 (2021) e \u2018Geometrias sens\u00edveis\u2019 (2020). Possui publica\u00e7\u00f5es em revistas especializadas em ilustra\u00e7\u00e3o no Brasil e Argentina. Foi finalista do concurso Volvo C30 de Arte Digital, promovido pela Volvo em parceria com a revista Zupi. \u00c9 professor de Arte Contempor\u00e2nea no Instituto de Educa\u00e7\u00e3o Continuada (IEC) da PUC Minas, designer gr\u00e1fico e artista pl\u00e1stico. \u00c9 representado pelas galerias Orlando Lemos (Nova Lima, MG) e Beliz\u00e1rio (S\u00e3o Paulo, SP). Vive e trabalha em Belo Horizonte, Minas Gerais.<\/p>\n<\/div>\n<\/div><\/div>\n<\/div>\n<\/div>\n<\/div>\n<\/div>\n<\/div>\n<div id=\"cmsmasters_row_omwx088mvk\" class=\"cmsmasters_row cmsmasters_color_scheme_default cmsmasters_row_top_default cmsmasters_row_bot_default cmsmasters_row_boxed\">\n<div class=\"cmsmasters_row_outer_parent\">\n<div class=\"cmsmasters_row_outer\">\n<div class=\"cmsmasters_row_inner\">\n<div class=\"cmsmasters_row_margin\">\n<div id=\"cmsmasters_column_af3a67039i\" class=\"cmsmasters_column one_first\">\n<div class=\"cmsmasters_column_inner\">\n<div id=\"cmsmasters_divider_6d10s6ghgh\" class=\"cmsmasters_divider cmsmasters_divider_width_long cmsmasters_divider_pos_center\"><\/div>\n<\/div><\/div>\n<\/div>\n<\/div>\n<\/div>\n<\/div>\n<\/div>\n<div id=\"cmsmasters_row_t3c22q9w6m\" class=\"cmsmasters_row cmsmasters_color_scheme_default cmsmasters_row_top_default cmsmasters_row_bot_default cmsmasters_row_boxed\">\n<div class=\"cmsmasters_row_outer_parent\">\n<div class=\"cmsmasters_row_outer\">\n<div class=\"cmsmasters_row_inner\">\n<div class=\"cmsmasters_row_margin\">\n<div id=\"cmsmasters_column_toijiibenl\" class=\"cmsmasters_column one_first\">\n<div class=\"cmsmasters_column_inner\"><div class=\"cmsmasters_text\">\n<p><strong>Exposi\u00e7\u00e3o \u2018A im(perman\u00eancia) das coisas\u2019 \u2013 Jean Belmonte<\/strong><br \/>\nAbertura: 28 de abril de 2023 | \u00e0s 19 horas<br \/>\nVisita\u00e7\u00e3o: at\u00e9 o dia 04\/06\/2023<br \/>\nTer\u00e7as a sextas: 9h \u00e0s 20h<br \/>\nS\u00e1bados, domingos e feriados: 9h \u00e0s 17h<br \/>\nSala Ana Horta<br \/>\nClassifica\u00e7\u00e3o indicativa: livre<br \/>\nEntrada gratuita<\/p>\n<p><span style=\"color: #0000ff;\"><strong><a style=\"color: #0000ff;\" href=\"https:\/\/www.google.com.br\/maps\/dir\/\/Av.+Santos+Dumont,+174+-+Centro,+Belo+Horizonte+-+MG,+30111-040\/@-19.9170546,-43.9360151,17z\/data=!4m6!4m5!1m0!1m2!1m1!1s0xa699fbd5aaae01:0xab4780c129fa0883!3e0\">Consulte rotas e meios para chegar<\/a><\/strong><\/span><\/p>\n<\/div>\n<\/div><\/div>\n<\/div>\n<\/div>\n<\/div>\n<\/div>\n<\/div>\n<div id=\"cmsmasters_row_6kvmqaa7i\" class=\"cmsmasters_row cmsmasters_color_scheme_default cmsmasters_row_top_default cmsmasters_row_bot_default cmsmasters_row_boxed\">\n<div class=\"cmsmasters_row_outer_parent\">\n<div class=\"cmsmasters_row_outer\">\n<div class=\"cmsmasters_row_inner\">\n<div class=\"cmsmasters_row_margin\">\n<div id=\"cmsmasters_column_sf8b3oog58\" class=\"cmsmasters_column three_fourth\">\n<div class=\"cmsmasters_column_inner\"><div id=\"cmsmasters_notice_smk9h2u97i\" class=\"cmsmasters_notice cmsmasters_notice_warning cmsmasters-icon-check-1\">\n<a href=\"#\" class=\"notice_close cmsmasters_theme_icon_cancel\"><\/a><div class=\"notice_content\">\n<p>Lembre-se: \u00e9 recomend\u00e1vel o uso de m\u00e1scara nos espa\u00e7os do Centro Cultural UFMG mesmo para imunizados<\/p>\n<\/div>\n<\/div>\n<\/div><\/div>\n<div id=\"cmsmasters_column_ioy14g1s5h\" class=\"cmsmasters_column one_fourth\">\n<div class=\"cmsmasters_column_inner\"><\/div><\/div>\n<\/div>\n<\/div>\n<\/div>\n<\/div>\n<\/div>\n\n","protected":false},"excerpt":{"rendered":"","protected":false},"author":6,"featured_media":22788,"comment_status":"closed","ping_status":"closed","sticky":false,"template":"","format":"standard","meta":{"footnotes":""},"categories":[121,91],"tags":[],"class_list":["post-22787","post","type-post","status-publish","format-standard","has-post-thumbnail","hentry","category-exposicoes","category-noticias"],"_links":{"self":[{"href":"https:\/\/www.ufmg.br\/centrocultural\/wp-json\/wp\/v2\/posts\/22787","targetHints":{"allow":["GET"]}}],"collection":[{"href":"https:\/\/www.ufmg.br\/centrocultural\/wp-json\/wp\/v2\/posts"}],"about":[{"href":"https:\/\/www.ufmg.br\/centrocultural\/wp-json\/wp\/v2\/types\/post"}],"author":[{"embeddable":true,"href":"https:\/\/www.ufmg.br\/centrocultural\/wp-json\/wp\/v2\/users\/6"}],"replies":[{"embeddable":true,"href":"https:\/\/www.ufmg.br\/centrocultural\/wp-json\/wp\/v2\/comments?post=22787"}],"version-history":[{"count":4,"href":"https:\/\/www.ufmg.br\/centrocultural\/wp-json\/wp\/v2\/posts\/22787\/revisions"}],"predecessor-version":[{"id":25107,"href":"https:\/\/www.ufmg.br\/centrocultural\/wp-json\/wp\/v2\/posts\/22787\/revisions\/25107"}],"wp:featuredmedia":[{"embeddable":true,"href":"https:\/\/www.ufmg.br\/centrocultural\/wp-json\/wp\/v2\/media\/22788"}],"wp:attachment":[{"href":"https:\/\/www.ufmg.br\/centrocultural\/wp-json\/wp\/v2\/media?parent=22787"}],"wp:term":[{"taxonomy":"category","embeddable":true,"href":"https:\/\/www.ufmg.br\/centrocultural\/wp-json\/wp\/v2\/categories?post=22787"},{"taxonomy":"post_tag","embeddable":true,"href":"https:\/\/www.ufmg.br\/centrocultural\/wp-json\/wp\/v2\/tags?post=22787"}],"curies":[{"name":"wp","href":"https:\/\/api.w.org\/{rel}","templated":true}]}}