{"id":22796,"date":"2023-04-25T14:53:28","date_gmt":"2023-04-25T17:53:28","guid":{"rendered":"https:\/\/www.ufmg.br\/centrocultural\/?p=22796"},"modified":"2023-04-25T14:53:28","modified_gmt":"2023-04-25T17:53:28","slug":"brasilia-e-tema-de-exposicao-do-grupo-de-estudos-pesquisa-e-praticas-artisticas","status":"publish","type":"post","link":"https:\/\/www.ufmg.br\/centrocultural\/brasilia-e-tema-de-exposicao-do-grupo-de-estudos-pesquisa-e-praticas-artisticas\/","title":{"rendered":"Bras\u00edlia \u00e9 tema de exposi\u00e7\u00e3o do \u2018Grupo de Estudos, Pesquisa e Pr\u00e1ticas Art\u00edsticas\u2019"},"content":{"rendered":"<div id=\"cmsmasters_row_byrp52m1lu\" class=\"cmsmasters_row cmsmasters_color_scheme_default cmsmasters_row_top_default cmsmasters_row_bot_default cmsmasters_row_boxed\">\n<div class=\"cmsmasters_row_outer_parent\">\n<div class=\"cmsmasters_row_outer\">\n<div class=\"cmsmasters_row_inner\">\n<div class=\"cmsmasters_row_margin\">\n<div id=\"cmsmasters_column_i24cwt1pcl\" class=\"cmsmasters_column one_first\">\n<div class=\"cmsmasters_column_inner\">\n<div class=\"cmsmasters_sharing\">\n<div class=\"share_wrap\">\n<a href=\"https:\/\/twitter.com\/intent\/tweet?text=Check+out+%27Bras%C3%ADlia+%C3%A9+tema+de+exposi%C3%A7%C3%A3o+do+%E2%80%98Grupo+de+Estudos%2C+Pesquisa+e+Pr%C3%A1ticas+Art%C3%ADsticas%E2%80%99%27+on+Centro+Cultural++UFMG+website&url=https%3A%2F%2Fwww.ufmg.br%2Fcentrocultural%2Fbrasilia-e-tema-de-exposicao-do-grupo-de-estudos-pesquisa-e-praticas-artisticas%2F\" class=\"button cmsmasters-icon-twitter\">Twitter<\/a>\n<\/div>\n<div class=\"share_wrap\">\n<a href=\"https:\/\/www.facebook.com\/sharer\/sharer.php?display=popup&u=https%3A%2F%2Fwww.ufmg.br%2Fcentrocultural%2Fbrasilia-e-tema-de-exposicao-do-grupo-de-estudos-pesquisa-e-praticas-artisticas%2F\" class=\"button cmsmasters-icon-facebook\">Facebook<\/a>\n<\/div>\n<\/div>\n<\/div><\/div>\n<\/div>\n<\/div>\n<\/div>\n<\/div>\n<\/div>\n<div id=\"cmsmasters_row_\" class=\"cmsmasters_row cmsmasters_color_scheme_default cmsmasters_row_top_default cmsmasters_row_bot_default cmsmasters_row_boxed\">\n<div class=\"cmsmasters_row_outer_parent\">\n<div class=\"cmsmasters_row_outer\">\n<div class=\"cmsmasters_row_inner\">\n<div class=\"cmsmasters_row_margin\">\n<div id=\"cmsmasters_column_\" class=\"cmsmasters_column one_first\">\n<div class=\"cmsmasters_column_inner\"><div class=\"cmsmasters_text\">\n<p>O Centro Cultural UFMG convida para a abertura da exposi\u00e7\u00e3o<strong> \u2018T\u00f3pico Bras\u00edlia\u2019<\/strong>, dos artistas que integram o<strong> Grupo de Estudos, Pesquisa e Pr\u00e1ticas Art\u00edsticas (GEPPA)<\/strong>, na sexta-feira, dia 28 de abril de 2023, \u00e0s 19 horas. A mostra tem a curadoria de Capra Maia e re\u00fane produ\u00e7\u00f5es que t\u00eam a cidade de Bras\u00edlia como tem\u00e1tica, incluindo arte postal, desenhos, esculturas, fotografias, fotoperformances, fotomontagens, instala\u00e7\u00f5es, objetos e v\u00eddeo. As obras poder\u00e3o ser vistas at\u00e9 04 de junho de 2023, com entrada gratuita e classifica\u00e7\u00e3o livre.<\/p>\n<ul>\n<li><strong><span style=\"color: #333399;\"><a style=\"color: #333399;\" href=\"https:\/\/api.whatsapp.com\/send?text=https:\/\/www.ufmg.br\/centrocultural\/brasilia-e-tema-de-exposicao-do-grupo-de-estudos-pesquisa-e-praticas-artisticas\" target=\"_blank\" rel=\"noopener\">Compartilhe no WhatsApp<\/a><\/span><\/strong><\/li>\n<li><strong><span style=\"color: #333399;\">C<a style=\"color: #333399;\" href=\"https:\/\/telegram.me\/share\/url?url=%20https:\/\/www.ufmg.br\/centrocultural\/brasilia-e-tema-de-exposicao-do-grupo-de-estudos-pesquisa-e-praticas-artisticas\" target=\"_blank\" rel=\"noopener\">ompartilhe no Telegram<\/a><\/span><\/strong><\/li>\n<\/ul>\n<p><strong>T\u00f3pico Bras\u00edlia \u2013 pela curadora Capra Maia<\/strong><\/p>\n<p>\u201cRacional desde a profecia prescritiva de Dom Bosco, a utopia tinha endere\u00e7o: latitude e longitude, uma cruz, dois eixos que se curvam por capricho do relevo.<\/p>\n<p>Duas asas: norte e sul, divis\u00e3o geogr\u00e1fica e ideol\u00f3gica. Epicentro da pol\u00edtica, hipocentro do Brasil, reverberando em suas linhas ortogonais diversidade e contradi\u00e7\u00f5es.<\/p>\n<p>Monumento ao fracasso da raz\u00e3o, modernidade em ru\u00ednas na qual persiste o rigor geom\u00e9trico e o cinza da paisagem: concreto, vegeta\u00e7\u00e3o seca, queimada.<\/p>\n<p>Artistas vinculados \u00e0s cinco regi\u00f5es do pa\u00eds t\u00eam em comum Bras\u00edlia, cidade que atrai e repele. Aqui, ela se apresenta como t\u00f3pico: lugar e assunto. T\u00f3pico: Bras\u00edlia.\u201d<\/p>\n<p><strong>Os artistas<\/strong><\/p>\n<p>Adriana Araujo, Ana L\u00facia Canetti, Capra Maia, Havane Melo, Karine de Lima, Nivalda Assun\u00e7\u00e3o, Paulo Vega Jr. e Priscila Rampin s\u00e3o os artistas que comp\u00f5em a exposi\u00e7\u00e3o e que integram o Grupo de Estudos, Pesquisa e Pr\u00e1ticas Art\u00edsticas (GEPPA).<\/p>\n<p><strong>O grupo<\/strong><\/p>\n<p>O <strong>Grupo de Estudos, Pesquisa e Pr\u00e1ticas Art\u00edsticas (GEPPA)<\/strong> se dedica ao aprofundamento pr\u00e1tico e te\u00f3rico em Po\u00e9ticos Contempor\u00e2neos, promovendo trocas com o meio acad\u00eamico e a comunidade em geral por meio de exposi\u00e7\u00f5es, rodas de conversa, semin\u00e1rios e promo\u00e7\u00e3o de oficinas. O grupo \u00e9 formado por artistas que se dedicam a linguagens diversas, tendo em comum o interesse pela retroalimenta\u00e7\u00e3o entre teoria e pr\u00e1tica na pesquisa em arte. Os integrantes apresentam em comum a cidade de Bras\u00edlia em suas trajet\u00f3rias, seja como lugar de nascimento, moradia ou apenas passagem.<\/p>\n<\/div>\n<\/div><\/div>\n<\/div>\n<\/div>\n<\/div>\n<\/div>\n<\/div>\n<div id=\"cmsmasters_row_omwx088mvk\" class=\"cmsmasters_row cmsmasters_color_scheme_default cmsmasters_row_top_default cmsmasters_row_bot_default cmsmasters_row_boxed\">\n<div class=\"cmsmasters_row_outer_parent\">\n<div class=\"cmsmasters_row_outer\">\n<div class=\"cmsmasters_row_inner\">\n<div class=\"cmsmasters_row_margin\">\n<div id=\"cmsmasters_column_af3a67039i\" class=\"cmsmasters_column one_first\">\n<div class=\"cmsmasters_column_inner\">\n<div id=\"cmsmasters_divider_6d10s6ghgh\" class=\"cmsmasters_divider cmsmasters_divider_width_long cmsmasters_divider_pos_center\"><\/div>\n<\/div><\/div>\n<\/div>\n<\/div>\n<\/div>\n<\/div>\n<\/div>\n<div id=\"cmsmasters_row_t3c22q9w6m\" class=\"cmsmasters_row cmsmasters_color_scheme_default cmsmasters_row_top_default cmsmasters_row_bot_default cmsmasters_row_boxed\">\n<div class=\"cmsmasters_row_outer_parent\">\n<div class=\"cmsmasters_row_outer\">\n<div class=\"cmsmasters_row_inner\">\n<div class=\"cmsmasters_row_margin\">\n<div id=\"cmsmasters_column_toijiibenl\" class=\"cmsmasters_column one_first\">\n<div class=\"cmsmasters_column_inner\"><div class=\"cmsmasters_text\">\n<p><strong>Exposi\u00e7\u00e3o \u2018T\u00f3pico Bras\u00edlia\u2019<\/strong><br \/>\n<strong>Grupo de Estudos, Pesquisa e Pr\u00e1ticas Art\u00edsticas (GEPPA)<\/strong><br \/>\nAbertura: 28 de abril de 2023 | \u00e0s 19 horas<br \/>\nVisita\u00e7\u00e3o: at\u00e9 o dia 04\/06\/2023<br \/>\nTer\u00e7as a sextas: 9h \u00e0s 20h<br \/>\nS\u00e1bados, domingos e feriados: 9h \u00e0s 17h<br \/>\nSala Celso Renato<br \/>\nClassifica\u00e7\u00e3o indicativa: livre<br \/>\nEntrada gratuita<\/p>\n<p><span style=\"color: #0000ff;\"><strong><a style=\"color: #0000ff;\" href=\"https:\/\/www.google.com.br\/maps\/dir\/\/Av.+Santos+Dumont,+174+-+Centro,+Belo+Horizonte+-+MG,+30111-040\/@-19.9170546,-43.9360151,17z\/data=!4m6!4m5!1m0!1m2!1m1!1s0xa699fbd5aaae01:0xab4780c129fa0883!3e0\">Consulte rotas e meios para chegar<\/a><\/strong><\/span><\/p>\n<\/div>\n<\/div><\/div>\n<\/div>\n<\/div>\n<\/div>\n<\/div>\n<\/div>\n<div id=\"cmsmasters_row_6kvmqaa7i\" class=\"cmsmasters_row cmsmasters_color_scheme_default cmsmasters_row_top_default cmsmasters_row_bot_default cmsmasters_row_boxed\">\n<div class=\"cmsmasters_row_outer_parent\">\n<div class=\"cmsmasters_row_outer\">\n<div class=\"cmsmasters_row_inner\">\n<div class=\"cmsmasters_row_margin\">\n<div id=\"cmsmasters_column_sf8b3oog58\" class=\"cmsmasters_column three_fourth\">\n<div class=\"cmsmasters_column_inner\"><div id=\"cmsmasters_notice_smk9h2u97i\" class=\"cmsmasters_notice cmsmasters_notice_warning cmsmasters-icon-check-1\">\n<a href=\"#\" class=\"notice_close cmsmasters_theme_icon_cancel\"><\/a><div class=\"notice_content\">\n<p>Lembre-se: \u00e9 recomend\u00e1vel o uso de m\u00e1scara nos espa\u00e7os do Centro Cultural UFMG mesmo para imunizados<\/p>\n<\/div>\n<\/div>\n<\/div><\/div>\n<div id=\"cmsmasters_column_ioy14g1s5h\" class=\"cmsmasters_column one_fourth\">\n<div class=\"cmsmasters_column_inner\"><\/div><\/div>\n<\/div>\n<\/div>\n<\/div>\n<\/div>\n<\/div>\n\n","protected":false},"excerpt":{"rendered":"","protected":false},"author":6,"featured_media":22801,"comment_status":"closed","ping_status":"closed","sticky":false,"template":"","format":"standard","meta":{"footnotes":""},"categories":[121,91],"tags":[],"class_list":["post-22796","post","type-post","status-publish","format-standard","has-post-thumbnail","hentry","category-exposicoes","category-noticias"],"_links":{"self":[{"href":"https:\/\/www.ufmg.br\/centrocultural\/wp-json\/wp\/v2\/posts\/22796","targetHints":{"allow":["GET"]}}],"collection":[{"href":"https:\/\/www.ufmg.br\/centrocultural\/wp-json\/wp\/v2\/posts"}],"about":[{"href":"https:\/\/www.ufmg.br\/centrocultural\/wp-json\/wp\/v2\/types\/post"}],"author":[{"embeddable":true,"href":"https:\/\/www.ufmg.br\/centrocultural\/wp-json\/wp\/v2\/users\/6"}],"replies":[{"embeddable":true,"href":"https:\/\/www.ufmg.br\/centrocultural\/wp-json\/wp\/v2\/comments?post=22796"}],"version-history":[{"count":3,"href":"https:\/\/www.ufmg.br\/centrocultural\/wp-json\/wp\/v2\/posts\/22796\/revisions"}],"predecessor-version":[{"id":22807,"href":"https:\/\/www.ufmg.br\/centrocultural\/wp-json\/wp\/v2\/posts\/22796\/revisions\/22807"}],"wp:featuredmedia":[{"embeddable":true,"href":"https:\/\/www.ufmg.br\/centrocultural\/wp-json\/wp\/v2\/media\/22801"}],"wp:attachment":[{"href":"https:\/\/www.ufmg.br\/centrocultural\/wp-json\/wp\/v2\/media?parent=22796"}],"wp:term":[{"taxonomy":"category","embeddable":true,"href":"https:\/\/www.ufmg.br\/centrocultural\/wp-json\/wp\/v2\/categories?post=22796"},{"taxonomy":"post_tag","embeddable":true,"href":"https:\/\/www.ufmg.br\/centrocultural\/wp-json\/wp\/v2\/tags?post=22796"}],"curies":[{"name":"wp","href":"https:\/\/api.w.org\/{rel}","templated":true}]}}