{"id":23037,"date":"2023-05-08T15:46:36","date_gmt":"2023-05-08T18:46:36","guid":{"rendered":"https:\/\/www.ufmg.br\/centrocultural\/?p=23037"},"modified":"2023-05-08T15:46:36","modified_gmt":"2023-05-08T18:46:36","slug":"robson-araujo-lanca-livro-antropoceno-no-cinema-que-relaciona-a-nova-epoca-geologica-com-os-filmes-sobre-catastrofes","status":"publish","type":"post","link":"https:\/\/www.ufmg.br\/centrocultural\/robson-araujo-lanca-livro-antropoceno-no-cinema-que-relaciona-a-nova-epoca-geologica-com-os-filmes-sobre-catastrofes\/","title":{"rendered":"Robson Ara\u00fajo lan\u00e7a livro \u2018Antropoceno no cinema\u2019, que relaciona a nova \u00e9poca geol\u00f3gica com os filmes sobre cat\u00e1strofes"},"content":{"rendered":"<div id=\"cmsmasters_row_byrp52m1lu\" class=\"cmsmasters_row cmsmasters_color_scheme_default cmsmasters_row_top_default cmsmasters_row_bot_default cmsmasters_row_boxed\">\n<div class=\"cmsmasters_row_outer_parent\">\n<div class=\"cmsmasters_row_outer\">\n<div class=\"cmsmasters_row_inner\">\n<div class=\"cmsmasters_row_margin\">\n<div id=\"cmsmasters_column_i24cwt1pcl\" class=\"cmsmasters_column one_first\">\n<div class=\"cmsmasters_column_inner\">\n<div class=\"cmsmasters_sharing\">\n<div class=\"share_wrap\">\n<a href=\"https:\/\/twitter.com\/intent\/tweet?text=Check+out+%27Robson+Ara%C3%BAjo+lan%C3%A7a+livro+%E2%80%98Antropoceno+no+cinema%E2%80%99%2C+que+relaciona+a+nova+%C3%A9poca+geol%C3%B3gica+com+os+filmes+sobre+cat%C3%A1strofes%27+on+Centro+Cultural++UFMG+website&url=https%3A%2F%2Fwww.ufmg.br%2Fcentrocultural%2Frobson-araujo-lanca-livro-antropoceno-no-cinema-que-relaciona-a-nova-epoca-geologica-com-os-filmes-sobre-catastrofes%2F\" class=\"button cmsmasters-icon-twitter\">Twitter<\/a>\n<\/div>\n<div class=\"share_wrap\">\n<a href=\"https:\/\/www.facebook.com\/sharer\/sharer.php?display=popup&u=https%3A%2F%2Fwww.ufmg.br%2Fcentrocultural%2Frobson-araujo-lanca-livro-antropoceno-no-cinema-que-relaciona-a-nova-epoca-geologica-com-os-filmes-sobre-catastrofes%2F\" class=\"button cmsmasters-icon-facebook\">Facebook<\/a>\n<\/div>\n<\/div>\n<\/div><\/div>\n<\/div>\n<\/div>\n<\/div>\n<\/div>\n<\/div>\n<div id=\"cmsmasters_row_\" class=\"cmsmasters_row cmsmasters_color_scheme_default cmsmasters_row_top_default cmsmasters_row_bot_default cmsmasters_row_boxed\">\n<div class=\"cmsmasters_row_outer_parent\">\n<div class=\"cmsmasters_row_outer\">\n<div class=\"cmsmasters_row_inner\">\n<div class=\"cmsmasters_row_margin\">\n<div id=\"cmsmasters_column_\" class=\"cmsmasters_column one_first\">\n<div class=\"cmsmasters_column_inner\"><div class=\"cmsmasters_text\">\n<p>O Centro Cultural UFMG convida para o lan\u00e7amento do livro<strong> \u2018Antropoceno no cinema\u2019<\/strong>, do autor <strong>Robson Ara\u00fajo<\/strong>, na pr\u00f3xima segunda-feira, dia 15 de maio de 2023, das 18h \u00e0s 20h. A obra \u00e9 um ensaio que busca discutir o que \u00e9 conhecido no mundo cient\u00edfico como \u2018Antropoceno\u2019, que se refere ao per\u00edodo mais recente da hist\u00f3ria da Terra e as altera\u00e7\u00f5es geoclim\u00e1ticas ocasionadas pela a\u00e7\u00e3o do ser humano, relacionando a tem\u00e1tica com os \u2018filmes cat\u00e1strofes\u2019. A entrada \u00e9 gratuita, com classifica\u00e7\u00e3o livre.<\/p>\n<ul>\n<li><strong><span style=\"color: #333399;\"><a style=\"color: #333399;\" href=\"https:\/\/api.whatsapp.com\/send?text=https:\/\/www.ufmg.br\/centrocultural\/robson-araujo-lanca-livro-antropoceno-no-cinema-que-relaciona-a-nova-epoca-geologica-com-os-filmes-sobre-catastrofes\" target=\"_blank\" rel=\"noopener\">Compartilhe no WhatsApp<\/a><\/span><\/strong><\/li>\n<li><strong><span style=\"color: #333399;\">C<a style=\"color: #333399;\" href=\"https:\/\/telegram.me\/share\/url?url=%20https:\/\/www.ufmg.br\/centrocultural\/robson-araujo-lanca-livro-antropoceno-no-cinema-que-relaciona-a-nova-epoca-geologica-com-os-filmes-sobre-catastrofes\" target=\"_blank\" rel=\"noopener\">ompartilhe no Telegram<\/a><\/span><\/strong><\/li>\n<\/ul>\n<p>\u2018Antropoceno no cinema\u2019 aborda dois temas contempor\u00e2neos: as preocupantes altera\u00e7\u00f5es geoclim\u00e1ticas no planeta devido \u00e0 a\u00e7\u00e3o humana e a explora\u00e7\u00e3o, na arte cinematogr\u00e1fica, que o autor chama de \u2018filmes cat\u00e1strofes\u2019, na divulga\u00e7\u00e3o das consequ\u00eancias dessas mudan\u00e7as \u2013 \u00e0s vezes exageradas, outras vezes, fora da realidade.<\/p>\n<p>O autor acredita que h\u00e1 urg\u00eancia de a\u00e7\u00f5es para interromper os mecanismos que aceleram a destrui\u00e7\u00e3o do planeta e que as pessoas precisam se conscientizar sobre esses problemas e qualificar suas escolhas e comportamento social. Por outro lado, o cinema cat\u00e1strofe, apesar de trazer um alerta sobre as consequ\u00eancias de certas atividades prejudiciais ao meio ambiente, deve ser submetido a um olhar cr\u00edtico e l\u00facido \u00e0 luz de suas causas e efeitos, n\u00e3o devendo ser aceito facilmente.<\/p>\n<p>No lan\u00e7amento o autor conduzir\u00e1 uma conversa para destacar o papel do filme cat\u00e1strofe como instrumento de conhecimento e como meio para demonstrar, de forma representativa, as consequ\u00eancias de certas atividades humanas que prejudicam o meio ambiente.<\/p>\n<p>Al\u00e9m disso, ele tamb\u00e9m apresentar\u00e1 an\u00e1lises sobre as narrativas propostas nos filmes e como algumas dessas produ\u00e7\u00f5es podem gerar consequ\u00eancias negativas para o espectador, uma vez que, se mal interpretadas, podem ocasionar desinforma\u00e7\u00f5es e cren\u00e7as negacionistas, impedindo a\u00e7\u00f5es concretas e gerando medos descabidos na popula\u00e7\u00e3o.<\/p>\n<p>\u201cEstamos no rumo de uma cat\u00e1strofe etnocida e de ataques \u00e0 conviv\u00eancia pac\u00edfica e justa da humanidade ao destruir a Natureza. Os filmes podem nos ajudar na educa\u00e7\u00e3o das consci\u00eancias globais e seriam fortes aliados para trazer o homem do Antropoceno catastr\u00f3fico para o outro lado das possibilidades\u201d, diz o autor.<\/p>\n<p><strong>Robson Jorge de Ara\u00fajo<\/strong> (Belo Horizonte \u2013 Minas Gerais): \u00e9 professor aposentado, possui 43 anos de magist\u00e9rio em escolas de Belo Horizonte e dois anos de experi\u00eancia como professor de Filosofia (\u00c9tica, Antropologia e Epistemologia) na UFMG. Licenciado em Qu\u00edmica, mestre em Hist\u00f3ria das Ci\u00eancias, bacharel em Filosofia e especialista em Temas Filos\u00f3ficos pela UFMG. Atualmente participa do grupo de Estudos de Filosofia do Brasil (FIBRA) da Faculdade Jesu\u00edta de Filosofia e Teologia (FAJE). \u00c9 pesquisador na \u00e1rea do cinema e da hist\u00f3ria das ideias. J\u00e1 ministrou cursos sobre cinema e filosofia. Foi editor de revistas de filosofia como AFIPE e Pense (Revista Mineira de Filosofia e Cultura, 2012-2014). Possui v\u00e1rios artigos publicados e quatro livros.<\/p>\n<\/div>\n<\/div><\/div>\n<\/div>\n<\/div>\n<\/div>\n<\/div>\n<\/div>\n<div id=\"cmsmasters_row_omwx088mvk\" class=\"cmsmasters_row cmsmasters_color_scheme_default cmsmasters_row_top_default cmsmasters_row_bot_default cmsmasters_row_boxed\">\n<div class=\"cmsmasters_row_outer_parent\">\n<div class=\"cmsmasters_row_outer\">\n<div class=\"cmsmasters_row_inner\">\n<div class=\"cmsmasters_row_margin\">\n<div id=\"cmsmasters_column_af3a67039i\" class=\"cmsmasters_column one_first\">\n<div class=\"cmsmasters_column_inner\">\n<div id=\"cmsmasters_divider_6d10s6ghgh\" class=\"cmsmasters_divider cmsmasters_divider_width_long cmsmasters_divider_pos_center\"><\/div>\n<\/div><\/div>\n<\/div>\n<\/div>\n<\/div>\n<\/div>\n<\/div>\n<div id=\"cmsmasters_row_t3c22q9w6m\" class=\"cmsmasters_row cmsmasters_color_scheme_default cmsmasters_row_top_default cmsmasters_row_bot_default cmsmasters_row_boxed\">\n<div class=\"cmsmasters_row_outer_parent\">\n<div class=\"cmsmasters_row_outer\">\n<div class=\"cmsmasters_row_inner\">\n<div class=\"cmsmasters_row_margin\">\n<div id=\"cmsmasters_column_toijiibenl\" class=\"cmsmasters_column one_first\">\n<div class=\"cmsmasters_column_inner\"><div class=\"cmsmasters_text\">\n<p><strong>Lan\u00e7amento do livro \u2018Antropoceno no cinema\u2019 \u2013 Robson Ara\u00fajo<\/strong><br \/>\nLan\u00e7amento: 15 de maio de 2023 | das 18h \u00e0s 20h<br \/>\nAudit\u00f3rio do Centro Cultural UFMG<br \/>\nClassifica\u00e7\u00e3o indicativa: livre<br \/>\nEntrada gratuita<\/p>\n<p><span style=\"color: #0000ff;\"><strong><a style=\"color: #0000ff;\" href=\"https:\/\/www.google.com.br\/maps\/dir\/\/Av.+Santos+Dumont,+174+-+Centro,+Belo+Horizonte+-+MG,+30111-040\/@-19.9170546,-43.9360151,17z\/data=!4m6!4m5!1m0!1m2!1m1!1s0xa699fbd5aaae01:0xab4780c129fa0883!3e0\">Consulte rotas e meios para chegar<\/a><\/strong><\/span><\/p>\n<\/div>\n<\/div><\/div>\n<\/div>\n<\/div>\n<\/div>\n<\/div>\n<\/div>\n<div id=\"cmsmasters_row_6kvmqaa7i\" class=\"cmsmasters_row cmsmasters_color_scheme_default cmsmasters_row_top_default cmsmasters_row_bot_default cmsmasters_row_boxed\">\n<div class=\"cmsmasters_row_outer_parent\">\n<div class=\"cmsmasters_row_outer\">\n<div class=\"cmsmasters_row_inner\">\n<div class=\"cmsmasters_row_margin\">\n<div id=\"cmsmasters_column_sf8b3oog58\" class=\"cmsmasters_column three_fourth\">\n<div class=\"cmsmasters_column_inner\"><div id=\"cmsmasters_notice_smk9h2u97i\" class=\"cmsmasters_notice cmsmasters_notice_warning cmsmasters-icon-check-1\">\n<a href=\"#\" class=\"notice_close cmsmasters_theme_icon_cancel\"><\/a><div class=\"notice_content\">\n<p>Lembre-se: \u00e9 recomend\u00e1vel o uso de m\u00e1scara nos espa\u00e7os do Centro Cultural UFMG mesmo para imunizados<\/p>\n<\/div>\n<\/div>\n<\/div><\/div>\n<div id=\"cmsmasters_column_ioy14g1s5h\" class=\"cmsmasters_column one_fourth\">\n<div class=\"cmsmasters_column_inner\"><\/div><\/div>\n<\/div>\n<\/div>\n<\/div>\n<\/div>\n<\/div>\n\n","protected":false},"excerpt":{"rendered":"","protected":false},"author":6,"featured_media":23039,"comment_status":"closed","ping_status":"closed","sticky":false,"template":"","format":"standard","meta":{"footnotes":""},"categories":[91,81],"tags":[],"class_list":["post-23037","post","type-post","status-publish","format-standard","has-post-thumbnail","hentry","category-noticias","category-recitais"],"_links":{"self":[{"href":"https:\/\/www.ufmg.br\/centrocultural\/wp-json\/wp\/v2\/posts\/23037","targetHints":{"allow":["GET"]}}],"collection":[{"href":"https:\/\/www.ufmg.br\/centrocultural\/wp-json\/wp\/v2\/posts"}],"about":[{"href":"https:\/\/www.ufmg.br\/centrocultural\/wp-json\/wp\/v2\/types\/post"}],"author":[{"embeddable":true,"href":"https:\/\/www.ufmg.br\/centrocultural\/wp-json\/wp\/v2\/users\/6"}],"replies":[{"embeddable":true,"href":"https:\/\/www.ufmg.br\/centrocultural\/wp-json\/wp\/v2\/comments?post=23037"}],"version-history":[{"count":2,"href":"https:\/\/www.ufmg.br\/centrocultural\/wp-json\/wp\/v2\/posts\/23037\/revisions"}],"predecessor-version":[{"id":23040,"href":"https:\/\/www.ufmg.br\/centrocultural\/wp-json\/wp\/v2\/posts\/23037\/revisions\/23040"}],"wp:featuredmedia":[{"embeddable":true,"href":"https:\/\/www.ufmg.br\/centrocultural\/wp-json\/wp\/v2\/media\/23039"}],"wp:attachment":[{"href":"https:\/\/www.ufmg.br\/centrocultural\/wp-json\/wp\/v2\/media?parent=23037"}],"wp:term":[{"taxonomy":"category","embeddable":true,"href":"https:\/\/www.ufmg.br\/centrocultural\/wp-json\/wp\/v2\/categories?post=23037"},{"taxonomy":"post_tag","embeddable":true,"href":"https:\/\/www.ufmg.br\/centrocultural\/wp-json\/wp\/v2\/tags?post=23037"}],"curies":[{"name":"wp","href":"https:\/\/api.w.org\/{rel}","templated":true}]}}