{"id":24132,"date":"2023-06-07T16:01:57","date_gmt":"2023-06-07T19:01:57","guid":{"rendered":"https:\/\/www.ufmg.br\/centrocultural\/?p=24132"},"modified":"2023-07-05T15:56:54","modified_gmt":"2023-07-05T18:56:54","slug":"paula-zaidan-nome-renomado-da-cultura-ballroom-em-bh-participa-de-novo-episodio-de-podcast","status":"publish","type":"post","link":"https:\/\/www.ufmg.br\/centrocultural\/paula-zaidan-nome-renomado-da-cultura-ballroom-em-bh-participa-de-novo-episodio-de-podcast\/","title":{"rendered":"Paula Zaidan, nome renomado da cultura Ballroom em BH, participa de novo epis\u00f3dio de podcast"},"content":{"rendered":"<div id=\"cmsmasters_row_byrp52m1lu\" class=\"cmsmasters_row cmsmasters_color_scheme_default cmsmasters_row_top_default cmsmasters_row_bot_default cmsmasters_row_boxed\">\n<div class=\"cmsmasters_row_outer_parent\">\n<div class=\"cmsmasters_row_outer\">\n<div class=\"cmsmasters_row_inner\">\n<div class=\"cmsmasters_row_margin\">\n<div id=\"cmsmasters_column_i24cwt1pcl\" class=\"cmsmasters_column one_first\">\n<div class=\"cmsmasters_column_inner\">\n<div class=\"cmsmasters_sharing\">\n<div class=\"share_wrap\">\n<a href=\"https:\/\/twitter.com\/intent\/tweet?text=Check+out+%27Paula+Zaidan%2C+nome+renomado+da+cultura+Ballroom+em+BH%2C+participa+de+novo+epis%C3%B3dio+de+podcast%27+on+Centro+Cultural++UFMG+website&url=https%3A%2F%2Fwww.ufmg.br%2Fcentrocultural%2Fpaula-zaidan-nome-renomado-da-cultura-ballroom-em-bh-participa-de-novo-episodio-de-podcast%2F\" class=\"button cmsmasters-icon-twitter\">Twitter<\/a>\n<\/div>\n<div class=\"share_wrap\">\n<a href=\"https:\/\/www.facebook.com\/sharer\/sharer.php?display=popup&u=https%3A%2F%2Fwww.ufmg.br%2Fcentrocultural%2Fpaula-zaidan-nome-renomado-da-cultura-ballroom-em-bh-participa-de-novo-episodio-de-podcast%2F\" class=\"button cmsmasters-icon-facebook\">Facebook<\/a>\n<\/div>\n<\/div>\n<\/div><\/div>\n<\/div>\n<\/div>\n<\/div>\n<\/div>\n<\/div>\n<div id=\"cmsmasters_row_\" class=\"cmsmasters_row cmsmasters_color_scheme_default cmsmasters_row_top_default cmsmasters_row_bot_default cmsmasters_row_boxed\">\n<div class=\"cmsmasters_row_outer_parent\">\n<div class=\"cmsmasters_row_outer\">\n<div class=\"cmsmasters_row_inner\">\n<div class=\"cmsmasters_row_margin\">\n<\/div>\n<\/div>\n<\/div>\n<\/div>\n<\/div>\n<div id=\"cmsmasters_column_\" class=\"cmsmasters_column one_first\">\n<div class=\"cmsmasters_column_inner\"><\/div><\/div>\n<div class=\"cmsmasters_text\">\n<\/div>\n<\/p>\n<p>O d\u00e9cimo epis\u00f3dio do\u00a0<span style=\"color: #333399;\"><a style=\"color: #333399;\" href=\"https:\/\/www.ufmg.br\/centrocultural\/comunicacao\/podcasts\/\" target=\"_blank\" rel=\"noopener\"><span style=\"text-decoration: underline;\"><span style=\"color: #000080; text-decoration: underline;\"><strong>Corredor Cultural 174 Podcast<\/strong><\/span><\/span>,<\/a><\/span> produzido pelo Centro Cultural UFMG, traz um bate-papo com\u00a0Paula Zaidan, produtora, dan\u00e7arina, professora e uma das pioneiras da cena\u00a0Ballroom\u00a0em Belo Horizonte e na Am\u00e9rica Latina. Sin\u00f4nimo de resist\u00eancia, esse movimento surgiu no sub\u00farbio de Nova Iorque no final dos anos 60 e \u00e9 considerado um dos principais espa\u00e7os de acolhimento de corpos historicamente marginalizados na sociedade, especialmente a parcela negra e latina da popula\u00e7\u00e3o LGBTQIAP+.<\/p>\n<ul>\n<li><span style=\"color: #333399;\"><a style=\"color: #333399;\" href=\"https:\/\/api.whatsapp.com\/send?text=https:\/\/www.ufmg.br\/centrocultural\/paula-zaidan-nome-renomado-da-cultura-ballroom-em-bh-participa-de-novo-episodio-de-podcast\/\" target=\"_blank\" rel=\"noopener\">Compartilhe no WhatsApp<\/a><\/span><\/li>\n<li><span style=\"color: #333399;\"><a style=\"color: #333399;\" href=\"https:\/\/telegram.me\/share\/url?url=%20https:\/\/www.ufmg.br\/centrocultural\/paula-zaidan-nome-renomado-da-cultura-ballroom-em-bh-participa-de-novo-episodio-de-podcast\/\" target=\"_blank\" rel=\"noopener\">Compartilhe no Telegram<\/a><\/span><\/li>\n<\/ul>\n<p>Paula Zaidan explica que o movimento Ballroom surgiu em Nova Iorque no final dos anos 60, in\u00edcio dos anos 70, atrav\u00e9s dos concursos de beleza para drags \u2013 termo guarda-chuva que representava algumas identidades femininas, como travestis, mulheres trans e drag queens. Os referidos concursos reuniam queens brancas e queens pretas, por\u00e9m, essas \u00faltimas, sofriam com o racismo, e uma representante delas, Crystal LaBeija, se posicionou contra o preconceito e decidiu criar um ambiente de celebra\u00e7\u00e3o e afirma\u00e7\u00e3o do corpo preto e da beleza preta, especificamente.<\/p>\n<p>Esses concursos avaliavam os tra\u00e7os e express\u00f5es do rosto, o modo de desfilar, as melhores caracteriza\u00e7\u00f5es dentro de um tema e, mais adiante, a melhor dan\u00e7a, tamb\u00e9m conhecida como \u2018vogue\u2019 ou \u2018voguing\u2019, inspirada nas poses das modelos da revista Vogue. Mas, para al\u00e9m dessas categorias de batalha nas competi\u00e7\u00f5es, esses encontros criavam espa\u00e7os de acolhimento e inclus\u00e3o, permitindo que essas pessoas se sentissem bem em seus pr\u00f3prios corpos e exercessem seus protagonismos sendo elas mesmas, em um ambiente seguro onde encontravam for\u00e7a e aceita\u00e7\u00e3o.<\/p>\n<p><strong>Desafios<\/strong><\/p>\n<p>O movimento Ballroom chega ao Brasil somente em 2010, ganhando caracter\u00edsticas particulares de cada regi\u00e3o do pa\u00eds, por\u00e9m seguindo o objetivo original de valorizar os corpos marginalizados que est\u00e3o dentro da comunidade LGBTQIA+.<\/p>\n<p>Paula relata os desafios do movimento no cen\u00e1rio de Belo Horizonte, uma cidade extremamente conservadora e que ainda tem in\u00fameras limita\u00e7\u00f5es no \u00e2mbito cultural. \u201cA Ballroom \u00e9 uma comunidade para pessoas \u2018queer\u2019, pessoas LGBT, pessoas pretas, pessoas gordas, pessoas trans, travestis, n\u00e3o bin\u00e1rias, flu\u00eddas, enfim, a Ballroom foge o m\u00e1ximo poss\u00edvel dessa estrutura tradicional de uma sociedade heteronormativa, cisg\u00eanero e branca\u201d, diz. Ela declara que eles encontram muitas barreiras no dia a dia e uma delas \u00e9 a quest\u00e3o da seguran\u00e7a.<\/p>\n<p>Zaidan convida os ouvintes a conhecer essa realidade que est\u00e1 bem perto da popula\u00e7\u00e3o, mas que muitas vezes passa despercebida. \u201cEu sinto que a gente tem uma tend\u00eancia, nesse momento atual, de querer aplaudir quem t\u00e1 dan\u00e7ando, batendo o cabelo, enrolando no ch\u00e3o, porque esteticamente \u00e9 aquilo que t\u00e1 chamando aten\u00e7\u00e3o. Mas, para al\u00e9m daqueles movimentos, a Ballroom cria espa\u00e7os principalmente para jovens e pessoas de corporeidades marginalizadas, ent\u00e3o \u00e9 necess\u00e1rio ter respeito\u201d, conclui.<\/p>\n<p>Ou\u00e7a o podcast na \u00edntegra e conhe\u00e7a a ess\u00eancia da cultura Ballroom, uma manifesta\u00e7\u00e3o de luta e resist\u00eancia:<\/p>\n<p><iframe loading=\"lazy\" style=\"border-radius: 12px;\" src=\"https:\/\/open.spotify.com\/embed\/episode\/4VFQTOe4viyWhUG4Le6m2c?utm_source=generator\" width=\"100%\" height=\"152\" frameborder=\"0\" allowfullscreen=\"allowfullscreen\"><\/iframe><\/p>\n<p>Acompanhe a cena Ballroom de Minas Gerais no\u00a0<a href=\"https:\/\/www.instagram.com\/mgballroom\/\" target=\"_blank\" rel=\"noopener\" data-saferedirecturl=\"https:\/\/www.google.com\/url?q=https:\/\/www.instagram.com\/mgballroom\/&amp;source=gmail&amp;ust=1686246987519000&amp;usg=AOvVaw3YYSCEZqMGELKvLEUU6HcD\">Instagram<\/a>.<\/p>\n<p><strong>Corredor Cultural 174 Podcast\u00a0<\/strong><br \/>\nCorredor Cultural 174 Podcast\u00a0\u00e9 um projeto que disponibiliza mensalmente no Spotify conversas com artistas, m\u00fasicos, escritores, cineastas, agentes culturais e demais pessoas que pensam, respiram e produzem cultura. \u201cCorredor\u201d, pelo fato do Centro Cultural UFMG estar situado no corredor cultural Pra\u00e7a da Esta\u00e7\u00e3o e tamb\u00e9m no sentido de espa\u00e7o de passagem, onde transitam ideias, movimentos e express\u00f5es art\u00edsticas em Belo Horizonte. \u201cCultural\u201d, pois a tem\u00e1tica ser\u00e1 sempre cultura e \u201c174\u201d \u00e9 o n\u00famero de localiza\u00e7\u00e3o da institui\u00e7\u00e3o na Avenida Santos Dumont.<\/p>\n<p>Corredor Cultural 174 Podcast<br \/>\nO podcast de cultura do Centro Cultural UFMG.<br \/>\nUma vez por m\u00eas no\u00a0<a href=\"https:\/\/spoti.fi\/37VZnRa\" target=\"_blank\" rel=\"noopener\" data-saferedirecturl=\"https:\/\/www.google.com\/url?q=https:\/\/spoti.fi\/37VZnRa&amp;source=gmail&amp;ust=1686246987519000&amp;usg=AOvVaw0tUGgKdMdh0Pkb5veGhsEW\">Spotify<\/a><\/p>\n","protected":false},"excerpt":{"rendered":"<p>O d\u00e9cimo epis\u00f3dio do\u00a0Corredor Cultural 174 Podcast, produzido pelo Centro Cultural UFMG, traz um bate-papo com\u00a0Paula Zaidan, produtora, dan\u00e7arina, professora e uma das pioneiras da cena\u00a0Ballroom\u00a0em Belo Horizonte e na&#8230;<\/p>\n","protected":false},"author":9,"featured_media":24135,"comment_status":"closed","ping_status":"closed","sticky":false,"template":"","format":"standard","meta":{"footnotes":""},"categories":[244,91,80],"tags":[],"class_list":["post-24132","post","type-post","status-publish","format-standard","has-post-thumbnail","hentry","category-corredor-cultural-174","category-noticias","category-podcast"],"_links":{"self":[{"href":"https:\/\/www.ufmg.br\/centrocultural\/wp-json\/wp\/v2\/posts\/24132","targetHints":{"allow":["GET"]}}],"collection":[{"href":"https:\/\/www.ufmg.br\/centrocultural\/wp-json\/wp\/v2\/posts"}],"about":[{"href":"https:\/\/www.ufmg.br\/centrocultural\/wp-json\/wp\/v2\/types\/post"}],"author":[{"embeddable":true,"href":"https:\/\/www.ufmg.br\/centrocultural\/wp-json\/wp\/v2\/users\/9"}],"replies":[{"embeddable":true,"href":"https:\/\/www.ufmg.br\/centrocultural\/wp-json\/wp\/v2\/comments?post=24132"}],"version-history":[{"count":20,"href":"https:\/\/www.ufmg.br\/centrocultural\/wp-json\/wp\/v2\/posts\/24132\/revisions"}],"predecessor-version":[{"id":24883,"href":"https:\/\/www.ufmg.br\/centrocultural\/wp-json\/wp\/v2\/posts\/24132\/revisions\/24883"}],"wp:featuredmedia":[{"embeddable":true,"href":"https:\/\/www.ufmg.br\/centrocultural\/wp-json\/wp\/v2\/media\/24135"}],"wp:attachment":[{"href":"https:\/\/www.ufmg.br\/centrocultural\/wp-json\/wp\/v2\/media?parent=24132"}],"wp:term":[{"taxonomy":"category","embeddable":true,"href":"https:\/\/www.ufmg.br\/centrocultural\/wp-json\/wp\/v2\/categories?post=24132"},{"taxonomy":"post_tag","embeddable":true,"href":"https:\/\/www.ufmg.br\/centrocultural\/wp-json\/wp\/v2\/tags?post=24132"}],"curies":[{"name":"wp","href":"https:\/\/api.w.org\/{rel}","templated":true}]}}