{"id":25067,"date":"2020-11-13T12:02:05","date_gmt":"2020-11-13T14:02:05","guid":{"rendered":"https:\/\/www.ufmg.br\/centrocultural\/?p=25067"},"modified":"2023-07-12T12:14:54","modified_gmt":"2023-07-12T15:14:54","slug":"todas-as-vozes-todas-elas-cena-performance-do-grupo-de-teatro-mulheres-de-luta","status":"publish","type":"post","link":"https:\/\/www.ufmg.br\/centrocultural\/todas-as-vozes-todas-elas-cena-performance-do-grupo-de-teatro-mulheres-de-luta\/","title":{"rendered":"Todas as Vozes, Todas Elas: cena-performance do Grupo de Teatro Mulheres de Luta"},"content":{"rendered":"<div id=\"cmsmasters_row_byrp52m1lu\" class=\"cmsmasters_row cmsmasters_color_scheme_default cmsmasters_row_top_default cmsmasters_row_bot_default cmsmasters_row_boxed\">\n<div class=\"cmsmasters_row_outer_parent\">\n<div class=\"cmsmasters_row_outer\">\n<div class=\"cmsmasters_row_inner\">\n<div class=\"cmsmasters_row_margin\">\n<div id=\"cmsmasters_column_i24cwt1pcl\" class=\"cmsmasters_column one_first\">\n<div class=\"cmsmasters_column_inner\">\n<div class=\"cmsmasters_sharing\">\n<div class=\"share_wrap\">\n<a href=\"https:\/\/twitter.com\/intent\/tweet?text=Check+out+%27Todas+as+Vozes%2C+Todas+Elas%3A+cena-performance+do+Grupo+de+Teatro+Mulheres+de+Luta%27+on+Centro+Cultural++UFMG+website&url=https%3A%2F%2Fwww.ufmg.br%2Fcentrocultural%2Ftodas-as-vozes-todas-elas-cena-performance-do-grupo-de-teatro-mulheres-de-luta%2F\" class=\"button cmsmasters-icon-twitter\">Twitter<\/a>\n<\/div>\n<div class=\"share_wrap\">\n<a href=\"https:\/\/www.facebook.com\/sharer\/sharer.php?display=popup&u=https%3A%2F%2Fwww.ufmg.br%2Fcentrocultural%2Ftodas-as-vozes-todas-elas-cena-performance-do-grupo-de-teatro-mulheres-de-luta%2F\" class=\"button cmsmasters-icon-facebook\">Facebook<\/a>\n<\/div>\n<\/div>\n<\/div><\/div>\n<\/div>\n<\/div>\n<\/div>\n<\/div>\n<\/div>\n<div id=\"cmsmasters_row_\" class=\"cmsmasters_row cmsmasters_color_scheme_default cmsmasters_row_top_default cmsmasters_row_bot_default cmsmasters_row_boxed\">\n<div class=\"cmsmasters_row_outer_parent\">\n<div class=\"cmsmasters_row_outer\">\n<div class=\"cmsmasters_row_inner\">\n<div class=\"cmsmasters_row_margin\">\n<div id=\"cmsmasters_column_\" class=\"cmsmasters_column one_first\">\n<div class=\"cmsmasters_column_inner\"><div class=\"cmsmasters_text\">\n<p>Revisite essa cena-performance do Grupo de Teatro Mulheres de Luta que aconteceu no Centro Cultural UFMG durante o 13\u00ba Festival de Ver\u00e3o UFMG, em 2019:<\/p>\n<iframe loading=\"lazy\" title=\"YouTube video player\" src=\"https:\/\/www.youtube.com\/embed\/KUM7anG8Lw8\" width=\"560\" height=\"315\" frameborder=\"0\" allowfullscreen=\"allowfullscreen\"><\/iframe>\n<p>A cena-performance retrata a realidade da viol\u00eancia patriarcal e a tomada de consci\u00eancia de se ser mulher. A luta, a liberdade, a independ\u00eancia, a uni\u00e3o, a beleza, a voz que surge e se coloca, sonhos para al\u00e9m do dia-a-dia: trajet\u00f3ria de mulheres comuns que encontram na luta o sentido das suas vidas.<\/p>\n<ul>\n<li><span style=\"color: #333399;\"><a style=\"color: #333399;\" href=\"https:\/\/api.whatsapp.com\/send?text=https:\/\/www.ufmg.br\/centrocultural\/todas-as-vozes-todas-elas-cena-performance-do-grupo-de-teatro-mulheres-de-luta\" target=\"_blank\" rel=\"noopener\">Compartilhe no WhatsApp<\/a><\/span><\/li>\n<li><span style=\"color: #333399;\"><a style=\"color: #333399;\" href=\"https:\/\/telegram.me\/share\/url?url=%20https:\/\/www.ufmg.br\/centrocultural\/todas-as-vozes-todas-elas-cena-performance-do-grupo-de-teatro-mulheres-de-luta\" target=\"_blank\" rel=\"noopener\">Compartilhe no Telegram<\/a><\/span><\/li>\n<\/ul>\n<p>O Grupo de Teatro Mulheres de Luta foi fundado em outubro de 2017 por mulheres moradoras da Ocupa\u00e7\u00e3o Carolina Maria de Jesus. Sob a dire\u00e7\u00e3o de Cristina Tolentino, o coletivo pesquisa sobre quest\u00f5es feministas com foco na trajet\u00f3ria de mulheres que, na luta por moradia, passam da limitada vida dom\u00e9stica para um outro lugar, o da luta pela dignidade humana.<\/p>\n<\/div>\n<\/div><\/div>\n<\/div>\n<\/div>\n<\/div>\n<\/div>\n<\/div>\n\n","protected":false},"excerpt":{"rendered":"","protected":false},"author":8,"featured_media":25070,"comment_status":"closed","ping_status":"closed","sticky":false,"template":"","format":"standard","meta":{"footnotes":""},"categories":[60,165,91],"tags":[168,530,529],"class_list":["post-25067","post","type-post","status-publish","format-standard","has-post-thumbnail","hentry","category-arte-revista","category-espetaculos","category-noticias","tag-espetaculo","tag-grupodeteatromulheresdeluta","tag-todaselastodasasvozes"],"_links":{"self":[{"href":"https:\/\/www.ufmg.br\/centrocultural\/wp-json\/wp\/v2\/posts\/25067","targetHints":{"allow":["GET"]}}],"collection":[{"href":"https:\/\/www.ufmg.br\/centrocultural\/wp-json\/wp\/v2\/posts"}],"about":[{"href":"https:\/\/www.ufmg.br\/centrocultural\/wp-json\/wp\/v2\/types\/post"}],"author":[{"embeddable":true,"href":"https:\/\/www.ufmg.br\/centrocultural\/wp-json\/wp\/v2\/users\/8"}],"replies":[{"embeddable":true,"href":"https:\/\/www.ufmg.br\/centrocultural\/wp-json\/wp\/v2\/comments?post=25067"}],"version-history":[{"count":3,"href":"https:\/\/www.ufmg.br\/centrocultural\/wp-json\/wp\/v2\/posts\/25067\/revisions"}],"predecessor-version":[{"id":25071,"href":"https:\/\/www.ufmg.br\/centrocultural\/wp-json\/wp\/v2\/posts\/25067\/revisions\/25071"}],"wp:featuredmedia":[{"embeddable":true,"href":"https:\/\/www.ufmg.br\/centrocultural\/wp-json\/wp\/v2\/media\/25070"}],"wp:attachment":[{"href":"https:\/\/www.ufmg.br\/centrocultural\/wp-json\/wp\/v2\/media?parent=25067"}],"wp:term":[{"taxonomy":"category","embeddable":true,"href":"https:\/\/www.ufmg.br\/centrocultural\/wp-json\/wp\/v2\/categories?post=25067"},{"taxonomy":"post_tag","embeddable":true,"href":"https:\/\/www.ufmg.br\/centrocultural\/wp-json\/wp\/v2\/tags?post=25067"}],"curies":[{"name":"wp","href":"https:\/\/api.w.org\/{rel}","templated":true}]}}