{"id":25085,"date":"2021-05-28T09:35:39","date_gmt":"2021-05-28T12:35:39","guid":{"rendered":"https:\/\/www.ufmg.br\/centrocultural\/?p=25085"},"modified":"2023-07-13T09:44:02","modified_gmt":"2023-07-13T12:44:02","slug":"roda-de-conversa-elas-por-elas-em-cena-a-loucura-em-questao","status":"publish","type":"post","link":"https:\/\/www.ufmg.br\/centrocultural\/roda-de-conversa-elas-por-elas-em-cena-a-loucura-em-questao\/","title":{"rendered":"Roda de conversa Elas por elas em cena: a loucura em quest\u00e3o"},"content":{"rendered":"<div id=\"cmsmasters_row_byrp52m1lu\" class=\"cmsmasters_row cmsmasters_color_scheme_default cmsmasters_row_top_default cmsmasters_row_bot_default cmsmasters_row_boxed\">\n<div class=\"cmsmasters_row_outer_parent\">\n<div class=\"cmsmasters_row_outer\">\n<div class=\"cmsmasters_row_inner\">\n<div class=\"cmsmasters_row_margin\">\n<div id=\"cmsmasters_column_i24cwt1pcl\" class=\"cmsmasters_column one_first\">\n<div class=\"cmsmasters_column_inner\">\n<div class=\"cmsmasters_sharing\">\n<div class=\"share_wrap\">\n<a href=\"https:\/\/twitter.com\/intent\/tweet?text=Check+out+%27Roda+de+conversa+Elas+por+elas+em+cena%3A+a+loucura+em+quest%C3%A3o%27+on+Centro+Cultural++UFMG+website&url=https%3A%2F%2Fwww.ufmg.br%2Fcentrocultural%2Froda-de-conversa-elas-por-elas-em-cena-a-loucura-em-questao%2F\" class=\"button cmsmasters-icon-twitter\">Twitter<\/a>\n<\/div>\n<div class=\"share_wrap\">\n<a href=\"https:\/\/www.facebook.com\/sharer\/sharer.php?display=popup&u=https%3A%2F%2Fwww.ufmg.br%2Fcentrocultural%2Froda-de-conversa-elas-por-elas-em-cena-a-loucura-em-questao%2F\" class=\"button cmsmasters-icon-facebook\">Facebook<\/a>\n<\/div>\n<\/div>\n<\/div><\/div>\n<\/div>\n<\/div>\n<\/div>\n<\/div>\n<\/div>\n<div id=\"cmsmasters_row_\" class=\"cmsmasters_row cmsmasters_color_scheme_default cmsmasters_row_top_default cmsmasters_row_bot_default cmsmasters_row_boxed\">\n<div class=\"cmsmasters_row_outer_parent\">\n<div class=\"cmsmasters_row_outer\">\n<div class=\"cmsmasters_row_inner\">\n<div class=\"cmsmasters_row_margin\">\n<div id=\"cmsmasters_column_\" class=\"cmsmasters_column one_first\">\n<div class=\"cmsmasters_column_inner\"><div class=\"cmsmasters_text\">\n<p>Evento transmitido ao vivo em 28 de maio de 2021, dentro da programa\u00e7\u00e3o do Ciclo Arte e Sa\u00fade Mental, promovido pela Diretoria de A\u00e7\u00e3o Cultural da UFMG. A roda de conversa foi mediada por <span style=\"color: #333399;\"><a style=\"color: #333399;\" href=\"http:\/\/somos.ufmg.br\/professor\/marcos-antonio-alexandre\" target=\"_blank\" rel=\"noopener\">Marcos Ant\u00f4nio Alexandre<\/a><\/span>, professor da Faculdade de Letras da UFMG e contou com as participa\u00e7\u00f5es das atrizes Kelly Crifer, Ana Regis e \u00c2ngela Mour\u00e3o.<\/p>\n<ul>\n<li><span style=\"color: #333399;\"><a style=\"color: #333399;\" href=\"https:\/\/api.whatsapp.com\/send?text=https:\/\/www.ufmg.br\/centrocultural\/roda-de-conversa-elas-por-elas-em-cena-a-loucura-em-questa\" target=\"_blank\" rel=\"noopener\">Compartilhe no WhatsApp<\/a><\/span><\/li>\n<li><span style=\"color: #333399;\"><a style=\"color: #333399;\" href=\"https:\/\/telegram.me\/share\/url?url=%20https:\/\/www.ufmg.br\/centrocultural\/roda-de-conversa-elas-por-elas-em-cena-a-loucura-em-questa\" target=\"_blank\" rel=\"noopener\">Compartilhe no Telegram<\/a><\/span><\/li>\n<\/ul>\n<p>Assista:<\/p>\n<iframe loading=\"lazy\" title=\"YouTube video player\" src=\"https:\/\/www.youtube.com\/embed\/nbhCd6KFKV0\" width=\"560\" height=\"315\" frameborder=\"0\" allowfullscreen=\"allowfullscreen\"><\/iframe>\n<p>&nbsp;<\/p>\n<p><strong>As convidadas<\/strong><\/p>\n<p>Kelly Crifer \u00e9 atriz de teatro e cinema, com forma\u00e7\u00e3o pela UFMG. Desde 2010, \u00e9 professora dos cursos livres de teatro do Grupo Galp\u00e3o. Tamb\u00e9m \u00e9 fundadora do Grupo de Teatro N\u00f3sCegos e foi integrante do Grupo Teatro Invertido por 11 anos, onde atuou em v\u00e1rios espet\u00e1culos. Em 2015, protagonizou o solo teatral Ensaio Para a Senhora Azul. Fez v\u00e1rios trabalhos em cinema, em produ\u00e7\u00f5es de Minas Gerais, Goi\u00e1s e Pernambuco. Foi premiada em 2011 pelo SESC\/Sated, por sua atua\u00e7\u00e3o no curta-metragem Contagem e foi indicada, em 2020, ao Pr\u00eamio Guarani do Cinema Brasileiro por seu trabalho no filme No Cora\u00e7\u00e3o do Mundo.<\/p>\n<p>Ana Regis \u00e9 atriz, dramaturga, diretora, professora, feminista e m\u00e3e do Davi e da Maria, tudo n\u00e3o necessariamente nesta ordem. \u00c9 trabalhadora das artes desde 1993, revezando fun\u00e7\u00f5es da cadeia produtiva criativa. Indicada a v\u00e1rios pr\u00eamios ao longo de sua carreira, ganhou nas categorias melhor atriz e melhor texto original com o espet\u00e1culo Peixes. J\u00e1 participou dos principais Festivais de Teatro do pa\u00eds, entre eles, Porto Alegre em Cena, FIT-BH, Semana do Teatro de S\u00e3o Jos\u00e9 dos Campos entre outros. Em 2019 circulou com Peixes por festivais na Espanha e cumpriu curta temporada em Lisboa.<\/p>\n<p>\u00c2ngela Mour\u00e3o \u00e9 atriz e diretora teatral e fundadora do Grupo Teatro Andante, Desde 1990, atua em todos os seus espet\u00e1culos: LAMA, Olympia, BarbAzul, A Hist\u00f3ria de \u00c9dipo, Musiclown, Tauromaquia, Por um Triz e O Berro ou Como a R\u00e1dio Confus\u00e3o Conta Hist\u00f3ria de Princesa e Drag\u00e3o. Com seu espet\u00e1culo solo Olympia, que estreou em 2001, j\u00e1 se apresentou por todo o Brasil e em sete diferentes pa\u00edses: Argentina, Paraguai, Col\u00f4mbia, Venezuela, Panam\u00e1, Portugal e Espanha. \u00c9 tamb\u00e9m formada em dan\u00e7a e teatro, mestra em literatura pela PUC-Minas, tendo sido professora de Express\u00e3o Corporal e Interpreta\u00e7\u00e3o do Cefart- Funda\u00e7\u00e3o Cl\u00f3vis Salgado, de 1990 a 2018.<\/p>\n<\/div>\n<\/div><\/div>\n<\/div>\n<\/div>\n<\/div>\n<\/div>\n<\/div>\n\n","protected":false},"excerpt":{"rendered":"","protected":false},"author":5,"featured_media":25088,"comment_status":"closed","ping_status":"closed","sticky":false,"template":"","format":"standard","meta":{"footnotes":""},"categories":[60,91,166],"tags":[535,537,536],"class_list":["post-25085","post","type-post","status-publish","format-standard","has-post-thumbnail","hentry","category-arte-revista","category-noticias","category-teatro","tag-anaregis","tag-angelamourao","tag-kellycrifer"],"_links":{"self":[{"href":"https:\/\/www.ufmg.br\/centrocultural\/wp-json\/wp\/v2\/posts\/25085","targetHints":{"allow":["GET"]}}],"collection":[{"href":"https:\/\/www.ufmg.br\/centrocultural\/wp-json\/wp\/v2\/posts"}],"about":[{"href":"https:\/\/www.ufmg.br\/centrocultural\/wp-json\/wp\/v2\/types\/post"}],"author":[{"embeddable":true,"href":"https:\/\/www.ufmg.br\/centrocultural\/wp-json\/wp\/v2\/users\/5"}],"replies":[{"embeddable":true,"href":"https:\/\/www.ufmg.br\/centrocultural\/wp-json\/wp\/v2\/comments?post=25085"}],"version-history":[{"count":4,"href":"https:\/\/www.ufmg.br\/centrocultural\/wp-json\/wp\/v2\/posts\/25085\/revisions"}],"predecessor-version":[{"id":25090,"href":"https:\/\/www.ufmg.br\/centrocultural\/wp-json\/wp\/v2\/posts\/25085\/revisions\/25090"}],"wp:featuredmedia":[{"embeddable":true,"href":"https:\/\/www.ufmg.br\/centrocultural\/wp-json\/wp\/v2\/media\/25088"}],"wp:attachment":[{"href":"https:\/\/www.ufmg.br\/centrocultural\/wp-json\/wp\/v2\/media?parent=25085"}],"wp:term":[{"taxonomy":"category","embeddable":true,"href":"https:\/\/www.ufmg.br\/centrocultural\/wp-json\/wp\/v2\/categories?post=25085"},{"taxonomy":"post_tag","embeddable":true,"href":"https:\/\/www.ufmg.br\/centrocultural\/wp-json\/wp\/v2\/tags?post=25085"}],"curies":[{"name":"wp","href":"https:\/\/api.w.org\/{rel}","templated":true}]}}