{"id":25295,"date":"2023-08-09T11:28:55","date_gmt":"2023-08-09T14:28:55","guid":{"rendered":"https:\/\/www.ufmg.br\/centrocultural\/?p=25295"},"modified":"2023-08-09T11:28:55","modified_gmt":"2023-08-09T14:28:55","slug":"edgar-kanayko-xakriaba-atuante-da-etnofotografia-participa-de-novo-episodio-de-podcast","status":"publish","type":"post","link":"https:\/\/www.ufmg.br\/centrocultural\/edgar-kanayko-xakriaba-atuante-da-etnofotografia-participa-de-novo-episodio-de-podcast\/","title":{"rendered":"Edgar Kanayk\u00f5 Xakriab\u00e1, atuante da etnofotografia, participa de novo epis\u00f3dio de podcast"},"content":{"rendered":"<div id=\"cmsmasters_row_byrp52m1lu\" class=\"cmsmasters_row cmsmasters_color_scheme_default cmsmasters_row_top_default cmsmasters_row_bot_default cmsmasters_row_boxed\">\n<div class=\"cmsmasters_row_outer_parent\">\n<div class=\"cmsmasters_row_outer\">\n<div class=\"cmsmasters_row_inner\">\n<div class=\"cmsmasters_row_margin\">\n<div id=\"cmsmasters_column_i24cwt1pcl\" class=\"cmsmasters_column one_first\">\n<div class=\"cmsmasters_column_inner\">\n<div class=\"cmsmasters_sharing\">\n<div class=\"share_wrap\">\n<a href=\"https:\/\/twitter.com\/intent\/tweet?text=Check+out+%27Edgar+Kanayk%C3%B5+Xakriab%C3%A1%2C+atuante+da+etnofotografia%2C+participa+de+novo+epis%C3%B3dio+de+podcast%27+on+Centro+Cultural++UFMG+website&url=https%3A%2F%2Fwww.ufmg.br%2Fcentrocultural%2Fedgar-kanayko-xakriaba-atuante-da-etnofotografia-participa-de-novo-episodio-de-podcast%2F\" class=\"button cmsmasters-icon-twitter\">Twitter<\/a>\n<\/div>\n<div class=\"share_wrap\">\n<a href=\"https:\/\/www.facebook.com\/sharer\/sharer.php?display=popup&u=https%3A%2F%2Fwww.ufmg.br%2Fcentrocultural%2Fedgar-kanayko-xakriaba-atuante-da-etnofotografia-participa-de-novo-episodio-de-podcast%2F\" class=\"button cmsmasters-icon-facebook\">Facebook<\/a>\n<\/div>\n<\/div>\n<\/div><\/div>\n<\/div>\n<\/div>\n<\/div>\n<\/div>\n<\/div>\n<div id=\"cmsmasters_row_\" class=\"cmsmasters_row cmsmasters_color_scheme_default cmsmasters_row_top_default cmsmasters_row_bot_default cmsmasters_row_boxed\">\n<div class=\"cmsmasters_row_outer_parent\">\n<div class=\"cmsmasters_row_outer\">\n<div class=\"cmsmasters_row_inner\">\n<div class=\"cmsmasters_row_margin\">\n<\/div>\n<\/div>\n<\/div>\n<\/div>\n<\/div>\n<div id=\"cmsmasters_column_\" class=\"cmsmasters_column one_first\">\n<div class=\"cmsmasters_column_inner\"><\/div><\/div>\n<div class=\"cmsmasters_text\">\n<\/div>\n<\/p>\n<p>O d\u00e9cimo segundo epis\u00f3dio do <strong>Corredor Cultural 174 Podcast<\/strong>, produzido pelo Centro Cultural UFMG, traz um bate-papo com antrop\u00f3logo e fot\u00f3grafo ind\u00edgena <a href=\"https:\/\/www.instagram.com\/edgarkanayko\/\" target=\"_blank\" rel=\"noopener\"><span style=\"color: #000080;\"><strong>Edgar Kanayk\u00f5 Xakriab\u00e1<\/strong><\/span><\/a>, indicado ao <a href=\"https:\/\/www.premiopipa.com\/edgar-kanayko-xakriaba\/\" target=\"_blank\" rel=\"noopener\"><span style=\"color: #000080;\"><strong>Pr\u00eamio PIPA 2023<\/strong><\/span><\/a>, relevante premia\u00e7\u00e3o brasileira de artes visuais. Por suas lentes, a fotografia torna-se uma nova \u2018ferramenta de luta\u2019, possibilitando ao espectador um olhar distinto para os povos origin\u00e1rios. Suas obras revelam as manifesta\u00e7\u00f5es do movimento ind\u00edgena no pa\u00eds, a comunidade da qual faz parte e outras tribos.<\/p>\n<ul>\n<li><span style=\"color: #333399;\"><a style=\"color: #333399;\" href=\"https:\/\/api.whatsapp.com\/send?text=https:\/\/www.ufmg.br\/centrocultural\/edgar-kanayko-xakriaba-atuante-da-etnofotografia-participa-de-novo-episodio-de-podcast\" target=\"_blank\" rel=\"noopener\">Compartilhe no WhatsApp<\/a><\/span><\/li>\n<li><span style=\"color: #333399;\"><a style=\"color: #333399;\" href=\"https:\/\/telegram.me\/share\/url?url=%20https:\/\/www.ufmg.br\/centrocultural\/edgar-kanayko-xakriaba-atuante-da-etnofotografia-participa-de-novo-episodio-de-podcast\" target=\"_blank\" rel=\"noopener\">Compartilhe no Telegram<\/a><\/span><\/li>\n<\/ul>\n<p>No podcast, Edgar explica o que \u00e9 etnofotografia, \u201cque na verdade \u00e9 um termo emprestado, digamos assim, da antropologia, que tem como ferramenta principal a etnografia\u201d, diz. \u201cPor isso, surge na antropologia visual um campo do conhecimento que \u00e9 a etnofotografia, ou seja, um meio de registrar a vida e aspecto da cultura de um povo, como podemos entender a realidade de um povo, de uma cultura, a partir da imagem fotogr\u00e1fica\u201d, esclarece.<\/p>\n<p>Kanayk\u00f5 conta que integrou a primeira turma (2009) da Licenciatura Intercultural Ind\u00edgena da Faculdade de Educa\u00e7\u00e3o da UFMG (FaE), curso espec\u00edfico para os educadores ind\u00edgenas, que tem como refer\u00eancia a interculturalidade e o multilinguismo, considerando as v\u00e1rias formas de uso da l\u00edngua pelas comunidades ind\u00edgenas, a especificidade de cada popula\u00e7\u00e3o ind\u00edgena e a rela\u00e7\u00e3o entre conhecimento tradicional ind\u00edgena e conhecimento acad\u00eamico.<\/p>\n<p>Edgar teve a oportunidade de entrar no mestrado em Antropologia pela UFMG, curso que, como o anterior, tamb\u00e9m surgiu no \u00e2mbito do Programa de Apoio ao Plano de Reestrutura\u00e7\u00e3o e Expans\u00e3o das Universidades Federais (Reuni). Nesse contexto, ele afirma a import\u00e2ncia de garantir o acesso e perman\u00eancia de seu povo nas universidades e de programas de governo voltados para as minorias.<\/p>\n<p>\u201cA gente percebe que a universidade \u00e9 um espa\u00e7o majoritariamente ocupado por brancos. Ocupar, n\u00e3o s\u00f3 no sentido da presen\u00e7a e dos corpos diversos, mas no sentido de que o conhecimento \u00e9 predominantemente ocidental. Ent\u00e3o, quando se tem a presen\u00e7a de povos ind\u00edgenas, a gente tenta romper, tamb\u00e9m, a pr\u00f3pria estrutura da universidade e isso \u00e9 importante para que haja esse di\u00e1logo entre conhecimento tradicional e cient\u00edfico\u201d.<\/p>\n<p>Autor da exposi\u00e7\u00e3o <a href=\"https:\/\/www.ufmg.br\/centrocultural\/fotografias-de-edgar-kanayko-xakriaba-registram-particularidades-dos-povos-originarios\/\" target=\"_blank\" rel=\"noopener\"><span style=\"color: #000080;\"><strong>\u2018marco a n c e s t r a l\u2019<\/strong><\/span><\/a>, em exibi\u00e7\u00e3o no Centro Cultural UFMG at\u00e9 20 de agosto pela programa\u00e7\u00e3o do 55\u00ba Festival de Inverno UFMG, Kanayk\u00f5 diz que o pa\u00eds vive uma virada no jogo pol\u00edtico. \u201cTivemos, anteriormente, um governo que era totalmente contra a diversidade de povos e de conhecimento, que vinha atacando v\u00e1rias esferas da cultura. Neste momento, estamos retomando e ressurgindo a partir da import\u00e2ncia da cultura para o Brasil e n\u00e3o d\u00e1 para falar de \u2018Emerg\u00eancias e Insurg\u00eancias\u2019 (tema do festival) sem falar da resist\u00eancia dos povos ind\u00edgenas\u201d.<\/p>\n<p>\u201cA hist\u00f3ria dos povos ind\u00edgenas \u00e9 marcada justamente por essa luta e resist\u00eancia, ent\u00e3o, nesse meu trabalho fotogr\u00e1fico que chamei de \u2018marco a n c e s t r a l\u2019, \u00e9 um contraponto para o que se estava querendo votar no Congresso pela bancada ruralista, o Marco Temporal. Nosso marco n\u00e3o \u00e9 temporal e sim ancestral, n\u00e3o para dizer que algo \u00e9 antigo, pois aqui esse conhecimento \u00e9 passado de gera\u00e7\u00e3o para gera\u00e7\u00e3o, sobre quem somos e nosso territ\u00f3rio. As epistemologias passadas de povos para povos se d\u00e1 a partir desse conhecimento ancestral\u201d, declara o Xakriab\u00e1.<\/p>\n<p>Ou\u00e7a o podcast na \u00edntegra e saiba mais sobre sua luta, principal refer\u00eancia no trabalho que desenvolve:<\/p>\n<p><iframe loading=\"lazy\" style=\"border-radius: 12px;\" src=\"https:\/\/open.spotify.com\/embed\/episode\/6PVkBP6H2poCD5XqB2dROm?utm_source=generator\" width=\"100%\" height=\"152\" frameborder=\"0\" allowfullscreen=\"allowfullscreen\"><\/iframe><\/p>\n<p>Acompanhe o Edgar Kanayk\u00f5 Xakriab\u00e1 no <a href=\"https:\/\/www.instagram.com\/edgarkanayko\/\" target=\"_blank\" rel=\"noopener\"><span style=\"color: #000080;\"><strong>Instagram<\/strong><\/span><\/a>.<\/p>\n<p><strong>Corredor Cultural 174 Podcast<\/strong> \u00e9 um projeto que disponibiliza mensalmente no Spotify conversas com artistas, m\u00fasicos, escritores, cineastas, agentes culturais e demais pessoas que pensam, respiram e produzem cultura. \u201cCorredor\u201d, pelo fato do Centro Cultural UFMG estar situado no corredor cultural Pra\u00e7a da Esta\u00e7\u00e3o e tamb\u00e9m no sentido de espa\u00e7o de passagem, onde transitam ideias, movimentos e express\u00f5es art\u00edsticas em Belo Horizonte. \u201cCultural\u201d, pois a tem\u00e1tica ser\u00e1 sempre cultura e \u201c174\u201d \u00e9 o n\u00famero de localiza\u00e7\u00e3o da institui\u00e7\u00e3o na Avenida Santos Dumont.<\/p>\n<p>Corredor Cultural 174 Podcast<br \/>\nO podcast de cultura do Centro Cultural UFMG.<br \/>\nUma vez por m\u00eas no <strong><a href=\"https:\/\/spoti.fi\/37VZnRa\" target=\"_blank\" rel=\"noopener\" data-saferedirecturl=\"https:\/\/www.google.com\/url?q=https:\/\/spoti.fi\/37VZnRa&amp;source=gmail&amp;ust=1686246987519000&amp;usg=AOvVaw0tUGgKdMdh0Pkb5veGhsEW\">Spotify<\/a><\/strong><\/p>\n","protected":false},"excerpt":{"rendered":"<p>O d\u00e9cimo segundo epis\u00f3dio do Corredor Cultural 174 Podcast, produzido pelo Centro Cultural UFMG, traz um bate-papo com antrop\u00f3logo e fot\u00f3grafo ind\u00edgena Edgar Kanayk\u00f5 Xakriab\u00e1, indicado ao Pr\u00eamio PIPA 2023,&#8230;<\/p>\n","protected":false},"author":6,"featured_media":25296,"comment_status":"closed","ping_status":"closed","sticky":false,"template":"","format":"standard","meta":{"footnotes":""},"categories":[244,91,80],"tags":[],"class_list":["post-25295","post","type-post","status-publish","format-standard","has-post-thumbnail","hentry","category-corredor-cultural-174","category-noticias","category-podcast"],"_links":{"self":[{"href":"https:\/\/www.ufmg.br\/centrocultural\/wp-json\/wp\/v2\/posts\/25295","targetHints":{"allow":["GET"]}}],"collection":[{"href":"https:\/\/www.ufmg.br\/centrocultural\/wp-json\/wp\/v2\/posts"}],"about":[{"href":"https:\/\/www.ufmg.br\/centrocultural\/wp-json\/wp\/v2\/types\/post"}],"author":[{"embeddable":true,"href":"https:\/\/www.ufmg.br\/centrocultural\/wp-json\/wp\/v2\/users\/6"}],"replies":[{"embeddable":true,"href":"https:\/\/www.ufmg.br\/centrocultural\/wp-json\/wp\/v2\/comments?post=25295"}],"version-history":[{"count":3,"href":"https:\/\/www.ufmg.br\/centrocultural\/wp-json\/wp\/v2\/posts\/25295\/revisions"}],"predecessor-version":[{"id":25299,"href":"https:\/\/www.ufmg.br\/centrocultural\/wp-json\/wp\/v2\/posts\/25295\/revisions\/25299"}],"wp:featuredmedia":[{"embeddable":true,"href":"https:\/\/www.ufmg.br\/centrocultural\/wp-json\/wp\/v2\/media\/25296"}],"wp:attachment":[{"href":"https:\/\/www.ufmg.br\/centrocultural\/wp-json\/wp\/v2\/media?parent=25295"}],"wp:term":[{"taxonomy":"category","embeddable":true,"href":"https:\/\/www.ufmg.br\/centrocultural\/wp-json\/wp\/v2\/categories?post=25295"},{"taxonomy":"post_tag","embeddable":true,"href":"https:\/\/www.ufmg.br\/centrocultural\/wp-json\/wp\/v2\/tags?post=25295"}],"curies":[{"name":"wp","href":"https:\/\/api.w.org\/{rel}","templated":true}]}}