{"id":25393,"date":"2023-09-12T10:28:10","date_gmt":"2023-09-12T13:28:10","guid":{"rendered":"https:\/\/www.ufmg.br\/centrocultural\/?p=25393"},"modified":"2023-09-12T10:28:10","modified_gmt":"2023-09-12T13:28:10","slug":"mostra-sobre-a-perspectiva-lesbica-no-audiovisual-independente-tem-sessao-unica-nesta-sexta-feira","status":"publish","type":"post","link":"https:\/\/www.ufmg.br\/centrocultural\/mostra-sobre-a-perspectiva-lesbica-no-audiovisual-independente-tem-sessao-unica-nesta-sexta-feira\/","title":{"rendered":"Mostra sobre a perspectiva l\u00e9sbica no audiovisual independente tem sess\u00e3o \u00fanica nesta sexta-feira"},"content":{"rendered":"<div id=\"cmsmasters_row_byrp52m1lu\" class=\"cmsmasters_row cmsmasters_color_scheme_default cmsmasters_row_top_default cmsmasters_row_bot_default cmsmasters_row_boxed\">\n<div class=\"cmsmasters_row_outer_parent\">\n<div class=\"cmsmasters_row_outer\">\n<div class=\"cmsmasters_row_inner\">\n<div class=\"cmsmasters_row_margin\">\n<div id=\"cmsmasters_column_i24cwt1pcl\" class=\"cmsmasters_column one_first\">\n<div class=\"cmsmasters_column_inner\">\n<div class=\"cmsmasters_sharing\">\n<div class=\"share_wrap\">\n<a href=\"https:\/\/twitter.com\/intent\/tweet?text=Check+out+%27Mostra+sobre+a+perspectiva+l%C3%A9sbica+no+audiovisual+independente+tem+sess%C3%A3o+%C3%BAnica+nesta+sexta-feira%27+on+Centro+Cultural++UFMG+website&url=https%3A%2F%2Fwww.ufmg.br%2Fcentrocultural%2Fmostra-sobre-a-perspectiva-lesbica-no-audiovisual-independente-tem-sessao-unica-nesta-sexta-feira%2F\" class=\"button cmsmasters-icon-twitter\">Twitter<\/a>\n<\/div>\n<div class=\"share_wrap\">\n<a href=\"https:\/\/www.facebook.com\/sharer\/sharer.php?display=popup&u=https%3A%2F%2Fwww.ufmg.br%2Fcentrocultural%2Fmostra-sobre-a-perspectiva-lesbica-no-audiovisual-independente-tem-sessao-unica-nesta-sexta-feira%2F\" class=\"button cmsmasters-icon-facebook\">Facebook<\/a>\n<\/div>\n<\/div>\n<\/div><\/div>\n<\/div>\n<\/div>\n<\/div>\n<\/div>\n<\/div>\n<div id=\"cmsmasters_row_\" class=\"cmsmasters_row cmsmasters_color_scheme_default cmsmasters_row_top_default cmsmasters_row_bot_default cmsmasters_row_boxed\">\n<div class=\"cmsmasters_row_outer_parent\">\n<div class=\"cmsmasters_row_outer\">\n<div class=\"cmsmasters_row_inner\">\n<div class=\"cmsmasters_row_margin\">\n<div id=\"cmsmasters_column_\" class=\"cmsmasters_column one_first\">\n<div class=\"cmsmasters_column_inner\"><div class=\"cmsmasters_text\">\n<p>Na pr\u00f3xima sexta-feira, dia 15 de setembro de 2023, \u00e0s 19 horas, o Centro Cultural UFMG recebe a mostra <strong>\u2018A perspectiva l\u00e9sbica no audiovisual independente\u2019<\/strong>, elaborada pela<span style=\"color: #000080;\"> <a style=\"color: #000080;\" href=\"https:\/\/www.instagram.com\/lifa.arte\/\" target=\"_blank\" rel=\"noopener\"><strong>LIFA Arte<\/strong><\/a>,<\/span> em parceria com a<span style=\"color: #000080;\"> <a style=\"color: #000080;\" href=\"https:\/\/www.instagram.com\/fanchecleticas\/\" target=\"_blank\" rel=\"noopener\"><strong>Fanchecl\u00e9ticas<\/strong><\/a><\/span>, que selecionou quatro curtas-metragens para a sess\u00e3o. Ap\u00f3s a exibi\u00e7\u00e3o dos filmes haver\u00e1 um bate-papo mediado pelos dois coletivos, trazendo \u00e0 tona viv\u00eancias e desafios de mulheres l\u00e9sbicas no universo da produ\u00e7\u00e3o audiovisual. O evento integra o projeto CineCentro, tem a entrada gratuita e a classifica\u00e7\u00e3o indicativa de 14 anos.<\/p>\n<ul>\n<li><strong><span style=\"color: #333399;\"><a style=\"color: #333399;\" href=\"https:\/\/api.whatsapp.com\/send?text=https:\/\/www.ufmg.br\/centrocultural\/mostra-sobre-a-perspectiva-lesbica-no-audiovisual-independente-tem-sessao-unica-nesta-sexta-feira\" target=\"_blank\" rel=\"noopener\">Compartilhe no WhatsApp<\/a><\/span><\/strong><\/li>\n<li><strong><span style=\"color: #333399;\">C<a style=\"color: #333399;\" href=\"https:\/\/telegram.me\/share\/url?url=%20https:\/\/www.ufmg.br\/centrocultural\/mostra-sobre-a-perspectiva-lesbica-no-audiovisual-independente-tem-sessao-unica-nesta-sexta-feira\" target=\"_blank\" rel=\"noopener\">ompartilhe no Telegram<\/a><\/span><\/strong><\/li>\n<\/ul>\n<p>Filmes que abordam a sexualidade desempenham um papel fundamental na sociedade contempor\u00e2nea, incentivam discuss\u00f5es sobre igualdade e inclus\u00e3o, suscitam mudan\u00e7as sociais e culturais, al\u00e9m de empoderar as comunidades sub-representadas.<\/p>\n<p>Relevante e urgente, o debate sobre a perspectiva l\u00e9sbica na produ\u00e7\u00e3o audiovisual independente abre espa\u00e7o para vozes frequentemente negligenciadas, permitindo que hist\u00f3rias, experi\u00eancias aut\u00eanticas e diversas ganhem visibilidade.<\/p>\n<p>Para essa mostra audiovisual foram selecionados os curtas-metragens \u2018Desalinho\u2019 e \u20183 Luas\u2019, produzidos pelo grupo art\u00edstico LIFA Arte, assim como \u2018A rua e o rio\u2019 e \u2018Sapat\u00e3o: uma racha\/dura no sistema\u2019, desenvolvidos pela Fanchecl\u00e9ticas Coletiva. Os filmes passeiam por diferentes linguagens, evidenciando a multiplicidade de perspectivas de cria\u00e7\u00e3o dos dois grupos.<\/p>\n<p>As obras normalizam a diversidade sexual, ampliando a compreens\u00e3o e aceita\u00e7\u00e3o de diferentes sexualidades, reunindo narrativas que estimulam o di\u00e1logo e expandem a conscientiza\u00e7\u00e3o sobre identidades diversas. Desafiando os estere\u00f3tipos de g\u00eanero, essas produ\u00e7\u00f5es instigam reflex\u00f5es e prop\u00f5em empatia e toler\u00e2ncia.<\/p>\n<p><strong>Sinopses dos filmes:<\/strong><\/p>\n<p><strong>A rua e o rio<\/strong> \u2013 (Drama, 2020, Brasil, Dire\u00e7\u00e3o: Denise Lopes Leal, 16&#8242;, livre)<\/p>\n<p>Elas est\u00e3o \u00e0 margem. Nos contornos, nas favelas, nos becos e vielas. Mapeando o invis\u00edvel. Buscando o (des)conhecido. Elas est\u00e3o \u00e0 margem, fora ou dentro do mapa. Elas mudam qualquer planta de lugar. A terra. A rua. Cad\u00ea o rio que estava aqui? O asfalto comeu.<\/p>\n<p><strong>Desalinho<\/strong> \u2013 (Drama, 2021, Brasil, Dire\u00e7\u00e3o: LIFA Arte, 23&#8242;, livre)<\/p>\n<p>Determinada a ingressar na universidade, Tereza come\u00e7a a trabalhar em uma confec\u00e7\u00e3o de roupas. L\u00e1 conhece Maria J\u00falia, filha da propriet\u00e1ria da empresa. A partir de ent\u00e3o, a jovem se v\u00ea diante de conflitos acerca das constantes quest\u00f5es relacionadas \u00e0 desigualdade social e a pr\u00f3pria sexualidade.<\/p>\n<p><strong>Sapat\u00e3o: uma racha\/dura no sistema<\/strong> \u2013 (Drama, 2020, Brasil, Dire\u00e7\u00e3o: d\u00e9vora mc, 11&#8242;, 10 anos)<\/p>\n<p>Por que estamos t\u00e3o cansades? Uma entregadora por aplicativo responde. Em sua \u00faltima postagem: um desabafo e uma despedida. Um corpo vivo, uma sociedade em colapso. Uma corpa que tenciona a cidade. Rompe com padr\u00f5es. Cria racha\/duras. Sapat\u00e3o guarde este dia com carinho.<\/p>\n<p><strong>3 Luas<\/strong> \u2013 (Drama, 2021, Brasil, Dire\u00e7\u00e3o: Lara Pires, 10&#8242;, 14 anos)<\/p>\n<p>Medeia est\u00e1 prestes a matar os seus filhos por vingan\u00e7a. \u00c1tropos, determinando o fim da linha da vida das crian\u00e7as, reflete sobre o sofrimento da mulher diante do peso do destino. Lilith, estimulando Medeia a cometer a atrocidade, partilha a revolta da submiss\u00e3o, aflorando o lado obscuro do feminino.<\/p>\n<p><strong>Sobre os coletivos<\/strong><\/p>\n<p>A <strong>LIFA Arte<\/strong> \u00e9 um coletivo de artistas independentes que se dedica ao teatro e ao audiovisual. Fundado em janeiro de 2021, no Tri\u00e2ngulo Mineiro, tem sua pot\u00eancia ligada \u00e0s m\u00faltiplas viv\u00eancias e forma\u00e7\u00f5es de seus membros e ao desejo de produzir de forma descentralizada no estado de Minas Gerais.<\/p>\n<p>A <strong>Fanchecl\u00e9ticas Coletiva<\/strong> fomenta presen\u00e7as plurais nas artes. Atua no eixo sociocultural da <span style=\"color: #000080;\"><a style=\"color: #000080;\" href=\"https:\/\/www.instagram.com\/artes_sapas\/\" target=\"_blank\" rel=\"noopener\"><strong>Associa\u00e7\u00e3o Artes Sapas<\/strong><\/a> <\/span>propondo visibilidade e valoriza\u00e7\u00e3o de artistas que atuam de forma direta no campo da diversidade de g\u00eanero. Pretendem ser refer\u00eancia como coletiva de artes LGBTQIAPN+ no Brasil.<\/p>\n<\/div>\n<\/div><\/div>\n<\/div>\n<\/div>\n<\/div>\n<\/div>\n<\/div>\n<div id=\"cmsmasters_row_omwx088mvk\" class=\"cmsmasters_row cmsmasters_color_scheme_default cmsmasters_row_top_default cmsmasters_row_bot_default cmsmasters_row_boxed\">\n<div class=\"cmsmasters_row_outer_parent\">\n<div class=\"cmsmasters_row_outer\">\n<div class=\"cmsmasters_row_inner\">\n<div class=\"cmsmasters_row_margin\">\n<div id=\"cmsmasters_column_af3a67039i\" class=\"cmsmasters_column one_first\">\n<div class=\"cmsmasters_column_inner\">\n<div id=\"cmsmasters_divider_6d10s6ghgh\" class=\"cmsmasters_divider cmsmasters_divider_width_long cmsmasters_divider_pos_center\"><\/div>\n<\/div><\/div>\n<\/div>\n<\/div>\n<\/div>\n<\/div>\n<\/div>\n<div id=\"cmsmasters_row_t3c22q9w6m\" class=\"cmsmasters_row cmsmasters_color_scheme_default cmsmasters_row_top_default cmsmasters_row_bot_default cmsmasters_row_boxed\">\n<div class=\"cmsmasters_row_outer_parent\">\n<div class=\"cmsmasters_row_outer\">\n<div class=\"cmsmasters_row_inner\">\n<div class=\"cmsmasters_row_margin\">\n<div id=\"cmsmasters_column_toijiibenl\" class=\"cmsmasters_column one_first\">\n<div class=\"cmsmasters_column_inner\"><div class=\"cmsmasters_text\">\n<p><strong>Mostra \u2018A perspectiva l\u00e9sbica no audiovisual independente\u2019<\/strong><br \/>\nData: 15 de setembro de 2023<br \/>\nHor\u00e1rio: 19 horas<br \/>\nLocal: audit\u00f3rio do Centro Cultural UFMG<br \/>\nClassifica\u00e7\u00e3o indicativa: 14 anos<br \/>\nEntrada gratuita<\/p>\n<p><span style=\"color: #000080;\"><strong><a style=\"color: #000080;\" href=\"https:\/\/www.google.com.br\/maps\/dir\/\/Av.+Santos+Dumont,+174+-+Centro,+Belo+Horizonte+-+MG,+30111-040\/@-19.9170546,-43.9360151,17z\/data=!4m6!4m5!1m0!1m2!1m1!1s0xa699fbd5aaae01:0xab4780c129fa0883!3e0\" target=\"_blank\" rel=\"noopener\">Consulte rotas e meios para chegar<\/a><\/strong><\/span><\/p>\n<\/div>\n<\/div><\/div>\n<\/div>\n<\/div>\n<\/div>\n<\/div>\n<\/div>\n<div id=\"cmsmasters_row_6kvmqaa7i\" class=\"cmsmasters_row cmsmasters_color_scheme_default cmsmasters_row_top_default cmsmasters_row_bot_default cmsmasters_row_boxed\">\n<div class=\"cmsmasters_row_outer_parent\">\n<div class=\"cmsmasters_row_outer\">\n<div class=\"cmsmasters_row_inner\">\n<div class=\"cmsmasters_row_margin\">\n<div id=\"cmsmasters_column_sf8b3oog58\" class=\"cmsmasters_column three_fourth\">\n<div class=\"cmsmasters_column_inner\"><div id=\"cmsmasters_notice_smk9h2u97i\" class=\"cmsmasters_notice cmsmasters_notice_warning cmsmasters-icon-check-1\">\n<a href=\"#\" class=\"notice_close cmsmasters_theme_icon_cancel\"><\/a><div class=\"notice_content\">\n<p>Lembre-se: \u00e9 recomend\u00e1vel o uso de m\u00e1scara nos espa\u00e7os do Centro Cultural UFMG mesmo para imunizados<\/p>\n<\/div>\n<\/div>\n<\/div><\/div>\n<div id=\"cmsmasters_column_ioy14g1s5h\" class=\"cmsmasters_column one_fourth\">\n<div class=\"cmsmasters_column_inner\"><\/div><\/div>\n<\/div>\n<\/div>\n<\/div>\n<\/div>\n<\/div>\n\n","protected":false},"excerpt":{"rendered":"","protected":false},"author":6,"featured_media":25394,"comment_status":"closed","ping_status":"closed","sticky":false,"template":"","format":"standard","meta":{"footnotes":""},"categories":[55,91],"tags":[],"class_list":["post-25393","post","type-post","status-publish","format-standard","has-post-thumbnail","hentry","category-cinecentro","category-noticias"],"_links":{"self":[{"href":"https:\/\/www.ufmg.br\/centrocultural\/wp-json\/wp\/v2\/posts\/25393","targetHints":{"allow":["GET"]}}],"collection":[{"href":"https:\/\/www.ufmg.br\/centrocultural\/wp-json\/wp\/v2\/posts"}],"about":[{"href":"https:\/\/www.ufmg.br\/centrocultural\/wp-json\/wp\/v2\/types\/post"}],"author":[{"embeddable":true,"href":"https:\/\/www.ufmg.br\/centrocultural\/wp-json\/wp\/v2\/users\/6"}],"replies":[{"embeddable":true,"href":"https:\/\/www.ufmg.br\/centrocultural\/wp-json\/wp\/v2\/comments?post=25393"}],"version-history":[{"count":6,"href":"https:\/\/www.ufmg.br\/centrocultural\/wp-json\/wp\/v2\/posts\/25393\/revisions"}],"predecessor-version":[{"id":25484,"href":"https:\/\/www.ufmg.br\/centrocultural\/wp-json\/wp\/v2\/posts\/25393\/revisions\/25484"}],"wp:featuredmedia":[{"embeddable":true,"href":"https:\/\/www.ufmg.br\/centrocultural\/wp-json\/wp\/v2\/media\/25394"}],"wp:attachment":[{"href":"https:\/\/www.ufmg.br\/centrocultural\/wp-json\/wp\/v2\/media?parent=25393"}],"wp:term":[{"taxonomy":"category","embeddable":true,"href":"https:\/\/www.ufmg.br\/centrocultural\/wp-json\/wp\/v2\/categories?post=25393"},{"taxonomy":"post_tag","embeddable":true,"href":"https:\/\/www.ufmg.br\/centrocultural\/wp-json\/wp\/v2\/tags?post=25393"}],"curies":[{"name":"wp","href":"https:\/\/api.w.org\/{rel}","templated":true}]}}