{"id":25434,"date":"2023-09-21T10:03:16","date_gmt":"2023-09-21T13:03:16","guid":{"rendered":"https:\/\/www.ufmg.br\/centrocultural\/?p=25434"},"modified":"2023-09-21T10:03:16","modified_gmt":"2023-09-21T13:03:16","slug":"exposicao-celebra-os-10-anos-de-conducao-dos-atelies-de-pintura-da-escola-de-belas-artes-da-ufmg-pelo-professor-mario-azevedo","status":"publish","type":"post","link":"https:\/\/www.ufmg.br\/centrocultural\/exposicao-celebra-os-10-anos-de-conducao-dos-atelies-de-pintura-da-escola-de-belas-artes-da-ufmg-pelo-professor-mario-azevedo\/","title":{"rendered":"Exposi\u00e7\u00e3o celebra os 10 anos de condu\u00e7\u00e3o dos Ateli\u00eas de Pintura da Escola de Belas Artes da UFMG pelo professor M\u00e1rio Azevedo"},"content":{"rendered":"<div id=\"cmsmasters_row_byrp52m1lu\" class=\"cmsmasters_row cmsmasters_color_scheme_default cmsmasters_row_top_default cmsmasters_row_bot_default cmsmasters_row_boxed\">\n<div class=\"cmsmasters_row_outer_parent\">\n<div class=\"cmsmasters_row_outer\">\n<div class=\"cmsmasters_row_inner\">\n<div class=\"cmsmasters_row_margin\">\n<div id=\"cmsmasters_column_i24cwt1pcl\" class=\"cmsmasters_column one_first\">\n<div class=\"cmsmasters_column_inner\">\n<div class=\"cmsmasters_sharing\">\n<div class=\"share_wrap\">\n<a href=\"https:\/\/twitter.com\/intent\/tweet?text=Check+out+%27Exposi%C3%A7%C3%A3o+celebra+os+10+anos+de+condu%C3%A7%C3%A3o+dos+Ateli%C3%AAs+de+Pintura+da+Escola+de+Belas+Artes+da+UFMG+pelo+professor+M%C3%A1rio+Azevedo%27+on+Centro+Cultural++UFMG+website&url=https%3A%2F%2Fwww.ufmg.br%2Fcentrocultural%2Fexposicao-celebra-os-10-anos-de-conducao-dos-atelies-de-pintura-da-escola-de-belas-artes-da-ufmg-pelo-professor-mario-azevedo%2F\" class=\"button cmsmasters-icon-twitter\">Twitter<\/a>\n<\/div>\n<div class=\"share_wrap\">\n<a href=\"https:\/\/www.facebook.com\/sharer\/sharer.php?display=popup&u=https%3A%2F%2Fwww.ufmg.br%2Fcentrocultural%2Fexposicao-celebra-os-10-anos-de-conducao-dos-atelies-de-pintura-da-escola-de-belas-artes-da-ufmg-pelo-professor-mario-azevedo%2F\" class=\"button cmsmasters-icon-facebook\">Facebook<\/a>\n<\/div>\n<\/div>\n<\/div><\/div>\n<\/div>\n<\/div>\n<\/div>\n<\/div>\n<\/div>\n<div id=\"cmsmasters_row_\" class=\"cmsmasters_row cmsmasters_color_scheme_default cmsmasters_row_top_default cmsmasters_row_bot_default cmsmasters_row_boxed\">\n<div class=\"cmsmasters_row_outer_parent\">\n<div class=\"cmsmasters_row_outer\">\n<div class=\"cmsmasters_row_inner\">\n<div class=\"cmsmasters_row_margin\">\n<div id=\"cmsmasters_column_\" class=\"cmsmasters_column one_first\">\n<div class=\"cmsmasters_column_inner\"><div class=\"cmsmasters_text\">\n<\/div>\n<p>O Centro Cultural UFMG convida para a abertura da exposi\u00e7\u00e3o coletiva<strong> \u2018At. P. 2009\/2019\u2019<\/strong>, na sexta-feira, dia 29 de setembro de 2023, \u00e0s 19 horas. A mostra re\u00fane produ\u00e7\u00f5es que marcaram o per\u00edodo em que o professor M\u00e1rio Azevedo conduziu os Ateli\u00eas de Pintura da Escola de Belas Artes UFMG. As obras poder\u00e3o ser vistas at\u00e9 05 de novembro de 2023. A entrada \u00e9 gratuita e tem classifica\u00e7\u00e3o livre.<\/p>\n<ul>\n<li><strong><span style=\"color: #333399;\"><a style=\"color: #333399;\" href=\"https:\/\/api.whatsapp.com\/send?text=https:\/\/www.ufmg.br\/centrocultural\/exposicao-celebra-os-10-anos-de-conducao-dos-atelies-de-pintura-da-escola-de-belas-artes-da-ufmg-pelo-professor-mario-azevedo\" target=\"_blank\" rel=\"noopener\">Compartilhe no WhatsApp<\/a><\/span><\/strong><\/li>\n<li><strong><span style=\"color: #333399;\">C<a style=\"color: #333399;\" href=\"https:\/\/telegram.me\/share\/url?url=%20https:\/\/www.ufmg.br\/centrocultural\/exposicao-celebra-os-10-anos-de-conducao-dos-atelies-de-pintura-da-escola-de-belas-artes-da-ufmg-pelo-professor-mario-azevedo\" target=\"_blank\" rel=\"noopener\">ompartilhe no Telegram<\/a><\/span><\/strong><\/li>\n<\/ul>\n<p><strong>At. P. 2009\/2019<\/strong><\/p>\n<p>A exposi\u00e7\u00e3o \u00e9 uma comemora\u00e7\u00e3o pela aposentadoria do professor M\u00e1rio Azevedo, em 2019; pelos seus 10 anos de condu\u00e7\u00e3o dos Ateli\u00eas de Pintura da Escola de Belas Artes da UFMG; desde 2009, pelo intenso trabalho l\u00e1 desenvolvido, especialmente com alguns estudantes transformados em artistas\/colegas de of\u00edcio, que compartilham suas produ\u00e7\u00f5es com o objetivo de refletir sobre esses trabalhos, al\u00e9m de apreciar e relembrar os resultados desse tempo bem vivido.<\/p>\n<p>M\u00e1rio Azevedo idealizou uma esp\u00e9cie de instant\u00e2neo dessa temporada, uma parada poss\u00edvel sobre esse arco cronol\u00f3gico. \u201cA ideia-base foi partir da exibi\u00e7\u00e3o de pinturas feitas na \u00e9poca em que cada um desses artistas foi aluno nos Ateli\u00eas e, em sequ\u00eancia, expor trabalhos mais atuais\u201d, explica o professor.<\/p>\n<p><strong>Os artistas<\/strong><\/p>\n<p>Segundo ele, os participantes foram escolhidos em etapas, por um sentimento de pura aproxima\u00e7\u00e3o, fechando a lista em sete artistas: Daniel de Carvalho, Dyana Santos, Gizelle Candido, Jos\u00e9 Lara, Julia Bernardes, Mateus Moreira e Xik\u00e3o Xik\u00e3o. \u201cEvidentemente, lamentamos a aus\u00eancia de muitos outros nomes lembrados, mas que n\u00e3o poderiam estar conosco, dadas as circunst\u00e2ncias variadas\u201d, esclarece.<\/p>\n<p><strong>Os conte\u00fados<\/strong><\/p>\n<p>Na mostra, \u201cn\u00e3o nos pautamos apenas pela pintura; podemos pensar que tudo come\u00e7a com a pintura, que se expande em outras maneiras de materializar certos conte\u00fados, de construir um objeto imantado de potencias\u201d, relata M\u00e1rio. \u201cTrata-se, portanto, de uma mostra work in progress, uma grande anota\u00e7\u00e3o tempor\u00e1ria, baseada na inven\u00e7\u00e3o e expans\u00e3o de rela\u00e7\u00f5es entre pesquisas e trabalhos desse grupo de autoras e autores, contendo e expandindo nossas reflex\u00f5es e produ\u00e7\u00e3o\u201d, complementa.<\/p>\n<div id=\"cmsmasters_divider_6d10s6ghgh\" class=\"cmsmasters_divider cmsmasters_divider_width_long cmsmasters_divider_pos_center\"><\/div>\n<\/div><\/div>\n<\/div>\n<\/div>\n<\/div>\n<\/div>\n<\/div>\n<div id=\"cmsmasters_row_t3c22q9w6m\" class=\"cmsmasters_row cmsmasters_color_scheme_default cmsmasters_row_top_default cmsmasters_row_bot_default cmsmasters_row_boxed\">\n<div class=\"cmsmasters_row_outer_parent\">\n<div class=\"cmsmasters_row_outer\">\n<div class=\"cmsmasters_row_inner\">\n<div class=\"cmsmasters_row_margin\">\n<div id=\"cmsmasters_column_toijiibenl\" class=\"cmsmasters_column one_first\">\n<div class=\"cmsmasters_column_inner\"><div class=\"cmsmasters_text\">\n<p><strong>Exposi\u00e7\u00e3o \u2018At. P. 2009\/2019\u2019 \u2013 Daniel de Carvalho, Dyana Santos, Gizelle Candido, Jos\u00e9 Lara, Julia Bernardes, M\u00e1rio Azevedo, Mateus Moreira e Xik\u00e3o Xik\u00e3o<\/strong><br \/>\nAbertura: 29 de setembro de 2023 | \u00e0s 19 horas<br \/>\nVisita\u00e7\u00e3o: at\u00e9 o dia 05\/11\/2023<br \/>\nTer\u00e7as a sextas: 9h \u00e0s 20h<br \/>\nS\u00e1bados, domingos e feriados: 9h \u00e0s 17h<br \/>\nGrande Galeria<br \/>\nClassifica\u00e7\u00e3o indicativa: livre<br \/>\nEntrada gratuita<\/p>\n<p><span style=\"color: #0000ff;\"><strong><a style=\"color: #0000ff;\" href=\"https:\/\/www.google.com.br\/maps\/dir\/\/Av.+Santos+Dumont,+174+-+Centro,+Belo+Horizonte+-+MG,+30111-040\/@-19.9170546,-43.9360151,17z\/data=!4m6!4m5!1m0!1m2!1m1!1s0xa699fbd5aaae01:0xab4780c129fa0883!3e0\">Consulte rotas e meios para chegar<\/a><\/strong><\/span><\/p>\n<\/div>\n<\/div><\/div>\n<\/div>\n<\/div>\n<\/div>\n<\/div>\n<\/div>\n<div id=\"cmsmasters_row_6kvmqaa7i\" class=\"cmsmasters_row cmsmasters_color_scheme_default cmsmasters_row_top_default cmsmasters_row_bot_default cmsmasters_row_boxed\">\n<div class=\"cmsmasters_row_outer_parent\">\n<div class=\"cmsmasters_row_outer\">\n<div class=\"cmsmasters_row_inner\">\n<div class=\"cmsmasters_row_margin\">\n<div id=\"cmsmasters_column_sf8b3oog58\" class=\"cmsmasters_column three_fourth\">\n<div class=\"cmsmasters_column_inner\"><div id=\"cmsmasters_notice_smk9h2u97i\" class=\"cmsmasters_notice cmsmasters_notice_warning cmsmasters-icon-check-1\">\n<a href=\"#\" class=\"notice_close cmsmasters_theme_icon_cancel\"><\/a><div class=\"notice_content\">\n<p>Lembre-se: \u00e9 recomend\u00e1vel o uso de m\u00e1scara nos espa\u00e7os do Centro Cultural UFMG mesmo para imunizados<\/p>\n<\/div>\n<\/div>\n<\/div><\/div>\n<div id=\"cmsmasters_column_ioy14g1s5h\" class=\"cmsmasters_column one_fourth\">\n<div class=\"cmsmasters_column_inner\"><\/div><\/div>\n<\/div>\n<\/div>\n<\/div>\n<\/div>\n<\/div>\n\n","protected":false},"excerpt":{"rendered":"","protected":false},"author":6,"featured_media":25436,"comment_status":"closed","ping_status":"closed","sticky":false,"template":"","format":"standard","meta":{"footnotes":""},"categories":[121,91],"tags":[],"class_list":["post-25434","post","type-post","status-publish","format-standard","has-post-thumbnail","hentry","category-exposicoes","category-noticias"],"_links":{"self":[{"href":"https:\/\/www.ufmg.br\/centrocultural\/wp-json\/wp\/v2\/posts\/25434","targetHints":{"allow":["GET"]}}],"collection":[{"href":"https:\/\/www.ufmg.br\/centrocultural\/wp-json\/wp\/v2\/posts"}],"about":[{"href":"https:\/\/www.ufmg.br\/centrocultural\/wp-json\/wp\/v2\/types\/post"}],"author":[{"embeddable":true,"href":"https:\/\/www.ufmg.br\/centrocultural\/wp-json\/wp\/v2\/users\/6"}],"replies":[{"embeddable":true,"href":"https:\/\/www.ufmg.br\/centrocultural\/wp-json\/wp\/v2\/comments?post=25434"}],"version-history":[{"count":3,"href":"https:\/\/www.ufmg.br\/centrocultural\/wp-json\/wp\/v2\/posts\/25434\/revisions"}],"predecessor-version":[{"id":25439,"href":"https:\/\/www.ufmg.br\/centrocultural\/wp-json\/wp\/v2\/posts\/25434\/revisions\/25439"}],"wp:featuredmedia":[{"embeddable":true,"href":"https:\/\/www.ufmg.br\/centrocultural\/wp-json\/wp\/v2\/media\/25436"}],"wp:attachment":[{"href":"https:\/\/www.ufmg.br\/centrocultural\/wp-json\/wp\/v2\/media?parent=25434"}],"wp:term":[{"taxonomy":"category","embeddable":true,"href":"https:\/\/www.ufmg.br\/centrocultural\/wp-json\/wp\/v2\/categories?post=25434"},{"taxonomy":"post_tag","embeddable":true,"href":"https:\/\/www.ufmg.br\/centrocultural\/wp-json\/wp\/v2\/tags?post=25434"}],"curies":[{"name":"wp","href":"https:\/\/api.w.org\/{rel}","templated":true}]}}