{"id":25452,"date":"2023-09-27T12:14:41","date_gmt":"2023-09-27T15:14:41","guid":{"rendered":"https:\/\/www.ufmg.br\/centrocultural\/?p=25452"},"modified":"2023-09-27T12:14:41","modified_gmt":"2023-09-27T15:14:41","slug":"barbara-elizei-expoe-escultura-em-chapa-metalica","status":"publish","type":"post","link":"https:\/\/www.ufmg.br\/centrocultural\/barbara-elizei-expoe-escultura-em-chapa-metalica\/","title":{"rendered":"B\u00e1rbara Elizei exp\u00f5e escultura em chapa met\u00e1lica"},"content":{"rendered":"<div id=\"cmsmasters_row_byrp52m1lu\" class=\"cmsmasters_row cmsmasters_color_scheme_default cmsmasters_row_top_default cmsmasters_row_bot_default cmsmasters_row_boxed\">\n<div class=\"cmsmasters_row_outer_parent\">\n<div class=\"cmsmasters_row_outer\">\n<div class=\"cmsmasters_row_inner\">\n<div class=\"cmsmasters_row_margin\">\n<div id=\"cmsmasters_column_i24cwt1pcl\" class=\"cmsmasters_column one_first\">\n<div class=\"cmsmasters_column_inner\">\n<div class=\"cmsmasters_sharing\">\n<div class=\"share_wrap\">\n<a href=\"https:\/\/twitter.com\/intent\/tweet?text=Check+out+%27B%C3%A1rbara+Elizei+exp%C3%B5e+escultura+em+chapa+met%C3%A1lica%27+on+Centro+Cultural++UFMG+website&url=https%3A%2F%2Fwww.ufmg.br%2Fcentrocultural%2Fbarbara-elizei-expoe-escultura-em-chapa-metalica%2F\" class=\"button cmsmasters-icon-twitter\">Twitter<\/a>\n<\/div>\n<div class=\"share_wrap\">\n<a href=\"https:\/\/www.facebook.com\/sharer\/sharer.php?display=popup&u=https%3A%2F%2Fwww.ufmg.br%2Fcentrocultural%2Fbarbara-elizei-expoe-escultura-em-chapa-metalica%2F\" class=\"button cmsmasters-icon-facebook\">Facebook<\/a>\n<\/div>\n<\/div>\n<\/div><\/div>\n<\/div>\n<\/div>\n<\/div>\n<\/div>\n<\/div>\n<div id=\"cmsmasters_row_\" class=\"cmsmasters_row cmsmasters_color_scheme_default cmsmasters_row_top_default cmsmasters_row_bot_default cmsmasters_row_boxed\">\n<div class=\"cmsmasters_row_outer_parent\">\n<div class=\"cmsmasters_row_outer\">\n<div class=\"cmsmasters_row_inner\">\n<div class=\"cmsmasters_row_margin\">\n<div id=\"cmsmasters_column_\" class=\"cmsmasters_column one_first\">\n<div class=\"cmsmasters_column_inner\"><div class=\"cmsmasters_text\">\n<\/div>\n<p>O Centro Cultural UFMG convida para a abertura da exposi\u00e7\u00e3o <strong>\u2018Arquivos para o Imagin\u00e1rio&#8217;<\/strong>, da artista <strong>B\u00e1rbara Elizei<\/strong>, dia 29 de setembro de 2023, sexta-feira, \u00e0s 19 horas. A mostra tem a curadoria do professor Fabr\u00edcio Fernandino e poder\u00e1 ser vista at\u00e9 o dia 5 de novembro de 2023. A entrada \u00e9 gratuita e integra o projeto Escultura no Centro, que destaca os trabalhos tridimensionais desenvolvidos por alunos do curso de Artes Visuais com habilita\u00e7\u00e3o em Escultura da Escola de Belas Artes da UFMG. A classifica\u00e7\u00e3o \u00e9 livre.<\/p>\n<ul>\n<li><strong><span style=\"color: #333399;\"><a style=\"color: #333399;\" href=\"https:\/\/api.whatsapp.com\/send?text=https:\/\/www.ufmg.br\/centrocultural\/barbara-elizei-expoe-escultura-em-chapa-metalica\" target=\"_blank\" rel=\"noopener\">Compartilhe no WhatsApp<\/a><\/span><\/strong><\/li>\n<li><strong><span style=\"color: #333399;\">C<a style=\"color: #333399;\" href=\"https:\/\/telegram.me\/share\/url?url=%20https:\/\/www.ufmg.br\/centrocultural\/barbara-elizei-expoe-escultura-em-chapa-metalica\" target=\"_blank\" rel=\"noopener\">ompartilhe no Telegram<\/a><\/span><\/strong><\/li>\n<\/ul>\n<p><strong>Arquivos para o Imagin\u00e1rio<\/strong><\/p>\n<p>Telhados que se dobram para dentro de suas \u00edntimas casas ou livros que voltam sua face de leitura para a parede? O que compreende a dobra met\u00e1lica caminha entre a forma e a imagina\u00e7\u00e3o. Dispostas em sequ\u00eancia, as chapas criam uma coluna de arquivo para absorver vest\u00edgios de mundos imaginados onde \u00e9 poss\u00edvel adicionar imagens, reorganizar seus limites, observar seus reflexos e seccionar seus assuntos. A partir da superf\u00edcie lisa, a obra estabelece seu convite para formular \u2018Arquivos para o Imagin\u00e1rio\u2019.<\/p>\n<p><strong>A artista<\/strong><\/p>\n<p>Natural de Varginha, Sul de Minas Gerais, B\u00e1rbara Elizei \u00e9 graduanda em Artes Visuais pela Escola de Belas Artes da UFMG, em Belo Horizonte, onde reside atualmente. Desenvolve sua pesquisa no campo da paisagem, onde investiga as territorialidades e expressividades relacionadas \u00e0 cataloga\u00e7\u00e3o e ocupa\u00e7\u00e3o espacial. Em sua trajet\u00f3ria destacam-se a Resid\u00eancia Art\u00edstica LAB Cultural, promovida pelo BDMG; a Exposi\u00e7\u00e3o Coletiva \u2018Luz ao Lado\u2019, com curadoria de Patr\u00edcia Franca-Huchet; a Exposi\u00e7\u00e3o Individual \u2018Imagens para o Futuro do Passado\u2019, vinculada \u00e0 galeria da EBA\/UFMG; a Men\u00e7\u00e3o Honrosa no 6\u00b0 Sal\u00e3o de Artes Visuais de Pinhais, no Paran\u00e1; e a participa\u00e7\u00e3o no 3\u00b0 Sal\u00e3o de Artes de Guararema, em S\u00e3o Paulo.<\/p>\n<p><strong>Escultura no Centro<\/strong><br \/>\nO projeto busca valorizar e expor os trabalhos tridimensionais desenvolvidos pelos graduandos e p\u00f3s-graduandos do curso de Artes Visuais com habilita\u00e7\u00e3o em Escultura da Escola de Belas Artes da UFMG.<\/p>\n<div id=\"cmsmasters_divider_6d10s6ghgh\" class=\"cmsmasters_divider cmsmasters_divider_width_long cmsmasters_divider_pos_center\"><\/div>\n<\/div><\/div>\n<\/div>\n<\/div>\n<\/div>\n<\/div>\n<\/div>\n<div id=\"cmsmasters_row_t3c22q9w6m\" class=\"cmsmasters_row cmsmasters_color_scheme_default cmsmasters_row_top_default cmsmasters_row_bot_default cmsmasters_row_boxed\">\n<div class=\"cmsmasters_row_outer_parent\">\n<div class=\"cmsmasters_row_outer\">\n<div class=\"cmsmasters_row_inner\">\n<div class=\"cmsmasters_row_margin\">\n<div id=\"cmsmasters_column_toijiibenl\" class=\"cmsmasters_column one_first\">\n<div class=\"cmsmasters_column_inner\"><div class=\"cmsmasters_text\">\n<p><strong>Arquivos para o Imagin\u00e1rio | B\u00e1rbara Elizei<\/strong><br \/>\nPer\u00edodo expositivo: 29\/09\/2023 a 05\/11\/2023<br \/>\nTer\u00e7as a sextas: 9h \u00e0s 20h<br \/>\nS\u00e1bados, domingos e feriados: 9h \u00e0s 17h<br \/>\nEspa\u00e7o Expositivo V\u00e3o da Escada<br \/>\nClassifica\u00e7\u00e3o: livre<br \/>\nEntrada gratuita<\/p>\n<p><span style=\"color: #0000ff;\"><strong><a style=\"color: #0000ff;\" href=\"https:\/\/www.google.com.br\/maps\/dir\/\/Av.+Santos+Dumont,+174+-+Centro,+Belo+Horizonte+-+MG,+30111-040\/@-19.9170546,-43.9360151,17z\/data=!4m6!4m5!1m0!1m2!1m1!1s0xa699fbd5aaae01:0xab4780c129fa0883!3e0\">Consulte rotas e meios para chegar<\/a><\/strong><\/span><\/p>\n<\/div>\n<\/div><\/div>\n<\/div>\n<\/div>\n<\/div>\n<\/div>\n<\/div>\n<div id=\"cmsmasters_row_6kvmqaa7i\" class=\"cmsmasters_row cmsmasters_color_scheme_default cmsmasters_row_top_default cmsmasters_row_bot_default cmsmasters_row_boxed\">\n<div class=\"cmsmasters_row_outer_parent\">\n<div class=\"cmsmasters_row_outer\">\n<div class=\"cmsmasters_row_inner\">\n<div class=\"cmsmasters_row_margin\">\n<div id=\"cmsmasters_column_sf8b3oog58\" class=\"cmsmasters_column three_fourth\">\n<div class=\"cmsmasters_column_inner\"><div id=\"cmsmasters_notice_smk9h2u97i\" class=\"cmsmasters_notice cmsmasters_notice_warning cmsmasters-icon-check-1\">\n<a href=\"#\" class=\"notice_close cmsmasters_theme_icon_cancel\"><\/a><div class=\"notice_content\">\n<p>Lembre-se: \u00e9 recomend\u00e1vel o uso de m\u00e1scara nos espa\u00e7os do Centro Cultural UFMG mesmo para imunizados<\/p>\n<\/div>\n<\/div>\n<\/div><\/div>\n<div id=\"cmsmasters_column_ioy14g1s5h\" class=\"cmsmasters_column one_fourth\">\n<div class=\"cmsmasters_column_inner\"><\/div><\/div>\n<\/div>\n<\/div>\n<\/div>\n<\/div>\n<\/div>\n\n","protected":false},"excerpt":{"rendered":"","protected":false},"author":6,"featured_media":25456,"comment_status":"closed","ping_status":"closed","sticky":false,"template":"","format":"standard","meta":{"footnotes":""},"categories":[121,91],"tags":[],"class_list":["post-25452","post","type-post","status-publish","format-standard","has-post-thumbnail","hentry","category-exposicoes","category-noticias"],"_links":{"self":[{"href":"https:\/\/www.ufmg.br\/centrocultural\/wp-json\/wp\/v2\/posts\/25452","targetHints":{"allow":["GET"]}}],"collection":[{"href":"https:\/\/www.ufmg.br\/centrocultural\/wp-json\/wp\/v2\/posts"}],"about":[{"href":"https:\/\/www.ufmg.br\/centrocultural\/wp-json\/wp\/v2\/types\/post"}],"author":[{"embeddable":true,"href":"https:\/\/www.ufmg.br\/centrocultural\/wp-json\/wp\/v2\/users\/6"}],"replies":[{"embeddable":true,"href":"https:\/\/www.ufmg.br\/centrocultural\/wp-json\/wp\/v2\/comments?post=25452"}],"version-history":[{"count":2,"href":"https:\/\/www.ufmg.br\/centrocultural\/wp-json\/wp\/v2\/posts\/25452\/revisions"}],"predecessor-version":[{"id":25458,"href":"https:\/\/www.ufmg.br\/centrocultural\/wp-json\/wp\/v2\/posts\/25452\/revisions\/25458"}],"wp:featuredmedia":[{"embeddable":true,"href":"https:\/\/www.ufmg.br\/centrocultural\/wp-json\/wp\/v2\/media\/25456"}],"wp:attachment":[{"href":"https:\/\/www.ufmg.br\/centrocultural\/wp-json\/wp\/v2\/media?parent=25452"}],"wp:term":[{"taxonomy":"category","embeddable":true,"href":"https:\/\/www.ufmg.br\/centrocultural\/wp-json\/wp\/v2\/categories?post=25452"},{"taxonomy":"post_tag","embeddable":true,"href":"https:\/\/www.ufmg.br\/centrocultural\/wp-json\/wp\/v2\/tags?post=25452"}],"curies":[{"name":"wp","href":"https:\/\/api.w.org\/{rel}","templated":true}]}}