{"id":25472,"date":"2023-10-02T14:48:14","date_gmt":"2023-10-02T17:48:14","guid":{"rendered":"https:\/\/www.ufmg.br\/centrocultural\/?p=25472"},"modified":"2023-11-03T12:06:51","modified_gmt":"2023-11-03T15:06:51","slug":"luiza-alcantara-aponta-para-as-relacoes-entre-corpo-e-desenho-em-exposicao","status":"publish","type":"post","link":"https:\/\/www.ufmg.br\/centrocultural\/luiza-alcantara-aponta-para-as-relacoes-entre-corpo-e-desenho-em-exposicao\/","title":{"rendered":"Luiza Alc\u00e2ntara aponta para as rela\u00e7\u00f5es entre corpo e desenho em exposi\u00e7\u00e3o"},"content":{"rendered":"<div id=\"cmsmasters_row_byrp52m1lu\" class=\"cmsmasters_row cmsmasters_color_scheme_default cmsmasters_row_top_default cmsmasters_row_bot_default cmsmasters_row_boxed\">\n<div class=\"cmsmasters_row_outer_parent\">\n<div class=\"cmsmasters_row_outer\">\n<div class=\"cmsmasters_row_inner\">\n<div class=\"cmsmasters_row_margin\">\n<div id=\"cmsmasters_column_i24cwt1pcl\" class=\"cmsmasters_column one_first\">\n<div class=\"cmsmasters_column_inner\">\n<div class=\"cmsmasters_sharing\">\n<div class=\"share_wrap\">\n<a href=\"https:\/\/twitter.com\/intent\/tweet?text=Check+out+%27Luiza+Alc%C3%A2ntara+aponta+para+as+rela%C3%A7%C3%B5es+entre+corpo+e+desenho+em+exposi%C3%A7%C3%A3o%27+on+Centro+Cultural++UFMG+website&url=https%3A%2F%2Fwww.ufmg.br%2Fcentrocultural%2Fluiza-alcantara-aponta-para-as-relacoes-entre-corpo-e-desenho-em-exposicao%2F\" class=\"button cmsmasters-icon-twitter\">Twitter<\/a>\n<\/div>\n<div class=\"share_wrap\">\n<a href=\"https:\/\/www.facebook.com\/sharer\/sharer.php?display=popup&u=https%3A%2F%2Fwww.ufmg.br%2Fcentrocultural%2Fluiza-alcantara-aponta-para-as-relacoes-entre-corpo-e-desenho-em-exposicao%2F\" class=\"button cmsmasters-icon-facebook\">Facebook<\/a>\n<\/div>\n<\/div>\n<\/div><\/div>\n<\/div>\n<\/div>\n<\/div>\n<\/div>\n<\/div>\n<div id=\"cmsmasters_row_\" class=\"cmsmasters_row cmsmasters_color_scheme_default cmsmasters_row_top_default cmsmasters_row_bot_default cmsmasters_row_boxed\">\n<div class=\"cmsmasters_row_outer_parent\">\n<div class=\"cmsmasters_row_outer\">\n<div class=\"cmsmasters_row_inner\">\n<div class=\"cmsmasters_row_margin\">\n<div id=\"cmsmasters_column_\" class=\"cmsmasters_column one_first\">\n<div class=\"cmsmasters_column_inner\"><div class=\"cmsmasters_text\">\n<\/div>\n<p>O Centro Cultural UFMG convida para a abertura da exposi\u00e7\u00e3o <strong>\u2018O tempo da dura\u00e7\u00e3o\u2019<\/strong>, da artista <strong>Luiza Alc\u00e2ntara<\/strong>, na sexta-feira, dia 6 de outubro de 2023, \u00e0s 19 horas. A mostra poder\u00e1 ser vista at\u00e9 12 de novembro de 2023. A entrada \u00e9 gratuita e tem classifica\u00e7\u00e3o livre.<\/p>\n<ul>\n<li><strong><span style=\"color: #333399;\"><a style=\"color: #333399;\" href=\"https:\/\/api.whatsapp.com\/send?text=https:\/\/www.ufmg.br\/centrocultural\/luiza-alcantara-aponta-para-as-relacoes-entre-corpo-e-desenho-em-exposicao\" target=\"_blank\" rel=\"noopener\">Compartilhe no WhatsApp<\/a><\/span><\/strong><\/li>\n<li><strong><span style=\"color: #333399;\">C<a style=\"color: #333399;\" href=\"https:\/\/telegram.me\/share\/url?url=%20https:\/\/www.ufmg.br\/centrocultural\/luiza-alcantara-aponta-para-as-relacoes-entre-corpo-e-desenho-em-exposicao\" target=\"_blank\" rel=\"noopener\">ompartilhe no Telegram<\/a><\/span><\/strong><\/li>\n<\/ul>\n<p>Em \u2018O tempo da dura\u00e7\u00e3o\u2019 a artista aponta para as rela\u00e7\u00f5es entre o corpo, o desenho e as quest\u00f5es arquitet\u00f4nicas da sala Celso Renato de Lima do Centro Cultural UFMG, parte integrante do complexo arquitet\u00f4nico da Pra\u00e7a da Esta\u00e7\u00e3o, trazendo duas obras como proposta de ocupa\u00e7\u00e3o desse espa\u00e7o.<\/p>\n<p>A primeira constitui-se de uma instala\u00e7\u00e3o em que o piso da galeria \u00e9 recoberto por papel branco, permanecendo uma pequena faixa do piso em madeira no entorno de todo o per\u00edmetro da sala, evidenciando o desenho de sua planta baixa.<\/p>\n<p>Em di\u00e1logo com a instala\u00e7\u00e3o, Luiza executar\u00e1 uma caminhada sobre essa \u00fanica faixa de ch\u00e3o descoberta, guiada pelo som de um metr\u00f4nomo anal\u00f3gico, que marca o compasso do tempo e a r\u00edtmica que cadencia o vazio e o sil\u00eancio.<\/p>\n<p>O trabalho busca evidenciar o deslocamento no espa\u00e7o delimitado pelo desenho da sala, os tempos de respira\u00e7\u00e3o e de locomo\u00e7\u00e3o entre os membros do corpo, assim como o desenho do lugar que o corpo cont\u00e9m e redesenha em seu movimento.<\/p>\n<p><strong>Luiza Alc\u00e2ntara<\/strong> \u00e9 uma artista mineira que tem no desenho seu m\u00e9todo de investiga\u00e7\u00e3o e produ\u00e7\u00e3o art\u00edstica. Mestre em Artes pela UEMG, busca retratar em suas produ\u00e7\u00f5es as percep\u00e7\u00f5es individuais sobre espa\u00e7os e lugares junto aos elementos que os constituem.<\/p>\n<div id=\"cmsmasters_divider_6d10s6ghgh\" class=\"cmsmasters_divider cmsmasters_divider_width_long cmsmasters_divider_pos_center\"><\/div>\n<\/div><\/div>\n<\/div>\n<\/div>\n<\/div>\n<\/div>\n<\/div>\n<div id=\"cmsmasters_row_t3c22q9w6m\" class=\"cmsmasters_row cmsmasters_color_scheme_default cmsmasters_row_top_default cmsmasters_row_bot_default cmsmasters_row_boxed\">\n<div class=\"cmsmasters_row_outer_parent\">\n<div class=\"cmsmasters_row_outer\">\n<div class=\"cmsmasters_row_inner\">\n<div class=\"cmsmasters_row_margin\">\n<div id=\"cmsmasters_column_toijiibenl\" class=\"cmsmasters_column one_first\">\n<div class=\"cmsmasters_column_inner\"><div class=\"cmsmasters_text\">\n<p><strong>Exposi\u00e7\u00e3o \u2018O tempo da dura\u00e7\u00e3o\u2019 \u2013 Luiza Alc\u00e2ntara<\/strong><br \/>\nAbertura: 06 de outubro de 2023 | \u00e0s 19 horas<br \/>\nVisita\u00e7\u00e3o: at\u00e9 o dia 12\/11\/2023<br \/>\nTer\u00e7as a sextas: 9h \u00e0s 20h<br \/>\nS\u00e1bados, domingos e feriados: 9h \u00e0s 17h<br \/>\nSala Celso Renato de Lima<br \/>\nClassifica\u00e7\u00e3o indicativa: livre<br \/>\nEntrada gratuita<\/p>\n<p><span style=\"color: #0000ff;\"><strong><a style=\"color: #0000ff;\" href=\"https:\/\/www.google.com.br\/maps\/dir\/\/Av.+Santos+Dumont,+174+-+Centro,+Belo+Horizonte+-+MG,+30111-040\/@-19.9170546,-43.9360151,17z\/data=!4m6!4m5!1m0!1m2!1m1!1s0xa699fbd5aaae01:0xab4780c129fa0883!3e0\">Consulte rotas e meios para chegar<\/a><\/strong><\/span><\/p>\n<\/div>\n<\/div><\/div>\n<\/div>\n<\/div>\n<\/div>\n<\/div>\n<\/div>\n<div id=\"cmsmasters_row_6kvmqaa7i\" class=\"cmsmasters_row cmsmasters_color_scheme_default cmsmasters_row_top_default cmsmasters_row_bot_default cmsmasters_row_boxed\">\n<div class=\"cmsmasters_row_outer_parent\">\n<div class=\"cmsmasters_row_outer\">\n<div class=\"cmsmasters_row_inner\">\n<div class=\"cmsmasters_row_margin\">\n<div id=\"cmsmasters_column_sf8b3oog58\" class=\"cmsmasters_column three_fourth\">\n<div class=\"cmsmasters_column_inner\"><div id=\"cmsmasters_notice_smk9h2u97i\" class=\"cmsmasters_notice cmsmasters_notice_warning cmsmasters-icon-check-1\">\n<a href=\"#\" class=\"notice_close cmsmasters_theme_icon_cancel\"><\/a><div class=\"notice_content\">\n<p>Lembre-se: \u00e9 recomend\u00e1vel o uso de m\u00e1scara nos espa\u00e7os do Centro Cultural UFMG mesmo para imunizados<\/p>\n<\/div>\n<\/div>\n<\/div><\/div>\n<div id=\"cmsmasters_column_ioy14g1s5h\" class=\"cmsmasters_column one_fourth\">\n<div class=\"cmsmasters_column_inner\"><\/div><\/div>\n<\/div>\n<\/div>\n<\/div>\n<\/div>\n<\/div>\n\n","protected":false},"excerpt":{"rendered":"","protected":false},"author":6,"featured_media":25473,"comment_status":"closed","ping_status":"closed","sticky":false,"template":"","format":"standard","meta":{"footnotes":""},"categories":[121,91],"tags":[],"class_list":["post-25472","post","type-post","status-publish","format-standard","has-post-thumbnail","hentry","category-exposicoes","category-noticias"],"_links":{"self":[{"href":"https:\/\/www.ufmg.br\/centrocultural\/wp-json\/wp\/v2\/posts\/25472","targetHints":{"allow":["GET"]}}],"collection":[{"href":"https:\/\/www.ufmg.br\/centrocultural\/wp-json\/wp\/v2\/posts"}],"about":[{"href":"https:\/\/www.ufmg.br\/centrocultural\/wp-json\/wp\/v2\/types\/post"}],"author":[{"embeddable":true,"href":"https:\/\/www.ufmg.br\/centrocultural\/wp-json\/wp\/v2\/users\/6"}],"replies":[{"embeddable":true,"href":"https:\/\/www.ufmg.br\/centrocultural\/wp-json\/wp\/v2\/comments?post=25472"}],"version-history":[{"count":2,"href":"https:\/\/www.ufmg.br\/centrocultural\/wp-json\/wp\/v2\/posts\/25472\/revisions"}],"predecessor-version":[{"id":25475,"href":"https:\/\/www.ufmg.br\/centrocultural\/wp-json\/wp\/v2\/posts\/25472\/revisions\/25475"}],"wp:featuredmedia":[{"embeddable":true,"href":"https:\/\/www.ufmg.br\/centrocultural\/wp-json\/wp\/v2\/media\/25473"}],"wp:attachment":[{"href":"https:\/\/www.ufmg.br\/centrocultural\/wp-json\/wp\/v2\/media?parent=25472"}],"wp:term":[{"taxonomy":"category","embeddable":true,"href":"https:\/\/www.ufmg.br\/centrocultural\/wp-json\/wp\/v2\/categories?post=25472"},{"taxonomy":"post_tag","embeddable":true,"href":"https:\/\/www.ufmg.br\/centrocultural\/wp-json\/wp\/v2\/tags?post=25472"}],"curies":[{"name":"wp","href":"https:\/\/api.w.org\/{rel}","templated":true}]}}