{"id":25482,"date":"2023-10-16T14:22:41","date_gmt":"2023-10-16T17:22:41","guid":{"rendered":"https:\/\/www.ufmg.br\/centrocultural\/?p=25482"},"modified":"2023-10-16T14:52:55","modified_gmt":"2023-10-16T17:52:55","slug":"projeto-cinecentro-recebe-propostas-para-exibicoes-cinematograficas-2","status":"publish","type":"post","link":"https:\/\/www.ufmg.br\/centrocultural\/projeto-cinecentro-recebe-propostas-para-exibicoes-cinematograficas-2\/","title":{"rendered":"Projeto CineCentro recebe propostas para exibi\u00e7\u00f5es cinematogr\u00e1ficas"},"content":{"rendered":"<div id=\"cmsmasters_row_byrp52m1lu\" class=\"cmsmasters_row cmsmasters_color_scheme_default cmsmasters_row_top_default cmsmasters_row_bot_default cmsmasters_row_boxed\">\n<div class=\"cmsmasters_row_outer_parent\">\n<div class=\"cmsmasters_row_outer\">\n<div class=\"cmsmasters_row_inner\">\n<div class=\"cmsmasters_row_margin\">\n<div id=\"cmsmasters_column_i24cwt1pcl\" class=\"cmsmasters_column one_first\">\n<div class=\"cmsmasters_column_inner\">\n<div class=\"cmsmasters_sharing\">\n<div class=\"share_wrap\">\n<a href=\"https:\/\/twitter.com\/intent\/tweet?text=Check+out+%27Projeto+CineCentro+recebe+propostas+para+exibi%C3%A7%C3%B5es+cinematogr%C3%A1ficas%27+on+Centro+Cultural++UFMG+website&url=https%3A%2F%2Fwww.ufmg.br%2Fcentrocultural%2Fprojeto-cinecentro-recebe-propostas-para-exibicoes-cinematograficas-2%2F\" class=\"button cmsmasters-icon-twitter\">Twitter<\/a>\n<\/div>\n<div class=\"share_wrap\">\n<a href=\"https:\/\/www.facebook.com\/sharer\/sharer.php?display=popup&u=https%3A%2F%2Fwww.ufmg.br%2Fcentrocultural%2Fprojeto-cinecentro-recebe-propostas-para-exibicoes-cinematograficas-2%2F\" class=\"button cmsmasters-icon-facebook\">Facebook<\/a>\n<\/div>\n<\/div>\n<\/div><\/div>\n<\/div>\n<\/div>\n<\/div>\n<\/div>\n<\/div>\n<div id=\"cmsmasters_row_\" class=\"cmsmasters_row cmsmasters_color_scheme_default cmsmasters_row_top_default cmsmasters_row_bot_default cmsmasters_row_boxed\">\n<div class=\"cmsmasters_row_outer_parent\">\n<div class=\"cmsmasters_row_outer\">\n<div class=\"cmsmasters_row_inner\">\n<div class=\"cmsmasters_row_margin\">\n<div id=\"cmsmasters_column_\" class=\"cmsmasters_column one_first\">\n<div class=\"cmsmasters_column_inner\"><div class=\"cmsmasters_text\">\n<p>Est\u00e1 aberta, no per\u00edodo de 18 de setembro a 5 de novembro de 2023, a inscri\u00e7\u00e3o de propostas para exibi\u00e7\u00f5es cinematogr\u00e1ficas no Centro Cultural UFMG em 2024. Podem participar docentes, discentes e TAEs da UFMG, projetos de ensino, pesquisa e extens\u00e3o da UFMG, grupos de estudo, ONGs, produtoras, institui\u00e7\u00f5es p\u00fablicas ou privadas, cineastas, curadores e demais interessados na \u00e1rea.<\/p>\n<p>A inscri\u00e7\u00e3o deve ser feita exclusivamente pelo e-mail projetos@centrocultural.ufmg.br. Ficha de inscri\u00e7\u00e3o e informa\u00e7\u00f5es completas do processo de sele\u00e7\u00e3o devem ser consultados na Chamada P\u00fablica 003\/2023.<\/p>\n<ul>\n<li><strong><span style=\"color: #333399;\"><a style=\"color: #333399;\" href=\"https:\/\/api.whatsapp.com\/send?text=https:\/\/www.ufmg.br\/centrocultural\/projeto-cinecentro-recebe-propostas-para-exibicoes-cinematograficas-2\" target=\"_blank\" rel=\"noopener\">Compartilhe no WhatsApp<\/a><\/span><\/strong><\/li>\n<li><strong><span style=\"color: #333399;\">C<a style=\"color: #333399;\" href=\"https:\/\/telegram.me\/share\/url?url=%20https:\/\/www.ufmg.br\/centrocultural\/projeto-cinecentro-recebe-propostas-para-exibicoes-cinematograficas-2\" target=\"_blank\" rel=\"noopener\">ompartilhe no Telegram<\/a><\/span><\/strong><\/li>\n<\/ul>\n<p><strong>Apoio<\/strong><\/p>\n<p>De acordo com a Chamada p\u00fablica, ser\u00e3o consideradas propostas de mostras presenciais, virtuais e h\u00edbridas.<\/p>\n<p>Elas receber\u00e3o apoio do Centro Cultural UFMG por meio da cess\u00e3o do espa\u00e7o, apoio t\u00e9cnico e divulga\u00e7\u00e3o do evento. N\u00e3o haver\u00e1 o pagamento de pr\u00f3-labore, cach\u00ea, cobran\u00e7a de ingresso ou outra disposi\u00e7\u00e3o de recurso financeiro do Centro Cultural UFMG para o proponente executar o evento.\u2006 \u2006 As propostas selecionadas estar\u00e3o vinculadas ao Projeto Cinecentro, que tem as caracter\u00edsticas de um Cineclube e v\u00e3o compor a programa\u00e7\u00e3o do Centro Cultural UFMG no per\u00edodo de mar\u00e7o a dezembro de 2024.<br \/>\nAs sess\u00f5es ser\u00e3o realizadas nas quartas ou quintas-feiras, entre 10h e 19h, com encerramento no m\u00e1ximo \u00e0s 21h.<\/p>\n<p><strong>Sele\u00e7\u00e3o<\/strong><\/p>\n<p>De acordo com a Chamada P\u00fablica, uma Comiss\u00e3o de Sele\u00e7\u00e3o vai avaliar as propostas segundo os crit\u00e9rios: documenta\u00e7\u00e3o completa, qualidade art\u00edstica e cultural da proposta, viabilidade operacional e log\u00edstica, adequa\u00e7\u00e3o ao espa\u00e7o e condi\u00e7\u00f5es t\u00e9cnicas, originalidade da proposta e identidade conceitual da proposta de acordo com o objeto descrito na Chamada P\u00fablica.<\/p>\n<p>A divulga\u00e7\u00e3o da sele\u00e7\u00e3o est\u00e1 programada para o dia 14 de dezembro de 2023.<\/p>\n<p><strong>Datas<\/strong><\/p>\n<p>Inscri\u00e7\u00e3o: 18\/09 a 05\/11\/2023<br \/>\nSele\u00e7\u00e3o: 13\/11 a 24\/11\/2023<br \/>\nDivulga\u00e7\u00e3o: 14\/12\/2023<\/p>\n<p><strong>Chamada p\u00fablica<\/strong><\/p>\n<p>Arquivo da Chamada:<\/p>\n<p><span style=\"color: #000080;\"><strong><a style=\"color: #000080;\" href=\"https:\/\/www.ufmg.br\/centrocultural\/wp-content\/uploads\/2023\/09\/chamada-003-2023-2024-cinecentro.pdf\" target=\"_blank\" rel=\"noopener\">https:\/\/www.ufmg.br\/centrocultural\/wp-content\/uploads\/2023\/09\/chamada-003-2023-2024-cinecentro.pdf<\/a><\/strong><\/span><\/p>\n<\/div>\n<\/div><\/div>\n<\/div>\n<\/div>\n<\/div>\n<\/div>\n<\/div>\n<div id=\"cmsmasters_row_omwx088mvk\" class=\"cmsmasters_row cmsmasters_color_scheme_default cmsmasters_row_top_default cmsmasters_row_bot_default cmsmasters_row_boxed\">\n<div class=\"cmsmasters_row_outer_parent\">\n<div class=\"cmsmasters_row_outer\">\n<div class=\"cmsmasters_row_inner\">\n<div class=\"cmsmasters_row_margin\">\n<div id=\"cmsmasters_column_af3a67039i\" class=\"cmsmasters_column one_first\">\n<div class=\"cmsmasters_column_inner\">\n<div id=\"cmsmasters_divider_6d10s6ghgh\" class=\"cmsmasters_divider cmsmasters_divider_width_long cmsmasters_divider_pos_center\"><\/div>\n<\/div><\/div>\n<\/div>\n<\/div>\n<\/div>\n<\/div>\n<\/div>\n<div id=\"cmsmasters_row_t3c22q9w6m\" class=\"cmsmasters_row cmsmasters_color_scheme_default cmsmasters_row_top_default cmsmasters_row_bot_default cmsmasters_row_boxed\">\n<div class=\"cmsmasters_row_outer_parent\">\n<div class=\"cmsmasters_row_outer\">\n<div class=\"cmsmasters_row_inner\">\n<div class=\"cmsmasters_row_margin\">\n<div id=\"cmsmasters_column_toijiibenl\" class=\"cmsmasters_column one_first\">\n<div class=\"cmsmasters_column_inner\"><div class=\"cmsmasters_text\">\n<\/div>\n<\/div><\/div>\n<\/div>\n<\/div>\n<\/div>\n<\/div>\n<\/div>\n<div id=\"cmsmasters_row_6kvmqaa7i\" class=\"cmsmasters_row cmsmasters_color_scheme_default cmsmasters_row_top_default cmsmasters_row_bot_default cmsmasters_row_boxed\">\n<div class=\"cmsmasters_row_outer_parent\">\n<div class=\"cmsmasters_row_outer\">\n<div class=\"cmsmasters_row_inner\">\n<div class=\"cmsmasters_row_margin\">\n<div id=\"cmsmasters_column_sf8b3oog58\" class=\"cmsmasters_column three_fourth\">\n<div class=\"cmsmasters_column_inner\"><div id=\"cmsmasters_notice_smk9h2u97i\" class=\"cmsmasters_notice cmsmasters_notice_warning cmsmasters-icon-check-1\">\n<a href=\"#\" class=\"notice_close cmsmasters_theme_icon_cancel\"><\/a><div class=\"notice_content\">\n<p>Lembre-se: \u00e9 recomend\u00e1vel o uso de m\u00e1scara nos espa\u00e7os do Centro Cultural UFMG mesmo para imunizados<\/p>\n<\/div>\n<\/div>\n<\/div><\/div>\n<div id=\"cmsmasters_column_ioy14g1s5h\" class=\"cmsmasters_column one_fourth\">\n<div class=\"cmsmasters_column_inner\"><\/div><\/div>\n<\/div>\n<\/div>\n<\/div>\n<\/div>\n<\/div>\n\n","protected":false},"excerpt":{"rendered":"","protected":false},"author":6,"featured_media":25483,"comment_status":"closed","ping_status":"closed","sticky":false,"template":"","format":"standard","meta":{"footnotes":""},"categories":[55,91],"tags":[],"class_list":["post-25482","post","type-post","status-publish","format-standard","has-post-thumbnail","hentry","category-cinecentro","category-noticias"],"_links":{"self":[{"href":"https:\/\/www.ufmg.br\/centrocultural\/wp-json\/wp\/v2\/posts\/25482","targetHints":{"allow":["GET"]}}],"collection":[{"href":"https:\/\/www.ufmg.br\/centrocultural\/wp-json\/wp\/v2\/posts"}],"about":[{"href":"https:\/\/www.ufmg.br\/centrocultural\/wp-json\/wp\/v2\/types\/post"}],"author":[{"embeddable":true,"href":"https:\/\/www.ufmg.br\/centrocultural\/wp-json\/wp\/v2\/users\/6"}],"replies":[{"embeddable":true,"href":"https:\/\/www.ufmg.br\/centrocultural\/wp-json\/wp\/v2\/comments?post=25482"}],"version-history":[{"count":3,"href":"https:\/\/www.ufmg.br\/centrocultural\/wp-json\/wp\/v2\/posts\/25482\/revisions"}],"predecessor-version":[{"id":25487,"href":"https:\/\/www.ufmg.br\/centrocultural\/wp-json\/wp\/v2\/posts\/25482\/revisions\/25487"}],"wp:featuredmedia":[{"embeddable":true,"href":"https:\/\/www.ufmg.br\/centrocultural\/wp-json\/wp\/v2\/media\/25483"}],"wp:attachment":[{"href":"https:\/\/www.ufmg.br\/centrocultural\/wp-json\/wp\/v2\/media?parent=25482"}],"wp:term":[{"taxonomy":"category","embeddable":true,"href":"https:\/\/www.ufmg.br\/centrocultural\/wp-json\/wp\/v2\/categories?post=25482"},{"taxonomy":"post_tag","embeddable":true,"href":"https:\/\/www.ufmg.br\/centrocultural\/wp-json\/wp\/v2\/tags?post=25482"}],"curies":[{"name":"wp","href":"https:\/\/api.w.org\/{rel}","templated":true}]}}