{"id":25862,"date":"2024-03-05T16:00:23","date_gmt":"2024-03-05T19:00:23","guid":{"rendered":"https:\/\/www.ufmg.br\/centrocultural\/?p=25862"},"modified":"2024-03-05T16:00:23","modified_gmt":"2024-03-05T19:00:23","slug":"barbara-rigamonte-expressa-suas-emocoes-atraves-da-pintura","status":"publish","type":"post","link":"https:\/\/www.ufmg.br\/centrocultural\/barbara-rigamonte-expressa-suas-emocoes-atraves-da-pintura\/","title":{"rendered":"B\u00e1rbara Rigamonte expressa suas emo\u00e7\u00f5es atrav\u00e9s da pintura"},"content":{"rendered":"<div id=\"cmsmasters_row_byrp52m1lu\" class=\"cmsmasters_row cmsmasters_color_scheme_default cmsmasters_row_top_default cmsmasters_row_bot_default cmsmasters_row_boxed\">\n<div class=\"cmsmasters_row_outer_parent\">\n<div class=\"cmsmasters_row_outer\">\n<div class=\"cmsmasters_row_inner\">\n<div class=\"cmsmasters_row_margin\">\n<div id=\"cmsmasters_column_i24cwt1pcl\" class=\"cmsmasters_column one_first\">\n<div class=\"cmsmasters_column_inner\">\n<div class=\"cmsmasters_sharing\">\n<div class=\"share_wrap\">\n<a href=\"https:\/\/twitter.com\/intent\/tweet?text=Check+out+%27B%C3%A1rbara+Rigamonte+expressa+suas+emo%C3%A7%C3%B5es+atrav%C3%A9s+da+pintura%27+on+Centro+Cultural++UFMG+website&url=https%3A%2F%2Fwww.ufmg.br%2Fcentrocultural%2Fbarbara-rigamonte-expressa-suas-emocoes-atraves-da-pintura%2F\" class=\"button cmsmasters-icon-twitter\">Twitter<\/a>\n<\/div>\n<div class=\"share_wrap\">\n<a href=\"https:\/\/www.facebook.com\/sharer\/sharer.php?display=popup&u=https%3A%2F%2Fwww.ufmg.br%2Fcentrocultural%2Fbarbara-rigamonte-expressa-suas-emocoes-atraves-da-pintura%2F\" class=\"button cmsmasters-icon-facebook\">Facebook<\/a>\n<\/div>\n<\/div>\n<\/div><\/div>\n<\/div>\n<\/div>\n<\/div>\n<\/div>\n<\/div>\n<div id=\"cmsmasters_row_\" class=\"cmsmasters_row cmsmasters_color_scheme_default cmsmasters_row_top_default cmsmasters_row_bot_default cmsmasters_row_boxed\">\n<div class=\"cmsmasters_row_outer_parent\">\n<div class=\"cmsmasters_row_outer\">\n<div class=\"cmsmasters_row_inner\">\n<div class=\"cmsmasters_row_margin\">\n<div id=\"cmsmasters_column_\" class=\"cmsmasters_column one_first\">\n<div class=\"cmsmasters_column_inner\"><div class=\"cmsmasters_text\">\n<\/div>\n<p>O Centro Cultural UFMG convida para a abertura da exposi\u00e7\u00e3o \u2018Um Vazio no Meu Quarto\u2019, da artista B\u00e1rbara Rigamonte, na segunda-feira, dia 11 de mar\u00e7o de 2024, \u00e0s 18 horas. A mostra apresenta uma s\u00e9rie de nove telas em tinta acr\u00edlica que destacam emo\u00e7\u00f5es mesmo na aus\u00eancia de uma figura humana. As obras poder\u00e3o ser vistas at\u00e9 21 de abril de 2024. O evento integra a programa\u00e7\u00e3o do <a href=\"https:\/\/www.ufmg.br\/festivaldeverao\/\" target=\"_blank\" rel=\"noopener\"><span style=\"text-decoration: underline; color: #000080;\"><strong>18\u00ba Festival de Ver\u00e3o UFMG<\/strong><\/span><\/a>. A entrada \u00e9 gratuita e tem classifica\u00e7\u00e3o indicativa de 14 anos.<\/p>\n<ul>\n<li><strong><span style=\"color: #333399;\"><a style=\"color: #333399;\" href=\"https:\/\/api.whatsapp.com\/send?text=https:\/\/www.ufmg.br\/centrocultural\/barbara-rigamonte-expressa-suas-emocoes-atraves-da-pintura\" target=\"_blank\" rel=\"noopener\">Compartilhe no WhatsApp<\/a><\/span><\/strong><\/li>\n<li><strong><span style=\"color: #333399;\">C<a style=\"color: #333399;\" href=\"https:\/\/telegram.me\/share\/url?url=%20https:\/\/www.ufmg.br\/centrocultural\/barbara-rigamonte-expressa-suas-emocoes-atraves-da-pintura\" target=\"_blank\" rel=\"noopener\">ompartilhe no Telegram<\/a><\/span><\/strong><\/li>\n<\/ul>\n<p>Inspirada pela an\u00e1lise sens\u00edvel do fil\u00f3sofo e poeta franc\u00eas Gaston Bachelard a respeito dos espa\u00e7os de uma casa, atrav\u00e9s da obra \u2018A Po\u00e9tica do Espa\u00e7o\u2019, B\u00e1rbara Rigamonte traz e aprofunda esse pensamento para o seu quarto, local em que ela declara ser seu \u00edntimo, seu microcosmo, ambiente que lhe permite transpor sentimentos e lembran\u00e7as.<\/p>\n<p>As obras que comp\u00f5em a exposi\u00e7\u00e3o, segundo a artista, t\u00eam o prop\u00f3sito de transpor esses sentimentos, sem a necessidade de retratar express\u00f5es faciais, instigando o p\u00fablico \u00e0 \u2018despertar do caos\u2019 de seu cotidiano. Atrav\u00e9s das cores e da disposi\u00e7\u00e3o dos objetos, a artista trabalha t\u00e9cnicas de luz e sombra, de forma a sugerir a sensa\u00e7\u00e3o de estar s\u00f3. A aus\u00eancia da figura humana \u00e9 uma marca da s\u00e9rie, ainda que esteja subentendida a presen\u00e7a de pessoas na cena pintada.<\/p>\n<p>\u201cCom a s\u00e9rie tenho a possibilidade de externar o fato da arte ter mudado a minha percep\u00e7\u00e3o do mundo e como os artistas que me inspiram me fazem refletir, me instigam ao aperfei\u00e7oamento e ao cont\u00ednuo estudo de suas obras\u201d, diz a artista pl\u00e1stica.<\/p>\n<p>Por interm\u00e9dio da pintura, B\u00e1rbara revela que expressa suas emo\u00e7\u00f5es de forma singular, o que te proporciona um fortalecimento interpessoal. \u201cA pintura tem o dom de fazer com que eu preencha as lacunas de minha vida e me d\u00e1 esperan\u00e7as, j\u00e1 que \u00e9 onde me encontro comigo mesma, \u00e9 a a\u00e7\u00e3o que me remete a um lugar imperturb\u00e1vel\u201d, explica.<\/p>\n<p><strong>B\u00e1rbara Rigamonte<\/strong> \u00e9 belo-horizontina e encontrou nas artes pl\u00e1sticas uma oportunidade para mostrar a sua realidade, o seu cotidiano e tudo o que gira em torno disso, buscando criar vertentes para assuntos ligados ao comportamento de cada indiv\u00edduo, sobretudo com a sa\u00fade mental. Considera a arte um meio de a\u00e7\u00e3o social e n\u00e3o somente uma atividade terap\u00eautica, que delineia sua vida e sua profiss\u00e3o.<\/p>\n<div id=\"cmsmasters_divider_6d10s6ghgh\" class=\"cmsmasters_divider cmsmasters_divider_width_long cmsmasters_divider_pos_center\"><\/div>\n<\/div><\/div>\n<\/div>\n<\/div>\n<\/div>\n<\/div>\n<\/div>\n<div id=\"cmsmasters_row_t3c22q9w6m\" class=\"cmsmasters_row cmsmasters_color_scheme_default cmsmasters_row_top_default cmsmasters_row_bot_default cmsmasters_row_boxed\">\n<div class=\"cmsmasters_row_outer_parent\">\n<div class=\"cmsmasters_row_outer\">\n<div class=\"cmsmasters_row_inner\">\n<div class=\"cmsmasters_row_margin\">\n<div id=\"cmsmasters_column_toijiibenl\" class=\"cmsmasters_column one_first\">\n<div class=\"cmsmasters_column_inner\"><div class=\"cmsmasters_text\">\n<p><strong>Exposi\u00e7\u00e3o \u2018Um Vazio no Meu Quarto\u2019 \u2013 B\u00e1rbara Rigamonte<\/strong><br \/>\nAbertura: 11 de mar\u00e7o de 2024 | \u00e0s 18 horas<br \/>\nVisita\u00e7\u00e3o: at\u00e9 o dia 21\/04\/2024<br \/>\nTer\u00e7as a sextas: 9h \u00e0s 20h<br \/>\nS\u00e1bados, domingos e feriados: 9h \u00e0s 17h<br \/>\nSala Ana Horta<br \/>\nClassifica\u00e7\u00e3o indicativa: livre<br \/>\nEntrada gratuita<\/p>\n<p><span style=\"color: #0000ff;\"><strong><a style=\"color: #0000ff;\" href=\"https:\/\/www.google.com.br\/maps\/dir\/\/Av.+Santos+Dumont,+174+-+Centro,+Belo+Horizonte+-+MG,+30111-040\/@-19.9170546,-43.9360151,17z\/data=!4m6!4m5!1m0!1m2!1m1!1s0xa699fbd5aaae01:0xab4780c129fa0883!3e0\" target=\"_blank\" rel=\"noopener\">Consulte rotas e meios para chegar<\/a><\/strong><\/span><\/p>\n<\/div>\n<\/div><\/div>\n<\/div>\n<\/div>\n<\/div>\n<\/div>\n<\/div>\n<div id=\"cmsmasters_row_6kvmqaa7i\" class=\"cmsmasters_row cmsmasters_color_scheme_default cmsmasters_row_top_default cmsmasters_row_bot_default cmsmasters_row_boxed\">\n<div class=\"cmsmasters_row_outer_parent\">\n<div class=\"cmsmasters_row_outer\">\n<div class=\"cmsmasters_row_inner\">\n<div class=\"cmsmasters_row_margin\">\n<div id=\"cmsmasters_column_sf8b3oog58\" class=\"cmsmasters_column three_fourth\">\n<div class=\"cmsmasters_column_inner\"><div id=\"cmsmasters_notice_smk9h2u97i\" class=\"cmsmasters_notice cmsmasters_notice_warning cmsmasters-icon-check-1\">\n<a href=\"#\" class=\"notice_close cmsmasters_theme_icon_cancel\"><\/a><div class=\"notice_content\">\n<p>Lembre-se: \u00e9 recomend\u00e1vel o uso de m\u00e1scara nos espa\u00e7os do Centro Cultural UFMG mesmo para imunizados<\/p>\n<\/div>\n<\/div>\n<\/div><\/div>\n<div id=\"cmsmasters_column_ioy14g1s5h\" class=\"cmsmasters_column one_fourth\">\n<div class=\"cmsmasters_column_inner\"><\/div><\/div>\n<\/div>\n<\/div>\n<\/div>\n<\/div>\n<\/div>\n\n","protected":false},"excerpt":{"rendered":"","protected":false},"author":6,"featured_media":25863,"comment_status":"closed","ping_status":"closed","sticky":false,"template":"","format":"standard","meta":{"footnotes":""},"categories":[121,91],"tags":[163,135,160,122,96],"class_list":["post-25862","post","type-post","status-publish","format-standard","has-post-thumbnail","hentry","category-exposicoes","category-noticias","tag-arte","tag-artecontemporanea","tag-artesplasticas","tag-exposicao","tag-festivaldeverao"],"_links":{"self":[{"href":"https:\/\/www.ufmg.br\/centrocultural\/wp-json\/wp\/v2\/posts\/25862","targetHints":{"allow":["GET"]}}],"collection":[{"href":"https:\/\/www.ufmg.br\/centrocultural\/wp-json\/wp\/v2\/posts"}],"about":[{"href":"https:\/\/www.ufmg.br\/centrocultural\/wp-json\/wp\/v2\/types\/post"}],"author":[{"embeddable":true,"href":"https:\/\/www.ufmg.br\/centrocultural\/wp-json\/wp\/v2\/users\/6"}],"replies":[{"embeddable":true,"href":"https:\/\/www.ufmg.br\/centrocultural\/wp-json\/wp\/v2\/comments?post=25862"}],"version-history":[{"count":1,"href":"https:\/\/www.ufmg.br\/centrocultural\/wp-json\/wp\/v2\/posts\/25862\/revisions"}],"predecessor-version":[{"id":25864,"href":"https:\/\/www.ufmg.br\/centrocultural\/wp-json\/wp\/v2\/posts\/25862\/revisions\/25864"}],"wp:featuredmedia":[{"embeddable":true,"href":"https:\/\/www.ufmg.br\/centrocultural\/wp-json\/wp\/v2\/media\/25863"}],"wp:attachment":[{"href":"https:\/\/www.ufmg.br\/centrocultural\/wp-json\/wp\/v2\/media?parent=25862"}],"wp:term":[{"taxonomy":"category","embeddable":true,"href":"https:\/\/www.ufmg.br\/centrocultural\/wp-json\/wp\/v2\/categories?post=25862"},{"taxonomy":"post_tag","embeddable":true,"href":"https:\/\/www.ufmg.br\/centrocultural\/wp-json\/wp\/v2\/tags?post=25862"}],"curies":[{"name":"wp","href":"https:\/\/api.w.org\/{rel}","templated":true}]}}